{"id":70452,"date":"2022-11-28T15:17:21","date_gmt":"2022-11-28T18:17:21","guid":{"rendered":"http:\/\/blogdoeloiltoncajuhy.com.br\/site\/?p=70452"},"modified":"2022-11-28T15:20:49","modified_gmt":"2022-11-28T18:20:49","slug":"copa-do-mundo-selecao-nao-repete-atuacao-da-estreia-mas-vence-a-suica-e-se-classifica-para-as-oitavas","status":"publish","type":"post","link":"https:\/\/blogdoeloiltoncajuhy.com.br\/site\/copa-do-mundo-selecao-nao-repete-atuacao-da-estreia-mas-vence-a-suica-e-se-classifica-para-as-oitavas\/","title":{"rendered":"Copa do Mundo: Sele\u00e7\u00e3o n\u00e3o repete atua\u00e7\u00e3o da estreia, mas vence a Su\u00ed\u00e7a e se classifica para as oitavas"},"content":{"rendered":"\n<p><strong>Blog do Eloilton Cajuhy<\/strong><\/p>\n\n\n\n<figure class=\"wp-block-image aligncenter size-full is-resized\"><a href=\"https:\/\/i0.wp.com\/blogdoeloiltoncajuhy.com.br\/site\/wp-content\/uploads\/2022\/11\/Casemiro_Brasil-x-Suica.jpg\"><img data-recalc-dims=\"1\" fetchpriority=\"high\" decoding=\"async\" src=\"https:\/\/i0.wp.com\/blogdoeloiltoncajuhy.com.br\/site\/wp-content\/uploads\/2022\/11\/Casemiro_Brasil-x-Suica.jpg?resize=670%2C469\" alt=\"\" class=\"wp-image-70453\" width=\"670\" height=\"469\" srcset=\"https:\/\/i0.wp.com\/blogdoeloiltoncajuhy.com.br\/site\/wp-content\/uploads\/2022\/11\/Casemiro_Brasil-x-Suica.jpg?w=600&amp;ssl=1 600w, https:\/\/i0.wp.com\/blogdoeloiltoncajuhy.com.br\/site\/wp-content\/uploads\/2022\/11\/Casemiro_Brasil-x-Suica.jpg?resize=300%2C210&amp;ssl=1 300w\" sizes=\"(max-width: 670px) 100vw, 670px\" \/><\/a><figcaption class=\"wp-element-caption\"><sub>Foto: Twitter Fifa World Cup<\/sub><\/figcaption><\/figure>\n\n\n\n<p>Desta vez foi um pouco mais dif\u00edcil, mas a Sele\u00e7\u00e3o Brasileira conseguiu vencer a Su\u00ed\u00e7a por 1 x 0, no est\u00e1dio 974, em Doha, no Catar, e garantiu classifica\u00e7\u00e3o com uma rodada de anteced\u00eancia para as oitavas de final da Copa do Mundo.<\/p>\n\n\n\n<p>O gol do triunfo brasileiro foi marcado por Casemiro, aos 37 minutos do segundo tempo. Sem poder contar com o lateral direito Danilo e o atacante Neymar, Tite escalou \u00c9der Milit\u00e3o e Fred em seus respectivos lugares. Os dois tiveram atua\u00e7\u00f5es discretas. Fred chegou a ser substitu\u00eddo por Bruno Guimar\u00e3es.<\/p>\n\n\n\n<p>O time su\u00ed\u00e7o incomodou bastante a sele\u00e7\u00e3o, com marca\u00e7\u00e3o forte e, no in\u00edcio do segundo tempo, ensaiou at\u00e9 uma press\u00e3o sobre o Brasil. Aos 18 minutos, finalmente a sele\u00e7\u00e3o conseguiu, em jogada r\u00e1pida, ir pra cima de Su\u00ed\u00e7a e marcou com Vin\u00edcius Jr., mas o gol foi anulado, depois que o VAR flagrou impedimento de Richarlison no in\u00edcio do lance.<\/p>\n\n\n\n<p>A Sele\u00e7\u00e3o Brasileira volta a jogar na pr\u00f3xima sexta-feira, dia 02 de dezembro, contra Camar\u00f5es. Se confirmar a primeira coloca\u00e7\u00e3o do grupo G, pega a segunda do grupo H, no momento, a Sele\u00e7\u00e3o de Gana.<\/p>\n\n\n\n<p>O Brasil venceu a Su\u00ed\u00e7a com Alisson; \u00c9der Milit\u00e3o, Marquinhos, Thiago Silva e Alex Sandro (Alex Telles); Casemiro, Fred (Bruno Guimar\u00e3es) e Lucas Paquet\u00e1 (Rodrygo); Raphinha(Antony), Richarlison (Gabriel Jesus) e Vini Jr.<\/p>\n\n\n\n<figure class=\"wp-block-image aligncenter size-full is-resized\"><a href=\"https:\/\/i0.wp.com\/blogdoeloiltoncajuhy.com.br\/site\/wp-content\/uploads\/2022\/11\/Casemiro_Brasil-x-Suica-02.jpg\"><img data-recalc-dims=\"1\" decoding=\"async\" src=\"https:\/\/i0.wp.com\/blogdoeloiltoncajuhy.com.br\/site\/wp-content\/uploads\/2022\/11\/Casemiro_Brasil-x-Suica-02.jpg?resize=727%2C484\" alt=\"\" class=\"wp-image-70454\" width=\"727\" height=\"484\" srcset=\"https:\/\/i0.wp.com\/blogdoeloiltoncajuhy.com.br\/site\/wp-content\/uploads\/2022\/11\/Casemiro_Brasil-x-Suica-02.jpg?w=910&amp;ssl=1 910w, https:\/\/i0.wp.com\/blogdoeloiltoncajuhy.com.br\/site\/wp-content\/uploads\/2022\/11\/Casemiro_Brasil-x-Suica-02.jpg?resize=300%2C200&amp;ssl=1 300w, https:\/\/i0.wp.com\/blogdoeloiltoncajuhy.com.br\/site\/wp-content\/uploads\/2022\/11\/Casemiro_Brasil-x-Suica-02.jpg?resize=768%2C512&amp;ssl=1 768w\" sizes=\"(max-width: 727px) 100vw, 727px\" \/><\/a><figcaption class=\"wp-element-caption\"><sub>Brasil x Su\u00ed\u00e7a pela segunda rodada da fase de grupos da Copa do Mundo Catar 2022 &#8211; Cr\u00e9ditos: Lucas Figueiredo\/CBF<\/sub><\/figcaption><\/figure>\n","protected":false},"excerpt":{"rendered":"<p>Blog do Eloilton Cajuhy Desta vez foi um pouco mais dif\u00edcil, mas a Sele\u00e7\u00e3o Brasileira conseguiu vencer a Su\u00ed\u00e7a por 1 x 0, no est\u00e1dio 974, em Doha, no Catar, e garantiu classifica\u00e7\u00e3o com uma rodada de anteced\u00eancia para as oitavas de final da Copa do Mundo. O gol do triunfo brasileiro foi marcado por [&hellip;]<\/p>\n","protected":false},"author":2,"featured_media":70454,"comment_status":"open","ping_status":"open","sticky":false,"template":"","format":"standard","meta":{"_acf_changed":false,"_monsterinsights_skip_tracking":false,"_monsterinsights_sitenote_active":false,"_monsterinsights_sitenote_note":"","_monsterinsights_sitenote_category":0,"_jetpack_memberships_contains_paid_content":false,"footnotes":"","jetpack_publicize_message":"","jetpack_publicize_feature_enabled":true,"jetpack_social_post_already_shared":true,"jetpack_social_options":{"image_generator_settings":{"template":"highway","default_image_id":0,"font":"","enabled":false},"version":2}},"categories":[6],"tags":[],"class_list":["post-70452","post","type-post","status-publish","format-standard","has-post-thumbnail","hentry","category-esportes"],"acf":[],"jetpack_publicize_connections":[],"jetpack_featured_media_url":"https:\/\/i0.wp.com\/blogdoeloiltoncajuhy.com.br\/site\/wp-content\/uploads\/2022\/11\/Casemiro_Brasil-x-Suica-02.jpg?fit=910%2C607&ssl=1","jetpack_sharing_enabled":true,"publishpress_future_workflow_manual_trigger":{"enabledWorkflows":[]},"_links":{"self":[{"href":"https:\/\/blogdoeloiltoncajuhy.com.br\/site\/wp-json\/wp\/v2\/posts\/70452","targetHints":{"allow":["GET"]}}],"collection":[{"href":"https:\/\/blogdoeloiltoncajuhy.com.br\/site\/wp-json\/wp\/v2\/posts"}],"about":[{"href":"https:\/\/blogdoeloiltoncajuhy.com.br\/site\/wp-json\/wp\/v2\/types\/post"}],"author":[{"embeddable":true,"href":"https:\/\/blogdoeloiltoncajuhy.com.br\/site\/wp-json\/wp\/v2\/users\/2"}],"replies":[{"embeddable":true,"href":"https:\/\/blogdoeloiltoncajuhy.com.br\/site\/wp-json\/wp\/v2\/comments?post=70452"}],"version-history":[{"count":2,"href":"https:\/\/blogdoeloiltoncajuhy.com.br\/site\/wp-json\/wp\/v2\/posts\/70452\/revisions"}],"predecessor-version":[{"id":70457,"href":"https:\/\/blogdoeloiltoncajuhy.com.br\/site\/wp-json\/wp\/v2\/posts\/70452\/revisions\/70457"}],"wp:featuredmedia":[{"embeddable":true,"href":"https:\/\/blogdoeloiltoncajuhy.com.br\/site\/wp-json\/wp\/v2\/media\/70454"}],"wp:attachment":[{"href":"https:\/\/blogdoeloiltoncajuhy.com.br\/site\/wp-json\/wp\/v2\/media?parent=70452"}],"wp:term":[{"taxonomy":"category","embeddable":true,"href":"https:\/\/blogdoeloiltoncajuhy.com.br\/site\/wp-json\/wp\/v2\/categories?post=70452"},{"taxonomy":"post_tag","embeddable":true,"href":"https:\/\/blogdoeloiltoncajuhy.com.br\/site\/wp-json\/wp\/v2\/tags?post=70452"}],"curies":[{"name":"wp","href":"https:\/\/api.w.org\/{rel}","templated":true}]}}