{"id":70449,"date":"2022-11-28T00:15:00","date_gmt":"2022-11-28T03:15:00","guid":{"rendered":"http:\/\/blogdoeloiltoncajuhy.com.br\/site\/?p=70449"},"modified":"2022-11-27T19:44:22","modified_gmt":"2022-11-27T22:44:22","slug":"28-de-novembro-e-aniversario-do-cantor-e-pianista-brasileiro-benito-di-paula","status":"publish","type":"post","link":"https:\/\/blogdoeloiltoncajuhy.com.br\/site\/28-de-novembro-e-aniversario-do-cantor-e-pianista-brasileiro-benito-di-paula\/","title":{"rendered":"28 de novembro \u00e9 anivers\u00e1rio do cantor e pianista brasileiro Benito Di Paula"},"content":{"rendered":"\n<p><strong>Por Wikip\u00e9dia<\/strong><\/p>\n\n\n\n<figure class=\"wp-block-image aligncenter size-large is-resized\"><a href=\"https:\/\/i0.wp.com\/blogdoeloiltoncajuhy.com.br\/site\/wp-content\/uploads\/2022\/11\/Benito-di-paula_G.jpg\"><img data-recalc-dims=\"1\" fetchpriority=\"high\" decoding=\"async\" src=\"https:\/\/i0.wp.com\/blogdoeloiltoncajuhy.com.br\/site\/wp-content\/uploads\/2022\/11\/Benito-di-paula_G.jpg?resize=768%2C581\" alt=\"\" class=\"wp-image-70450\" width=\"768\" height=\"581\" srcset=\"https:\/\/i0.wp.com\/blogdoeloiltoncajuhy.com.br\/site\/wp-content\/uploads\/2022\/11\/Benito-di-paula_G.jpg?resize=1024%2C775&amp;ssl=1 1024w, https:\/\/i0.wp.com\/blogdoeloiltoncajuhy.com.br\/site\/wp-content\/uploads\/2022\/11\/Benito-di-paula_G.jpg?resize=300%2C227&amp;ssl=1 300w, https:\/\/i0.wp.com\/blogdoeloiltoncajuhy.com.br\/site\/wp-content\/uploads\/2022\/11\/Benito-di-paula_G.jpg?resize=768%2C582&amp;ssl=1 768w, https:\/\/i0.wp.com\/blogdoeloiltoncajuhy.com.br\/site\/wp-content\/uploads\/2022\/11\/Benito-di-paula_G.jpg?w=1240&amp;ssl=1 1240w\" sizes=\"(max-width: 768px) 100vw, 768px\" \/><\/a><\/figure>\n\n\n\n<p><strong>Uday Vellozo<\/strong> nasceu em Nova Friburgo-RJ, em 28 de novembro de 1941. Mais conhecido por seu nome art\u00edstico <strong>Benito di Paula<\/strong>, \u00e9 cantor, compositor, pianista e escritor brasileiro. \u00c9 conhecido pelo seu samba caracter\u00edstico que come\u00e7ou ainda quando era jovem e cantava em hot\u00e9is e boates no Rio de Janeiro, onde n\u00e3o tocava um g\u00eanero em espec\u00edfico. Foi convidado por um amigo a tocar em Santos, dando in\u00edcio \u00e0 sua carreira no Estado de S\u00e3o Paulo.<\/p>\n\n\n\n<p>Fixou moradia e formou fam\u00edlia na capital paulista, onde desenvolveu sua carreira, tornando-se o grande s\u00edmbolo do Samba. Entre os anos 70 e 80 obteve grande fama, chegando a vender 50 milh\u00f5es de discos, ao longo da carreira, sendo o 5\u00ba maior vendedor de discos do Brasil.<\/p>\n\n\n\n<p>Al\u00e9m do Brasil, vendeu discos em outros pa\u00edses, gravados em idiomas como espanhol, franc\u00eas, italiano, finland\u00eas, alem\u00e3o e outros, com um total de 4 milh\u00f5es de discos vendidos na Europa. Possui mais de 35 discos gravados, tendo parte importante de sua obra sido relan\u00e7ada em CD, devido ao seu t\u00e3o grande \u00eaxito.<\/p>\n","protected":false},"excerpt":{"rendered":"<p>Por Wikip\u00e9dia Uday Vellozo nasceu em Nova Friburgo-RJ, em 28 de novembro de 1941. Mais conhecido por seu nome art\u00edstico Benito di Paula, \u00e9 cantor, compositor, pianista e escritor brasileiro. \u00c9 conhecido pelo seu samba caracter\u00edstico que come\u00e7ou ainda quando era jovem e cantava em hot\u00e9is e boates no Rio de Janeiro, onde n\u00e3o tocava [&hellip;]<\/p>\n","protected":false},"author":2,"featured_media":70450,"comment_status":"open","ping_status":"open","sticky":false,"template":"","format":"standard","meta":{"_acf_changed":false,"_monsterinsights_skip_tracking":false,"_monsterinsights_sitenote_active":false,"_monsterinsights_sitenote_note":"","_monsterinsights_sitenote_category":0,"_jetpack_memberships_contains_paid_content":false,"footnotes":"","jetpack_publicize_message":"","jetpack_publicize_feature_enabled":true,"jetpack_social_post_already_shared":true,"jetpack_social_options":{"image_generator_settings":{"template":"highway","default_image_id":0,"font":"","enabled":false},"version":2}},"categories":[12],"tags":[],"class_list":["post-70449","post","type-post","status-publish","format-standard","has-post-thumbnail","hentry","category-gente-que-faz-a-nossa-historia"],"acf":[],"jetpack_publicize_connections":[],"jetpack_featured_media_url":"https:\/\/i0.wp.com\/blogdoeloiltoncajuhy.com.br\/site\/wp-content\/uploads\/2022\/11\/Benito-di-paula_G.jpg?fit=1240%2C939&ssl=1","jetpack_sharing_enabled":true,"publishpress_future_workflow_manual_trigger":{"enabledWorkflows":[]},"_links":{"self":[{"href":"https:\/\/blogdoeloiltoncajuhy.com.br\/site\/wp-json\/wp\/v2\/posts\/70449","targetHints":{"allow":["GET"]}}],"collection":[{"href":"https:\/\/blogdoeloiltoncajuhy.com.br\/site\/wp-json\/wp\/v2\/posts"}],"about":[{"href":"https:\/\/blogdoeloiltoncajuhy.com.br\/site\/wp-json\/wp\/v2\/types\/post"}],"author":[{"embeddable":true,"href":"https:\/\/blogdoeloiltoncajuhy.com.br\/site\/wp-json\/wp\/v2\/users\/2"}],"replies":[{"embeddable":true,"href":"https:\/\/blogdoeloiltoncajuhy.com.br\/site\/wp-json\/wp\/v2\/comments?post=70449"}],"version-history":[{"count":1,"href":"https:\/\/blogdoeloiltoncajuhy.com.br\/site\/wp-json\/wp\/v2\/posts\/70449\/revisions"}],"predecessor-version":[{"id":70451,"href":"https:\/\/blogdoeloiltoncajuhy.com.br\/site\/wp-json\/wp\/v2\/posts\/70449\/revisions\/70451"}],"wp:featuredmedia":[{"embeddable":true,"href":"https:\/\/blogdoeloiltoncajuhy.com.br\/site\/wp-json\/wp\/v2\/media\/70450"}],"wp:attachment":[{"href":"https:\/\/blogdoeloiltoncajuhy.com.br\/site\/wp-json\/wp\/v2\/media?parent=70449"}],"wp:term":[{"taxonomy":"category","embeddable":true,"href":"https:\/\/blogdoeloiltoncajuhy.com.br\/site\/wp-json\/wp\/v2\/categories?post=70449"},{"taxonomy":"post_tag","embeddable":true,"href":"https:\/\/blogdoeloiltoncajuhy.com.br\/site\/wp-json\/wp\/v2\/tags?post=70449"}],"curies":[{"name":"wp","href":"https:\/\/api.w.org\/{rel}","templated":true}]}}