{"id":70424,"date":"2022-11-27T00:15:00","date_gmt":"2022-11-27T03:15:00","guid":{"rendered":"http:\/\/blogdoeloiltoncajuhy.com.br\/site\/?p=70424"},"modified":"2022-11-26T20:53:50","modified_gmt":"2022-11-26T23:53:50","slug":"atriz-vera-fischer-completa-71-anos-neste-domingo","status":"publish","type":"post","link":"https:\/\/blogdoeloiltoncajuhy.com.br\/site\/atriz-vera-fischer-completa-71-anos-neste-domingo\/","title":{"rendered":"Atriz Vera Fischer completa 71 anos neste domingo"},"content":{"rendered":"\n<p><strong>Por Wikip\u00e9dia<\/strong><\/p>\n\n\n\n<figure class=\"wp-block-image aligncenter size-full is-resized\"><a href=\"https:\/\/i0.wp.com\/blogdoeloiltoncajuhy.com.br\/site\/wp-content\/uploads\/2022\/11\/Vera_Fischer_cropped.png\"><img data-recalc-dims=\"1\" fetchpriority=\"high\" decoding=\"async\" src=\"https:\/\/i0.wp.com\/blogdoeloiltoncajuhy.com.br\/site\/wp-content\/uploads\/2022\/11\/Vera_Fischer_cropped.png?resize=600%2C662\" alt=\"\" class=\"wp-image-70425\" width=\"600\" height=\"662\" srcset=\"https:\/\/i0.wp.com\/blogdoeloiltoncajuhy.com.br\/site\/wp-content\/uploads\/2022\/11\/Vera_Fischer_cropped.png?w=800&amp;ssl=1 800w, https:\/\/i0.wp.com\/blogdoeloiltoncajuhy.com.br\/site\/wp-content\/uploads\/2022\/11\/Vera_Fischer_cropped.png?resize=272%2C300&amp;ssl=1 272w, https:\/\/i0.wp.com\/blogdoeloiltoncajuhy.com.br\/site\/wp-content\/uploads\/2022\/11\/Vera_Fischer_cropped.png?resize=768%2C848&amp;ssl=1 768w\" sizes=\"(max-width: 600px) 100vw, 600px\" \/><\/a><figcaption class=\"wp-element-caption\"><sub>Vera Fischer durante evento na C\u00e2mara dos Deputados, em 2022 &#8211; Foto: Elaine Menke\/C\u00e2mara do Deputados<\/sub><\/figcaption><\/figure>\n\n\n\n<p><strong>Vera Fischer<\/strong> nasceu em Blumenau, Santa Catarina, em 27 de novembro de 1951. \u00c9 atriz e ex-modelo brasileira. De ascend\u00eancia alem\u00e3, Fischer come\u00e7ou sua vida profissional como modelo, sendo vencedora do concurso Miss Brasil 1969. Seu primeiro trabalho art\u00edstico foi no cinema em 1972, quando interpretou Angela em <em>Sinal Vermelho &#8211; As F\u00eameas<\/em>.<\/p>\n\n\n\n<p>Seu destaque mesmo foi no filme <em>Intimidade<\/em>, dando vida a personagem T\u00e2nia Velasco, e sendo eleita Melhor Atriz pelo Trof\u00e9u APCA. Na televis\u00e3o fez sua estreia em 1977 na telenovela <em>Espelho M\u00e1gico<\/em>, mas s\u00f3 foi reconhecida quatro anos depois, ao viver Luiza em <em>Brilhante<\/em>, garantindo indica\u00e7\u00e3o como Melhor Atriz no Trof\u00e9u Imprensa.<\/p>\n\n\n\n<p>Na TV, Vera Fischer realizou in\u00fameros pap\u00e9is em telenovelas, miniss\u00e9ries e programas, tamb\u00e9m sendo reconhecida pela indica\u00e7\u00e3o de Melhor Atriz em <em>Mandala<\/em>, <em>O Clone<\/em> e <em>La\u00e7os de Fam\u00edlia<\/em>; esta \u00faltima, por sua vez, ganhou o pr\u00eamio de Melhor Atriz de Novela pelos Melhores do Ano de 2000.<\/p>\n\n\n\n<p>No cinema destacou-se ao viver a prostituta Anna, personagem que lhe garantiu como melhor atriz no Pr\u00eamio Air France e no Festival de Bras\u00edlia. Al\u00e9m disso, Fischer tamb\u00e9m foi homenageada em 2017 com o Pr\u00eamio Sesc e, dois anos depois, com o Festival de Vit\u00f3ria e Pr\u00eamio The Winner Awards.<\/p>\n","protected":false},"excerpt":{"rendered":"<p>Por Wikip\u00e9dia Vera Fischer nasceu em Blumenau, Santa Catarina, em 27 de novembro de 1951. \u00c9 atriz e ex-modelo brasileira. De ascend\u00eancia alem\u00e3, Fischer come\u00e7ou sua vida profissional como modelo, sendo vencedora do concurso Miss Brasil 1969. Seu primeiro trabalho art\u00edstico foi no cinema em 1972, quando interpretou Angela em Sinal Vermelho &#8211; As F\u00eameas. [&hellip;]<\/p>\n","protected":false},"author":2,"featured_media":70426,"comment_status":"open","ping_status":"open","sticky":false,"template":"","format":"standard","meta":{"_acf_changed":false,"_monsterinsights_skip_tracking":false,"_monsterinsights_sitenote_active":false,"_monsterinsights_sitenote_note":"","_monsterinsights_sitenote_category":0,"_jetpack_memberships_contains_paid_content":false,"footnotes":"","jetpack_publicize_message":"","jetpack_publicize_feature_enabled":true,"jetpack_social_post_already_shared":true,"jetpack_social_options":{"image_generator_settings":{"template":"highway","default_image_id":0,"font":"","enabled":false},"version":2}},"categories":[12],"tags":[],"class_list":["post-70424","post","type-post","status-publish","format-standard","has-post-thumbnail","hentry","category-gente-que-faz-a-nossa-historia"],"acf":[],"jetpack_publicize_connections":[],"jetpack_featured_media_url":"https:\/\/i0.wp.com\/blogdoeloiltoncajuhy.com.br\/site\/wp-content\/uploads\/2022\/11\/lacos-de-familia-vera-fischer-helena-14091.jpg?fit=1360%2C640&ssl=1","jetpack_sharing_enabled":true,"publishpress_future_workflow_manual_trigger":{"enabledWorkflows":[]},"_links":{"self":[{"href":"https:\/\/blogdoeloiltoncajuhy.com.br\/site\/wp-json\/wp\/v2\/posts\/70424","targetHints":{"allow":["GET"]}}],"collection":[{"href":"https:\/\/blogdoeloiltoncajuhy.com.br\/site\/wp-json\/wp\/v2\/posts"}],"about":[{"href":"https:\/\/blogdoeloiltoncajuhy.com.br\/site\/wp-json\/wp\/v2\/types\/post"}],"author":[{"embeddable":true,"href":"https:\/\/blogdoeloiltoncajuhy.com.br\/site\/wp-json\/wp\/v2\/users\/2"}],"replies":[{"embeddable":true,"href":"https:\/\/blogdoeloiltoncajuhy.com.br\/site\/wp-json\/wp\/v2\/comments?post=70424"}],"version-history":[{"count":1,"href":"https:\/\/blogdoeloiltoncajuhy.com.br\/site\/wp-json\/wp\/v2\/posts\/70424\/revisions"}],"predecessor-version":[{"id":70427,"href":"https:\/\/blogdoeloiltoncajuhy.com.br\/site\/wp-json\/wp\/v2\/posts\/70424\/revisions\/70427"}],"wp:featuredmedia":[{"embeddable":true,"href":"https:\/\/blogdoeloiltoncajuhy.com.br\/site\/wp-json\/wp\/v2\/media\/70426"}],"wp:attachment":[{"href":"https:\/\/blogdoeloiltoncajuhy.com.br\/site\/wp-json\/wp\/v2\/media?parent=70424"}],"wp:term":[{"taxonomy":"category","embeddable":true,"href":"https:\/\/blogdoeloiltoncajuhy.com.br\/site\/wp-json\/wp\/v2\/categories?post=70424"},{"taxonomy":"post_tag","embeddable":true,"href":"https:\/\/blogdoeloiltoncajuhy.com.br\/site\/wp-json\/wp\/v2\/tags?post=70424"}],"curies":[{"name":"wp","href":"https:\/\/api.w.org\/{rel}","templated":true}]}}