{"id":70352,"date":"2022-11-23T11:00:00","date_gmt":"2022-11-23T14:00:00","guid":{"rendered":"http:\/\/blogdoeloiltoncajuhy.com.br\/site\/?p=70352"},"modified":"2022-11-22T19:06:12","modified_gmt":"2022-11-22T22:06:12","slug":"projeto-sus-deve-cobrir-implantes-no-coracao","status":"publish","type":"post","link":"https:\/\/blogdoeloiltoncajuhy.com.br\/site\/projeto-sus-deve-cobrir-implantes-no-coracao\/","title":{"rendered":"Projeto &#8211; SUS deve cobrir implantes no cora\u00e7\u00e3o"},"content":{"rendered":"\n<p class=\"has-text-align-center\"><em>O Sistema \u00danico de Sa\u00fade deve cobrir implantes de pr\u00f3tese, por meio de cateter, no cora\u00e7\u00e3o. \u00c9 o que diz proposta votada na Comiss\u00e3o de Assuntos Econ\u00f4micos e que segue para a an\u00e1lise do Plen\u00e1rio do Senado.<\/em><\/p>\n\n\n\n<p><strong>Da R\u00e1dio Senado, Bruno Louren\u00e7o<\/strong><\/p>\n\n\n\n<figure class=\"wp-block-image aligncenter size-full\"><a href=\"https:\/\/i0.wp.com\/blogdoeloiltoncajuhy.com.br\/site\/wp-content\/uploads\/2022\/11\/SUS-Coracao-implante.jpeg\"><img data-recalc-dims=\"1\" fetchpriority=\"high\" decoding=\"async\" width=\"675\" height=\"450\" src=\"https:\/\/i0.wp.com\/blogdoeloiltoncajuhy.com.br\/site\/wp-content\/uploads\/2022\/11\/SUS-Coracao-implante.jpeg?resize=675%2C450\" alt=\"\" class=\"wp-image-70353\" srcset=\"https:\/\/i0.wp.com\/blogdoeloiltoncajuhy.com.br\/site\/wp-content\/uploads\/2022\/11\/SUS-Coracao-implante.jpeg?w=675&amp;ssl=1 675w, https:\/\/i0.wp.com\/blogdoeloiltoncajuhy.com.br\/site\/wp-content\/uploads\/2022\/11\/SUS-Coracao-implante.jpeg?resize=300%2C200&amp;ssl=1 300w\" sizes=\"(max-width: 675px) 100vw, 675px\" \/><\/a><figcaption class=\"wp-element-caption\"><sub>Getty Images\/iStockphoto\/direitos reservados<\/sub><\/figcaption><\/figure>\n\n\n\n<p>O projeto de lei diz que o procedimento de implante de pr\u00f3tese valvar a\u00f3rtica, por meio de cateter, deve ser ofertado pelo Sistema \u00danico de Sa\u00fade (SUS) aos indiv\u00edduos com estenose da valva a\u00f3rtica, desde que exista contraindica\u00e7\u00e3o ao tratamento cir\u00fargico convencional. O senador Otto Alencar, do PSD da Bahia, disse que \u00e9 uma medida de grande interesse p\u00fablico.<\/p>\n\n\n\n<p>&#8220;Acho que \u00e9 mat\u00e9ria importante sobretudo pro Sistema \u00danico de Sa\u00fade onde as les\u00f5es de v\u00e1lvulas do cora\u00e7\u00e3o s\u00e3o muito frequentes e o tratamento tem que ser custeado para as pessoas de menor poder aquisitivo, economicamente mais fraca, para terem a condi\u00e7\u00e3o com a interven\u00e7\u00e3o cir\u00fargica de ter uma sobrevida compat\u00edvel com o tratamento executado&#8221;, disse o senador baiano.<\/p>\n\n\n\n<p>O projeto foi aprovado pelo Senado em 2016, mas os deputados mudaram a proposta para discriminar que os recursos deveriam vir do or\u00e7amento do Minist\u00e9rio da Sa\u00fade para procedimentos de m\u00e9dia e alta complexidade. A emenda da C\u00e2mara foi derrubada na Comiss\u00e3o de Assuntos Sociais do Senado j\u00e1 que poderia limitar a realiza\u00e7\u00e3o dos implantes. A Comiss\u00e3o de Assuntos Econ\u00f4micos manteve esse entendimento, rejeitou a altera\u00e7\u00e3o dos deputados e retomou o projeto original. A proposta agora ser\u00e1 votada pelo Plen\u00e1rio do Senado.<\/p>\n","protected":false},"excerpt":{"rendered":"<p>O Sistema \u00danico de Sa\u00fade deve cobrir implantes de pr\u00f3tese, por meio de cateter, no cora\u00e7\u00e3o. \u00c9 o que diz proposta votada na Comiss\u00e3o de Assuntos Econ\u00f4micos e que segue para a an\u00e1lise do Plen\u00e1rio do Senado. Da R\u00e1dio Senado, Bruno Louren\u00e7o O projeto de lei diz que o procedimento de implante de pr\u00f3tese valvar [&hellip;]<\/p>\n","protected":false},"author":2,"featured_media":70353,"comment_status":"open","ping_status":"open","sticky":false,"template":"","format":"standard","meta":{"_acf_changed":false,"_monsterinsights_skip_tracking":false,"_monsterinsights_sitenote_active":false,"_monsterinsights_sitenote_note":"","_monsterinsights_sitenote_category":0,"_jetpack_memberships_contains_paid_content":false,"footnotes":"","jetpack_publicize_message":"","jetpack_publicize_feature_enabled":true,"jetpack_social_post_already_shared":true,"jetpack_social_options":{"image_generator_settings":{"template":"highway","default_image_id":0,"font":"","enabled":false},"version":2}},"categories":[3],"tags":[],"class_list":["post-70352","post","type-post","status-publish","format-standard","has-post-thumbnail","hentry","category-politica"],"acf":[],"jetpack_publicize_connections":[],"jetpack_featured_media_url":"https:\/\/i0.wp.com\/blogdoeloiltoncajuhy.com.br\/site\/wp-content\/uploads\/2022\/11\/SUS-Coracao-implante.jpeg?fit=675%2C450&ssl=1","jetpack_sharing_enabled":true,"publishpress_future_workflow_manual_trigger":{"enabledWorkflows":[]},"_links":{"self":[{"href":"https:\/\/blogdoeloiltoncajuhy.com.br\/site\/wp-json\/wp\/v2\/posts\/70352","targetHints":{"allow":["GET"]}}],"collection":[{"href":"https:\/\/blogdoeloiltoncajuhy.com.br\/site\/wp-json\/wp\/v2\/posts"}],"about":[{"href":"https:\/\/blogdoeloiltoncajuhy.com.br\/site\/wp-json\/wp\/v2\/types\/post"}],"author":[{"embeddable":true,"href":"https:\/\/blogdoeloiltoncajuhy.com.br\/site\/wp-json\/wp\/v2\/users\/2"}],"replies":[{"embeddable":true,"href":"https:\/\/blogdoeloiltoncajuhy.com.br\/site\/wp-json\/wp\/v2\/comments?post=70352"}],"version-history":[{"count":1,"href":"https:\/\/blogdoeloiltoncajuhy.com.br\/site\/wp-json\/wp\/v2\/posts\/70352\/revisions"}],"predecessor-version":[{"id":70354,"href":"https:\/\/blogdoeloiltoncajuhy.com.br\/site\/wp-json\/wp\/v2\/posts\/70352\/revisions\/70354"}],"wp:featuredmedia":[{"embeddable":true,"href":"https:\/\/blogdoeloiltoncajuhy.com.br\/site\/wp-json\/wp\/v2\/media\/70353"}],"wp:attachment":[{"href":"https:\/\/blogdoeloiltoncajuhy.com.br\/site\/wp-json\/wp\/v2\/media?parent=70352"}],"wp:term":[{"taxonomy":"category","embeddable":true,"href":"https:\/\/blogdoeloiltoncajuhy.com.br\/site\/wp-json\/wp\/v2\/categories?post=70352"},{"taxonomy":"post_tag","embeddable":true,"href":"https:\/\/blogdoeloiltoncajuhy.com.br\/site\/wp-json\/wp\/v2\/tags?post=70352"}],"curies":[{"name":"wp","href":"https:\/\/api.w.org\/{rel}","templated":true}]}}