{"id":70346,"date":"2022-11-23T07:00:00","date_gmt":"2022-11-23T10:00:00","guid":{"rendered":"http:\/\/blogdoeloiltoncajuhy.com.br\/site\/?p=70346"},"modified":"2022-11-22T18:53:18","modified_gmt":"2022-11-22T21:53:18","slug":"encabecada-por-jaques-wagner-lista-do-pt-baiano-na-transicao-de-lula-aumenta","status":"publish","type":"post","link":"https:\/\/blogdoeloiltoncajuhy.com.br\/site\/encabecada-por-jaques-wagner-lista-do-pt-baiano-na-transicao-de-lula-aumenta\/","title":{"rendered":"Encabe\u00e7ada por Jaques Wagner, lista do PT baiano na transi\u00e7\u00e3o de Lula aumenta"},"content":{"rendered":"\n<p><strong>Ascom PT Bahia<\/strong><\/p>\n\n\n\n<figure class=\"wp-block-image aligncenter size-large\"><a href=\"https:\/\/i0.wp.com\/blogdoeloiltoncajuhy.com.br\/site\/wp-content\/uploads\/2022\/11\/Parlamentares-do-PT-Bahia-02.jpeg\"><img data-recalc-dims=\"1\" fetchpriority=\"high\" decoding=\"async\" width=\"800\" height=\"450\" src=\"https:\/\/i0.wp.com\/blogdoeloiltoncajuhy.com.br\/site\/wp-content\/uploads\/2022\/11\/Parlamentares-do-PT-Bahia-02.jpeg?resize=800%2C450\" alt=\"\" class=\"wp-image-70347\" srcset=\"https:\/\/i0.wp.com\/blogdoeloiltoncajuhy.com.br\/site\/wp-content\/uploads\/2022\/11\/Parlamentares-do-PT-Bahia-02.jpeg?resize=1024%2C576&amp;ssl=1 1024w, https:\/\/i0.wp.com\/blogdoeloiltoncajuhy.com.br\/site\/wp-content\/uploads\/2022\/11\/Parlamentares-do-PT-Bahia-02.jpeg?resize=300%2C169&amp;ssl=1 300w, https:\/\/i0.wp.com\/blogdoeloiltoncajuhy.com.br\/site\/wp-content\/uploads\/2022\/11\/Parlamentares-do-PT-Bahia-02.jpeg?resize=768%2C432&amp;ssl=1 768w, https:\/\/i0.wp.com\/blogdoeloiltoncajuhy.com.br\/site\/wp-content\/uploads\/2022\/11\/Parlamentares-do-PT-Bahia-02.jpeg?w=1280&amp;ssl=1 1280w\" sizes=\"(max-width: 800px) 100vw, 800px\" \/><\/a><\/figure>\n\n\n\n<p>Com a indica\u00e7\u00e3o do senador Jaques Wagner para compor a equipe de transi\u00e7\u00e3o no grupo t\u00e9cnico intitulado \u201cCentro de Governo\u201d do presidente eleito, Luiz In\u00e1cio Lula da Silva, outros nomes de parlamentares do Partido dos Trabalhadores da Bahia tamb\u00e9m foram indicados para compor a equipe de transi\u00e7\u00e3o.<\/p>\n\n\n\n<p>Em nota, o senador Wagner afirmou: &#8220;Honrado com o convite do presidente Lula e do vice-presidente Alckmin para contribuir com a transi\u00e7\u00e3o de governo. Coloco minha experi\u00eancia pol\u00edtica de parlamentar, ex-governador e ex-ministro \u00e0 disposi\u00e7\u00e3o para contribuir com esse importante momento de reconstru\u00e7\u00e3o do Brasil&#8221;.<\/p>\n\n\n\n<p>Entre os pol\u00edticos baianos do Partido dos Trabalhadores que foram anunciados pelo vice-presidente eleito, Geraldo Alckimin, est\u00e3o os deputados federais Afonso Florence (PT) e Waldenor Pereira (PT) nos grupos de cidades, o deputado federal Z\u00e9 Neto para a Ind\u00fastria, Com\u00e9rcio e Servi\u00e7os, al\u00e9m do deputado federal Jorge Solla, que foi oficialmente nomeado para integrar o grupo de sa\u00fade.<\/p>\n\n\n\n<p>Jorge Solla agradeceu o convite e afirmou que os trabalhos foram iniciados logo ap\u00f3s a vit\u00f3ria de Lula no segundo turno. \u201cVamos aprofundar nossa participa\u00e7\u00e3o nesse trabalho, para arrumar a casa e garantir que, j\u00e1 nos primeiros dias de governo, o povo brasileiro sinta a resposta na melhoria dos servi\u00e7os de sa\u00fade\u201d, afirmou o parlamentar, que destacou os grandes desafios que a equipe enfrentar\u00e1 por conta do descaso do governo de Jair Bolsonaro: \u201cOs desafios s\u00e3o gigantes e lamentavelmente o or\u00e7amento da sa\u00fade deixado por Bolsonaro est\u00e1 subdimensionado em cerca de R$ 23 milh\u00f5es. Vamos atuar em nosso mandato para recompor o or\u00e7amento\u201d.<\/p>\n","protected":false},"excerpt":{"rendered":"<p>Ascom PT Bahia Com a indica\u00e7\u00e3o do senador Jaques Wagner para compor a equipe de transi\u00e7\u00e3o no grupo t\u00e9cnico intitulado \u201cCentro de Governo\u201d do presidente eleito, Luiz In\u00e1cio Lula da Silva, outros nomes de parlamentares do Partido dos Trabalhadores da Bahia tamb\u00e9m foram indicados para compor a equipe de transi\u00e7\u00e3o. Em nota, o senador Wagner [&hellip;]<\/p>\n","protected":false},"author":2,"featured_media":70347,"comment_status":"open","ping_status":"open","sticky":false,"template":"","format":"standard","meta":{"_acf_changed":false,"_monsterinsights_skip_tracking":false,"_monsterinsights_sitenote_active":false,"_monsterinsights_sitenote_note":"","_monsterinsights_sitenote_category":0,"_jetpack_memberships_contains_paid_content":false,"footnotes":"","jetpack_publicize_message":"","jetpack_publicize_feature_enabled":true,"jetpack_social_post_already_shared":true,"jetpack_social_options":{"image_generator_settings":{"template":"highway","default_image_id":0,"font":"","enabled":false},"version":2}},"categories":[3],"tags":[],"class_list":["post-70346","post","type-post","status-publish","format-standard","has-post-thumbnail","hentry","category-politica"],"acf":[],"jetpack_publicize_connections":[],"jetpack_featured_media_url":"https:\/\/i0.wp.com\/blogdoeloiltoncajuhy.com.br\/site\/wp-content\/uploads\/2022\/11\/Parlamentares-do-PT-Bahia-02.jpeg?fit=1280%2C720&ssl=1","jetpack_sharing_enabled":true,"publishpress_future_workflow_manual_trigger":{"enabledWorkflows":[]},"_links":{"self":[{"href":"https:\/\/blogdoeloiltoncajuhy.com.br\/site\/wp-json\/wp\/v2\/posts\/70346","targetHints":{"allow":["GET"]}}],"collection":[{"href":"https:\/\/blogdoeloiltoncajuhy.com.br\/site\/wp-json\/wp\/v2\/posts"}],"about":[{"href":"https:\/\/blogdoeloiltoncajuhy.com.br\/site\/wp-json\/wp\/v2\/types\/post"}],"author":[{"embeddable":true,"href":"https:\/\/blogdoeloiltoncajuhy.com.br\/site\/wp-json\/wp\/v2\/users\/2"}],"replies":[{"embeddable":true,"href":"https:\/\/blogdoeloiltoncajuhy.com.br\/site\/wp-json\/wp\/v2\/comments?post=70346"}],"version-history":[{"count":1,"href":"https:\/\/blogdoeloiltoncajuhy.com.br\/site\/wp-json\/wp\/v2\/posts\/70346\/revisions"}],"predecessor-version":[{"id":70348,"href":"https:\/\/blogdoeloiltoncajuhy.com.br\/site\/wp-json\/wp\/v2\/posts\/70346\/revisions\/70348"}],"wp:featuredmedia":[{"embeddable":true,"href":"https:\/\/blogdoeloiltoncajuhy.com.br\/site\/wp-json\/wp\/v2\/media\/70347"}],"wp:attachment":[{"href":"https:\/\/blogdoeloiltoncajuhy.com.br\/site\/wp-json\/wp\/v2\/media?parent=70346"}],"wp:term":[{"taxonomy":"category","embeddable":true,"href":"https:\/\/blogdoeloiltoncajuhy.com.br\/site\/wp-json\/wp\/v2\/categories?post=70346"},{"taxonomy":"post_tag","embeddable":true,"href":"https:\/\/blogdoeloiltoncajuhy.com.br\/site\/wp-json\/wp\/v2\/tags?post=70346"}],"curies":[{"name":"wp","href":"https:\/\/api.w.org\/{rel}","templated":true}]}}