{"id":70341,"date":"2022-11-23T01:00:00","date_gmt":"2022-11-23T04:00:00","guid":{"rendered":"http:\/\/blogdoeloiltoncajuhy.com.br\/site\/?p=70341"},"modified":"2022-11-22T17:12:21","modified_gmt":"2022-11-22T20:12:21","slug":"23-de-novembro-os-60-anos-de-carlinhos-brown","status":"publish","type":"post","link":"https:\/\/blogdoeloiltoncajuhy.com.br\/site\/23-de-novembro-os-60-anos-de-carlinhos-brown\/","title":{"rendered":"23 de novembro &#8211; Os 60 anos de Carlinhos Brown"},"content":{"rendered":"\n<p><strong>Por Wikip\u00e9dia<\/strong><\/p>\n\n\n\n<figure class=\"wp-block-image aligncenter size-full is-resized\"><a href=\"https:\/\/i0.wp.com\/blogdoeloiltoncajuhy.com.br\/site\/wp-content\/uploads\/2017\/07\/carlinhos-brown-1.jpg\"><img data-recalc-dims=\"1\" fetchpriority=\"high\" decoding=\"async\" src=\"https:\/\/i0.wp.com\/blogdoeloiltoncajuhy.com.br\/site\/wp-content\/uploads\/2017\/07\/carlinhos-brown-1.jpg?resize=723%2C422\" alt=\"\" class=\"wp-image-18758\" width=\"723\" height=\"422\" srcset=\"https:\/\/i0.wp.com\/blogdoeloiltoncajuhy.com.br\/site\/wp-content\/uploads\/2017\/07\/carlinhos-brown-1.jpg?w=600&amp;ssl=1 600w, https:\/\/i0.wp.com\/blogdoeloiltoncajuhy.com.br\/site\/wp-content\/uploads\/2017\/07\/carlinhos-brown-1.jpg?resize=300%2C175&amp;ssl=1 300w, https:\/\/i0.wp.com\/blogdoeloiltoncajuhy.com.br\/site\/wp-content\/uploads\/2017\/07\/carlinhos-brown-1.jpg?resize=250%2C146&amp;ssl=1 250w\" sizes=\"(max-width: 723px) 100vw, 723px\" \/><\/a><\/figure>\n\n\n\n<p><strong>Ant\u00f4nio Carlos Santos de Freitas<\/strong> nasceu em Salvador, no dia 23 de novembro de 1962. Carlinhos Brown \u00e9 cantor, compositor, produtor musical, arranjador, percussionista, multi-instrumentista e artista visual brasileiro. Internacionalmente reconhecido por sua contribui\u00e7\u00e3o na m\u00fasica popular brasileira, foi o primeiro brasileiro a fazer parte da Academia do \u00d3scar e a receber os t\u00edtulos de Embaixador Ibero-Americano para a Cultura e Embaixador da Justi\u00e7a Restaurativa da Bahia.<\/p>\n\n\n\n<p>Ao longo de sua trajet\u00f3ria, promoveu diversas revitaliza\u00e7\u00f5es r\u00edtmicas, desenvolvendo ricas e significativas conex\u00f5es com suas ra\u00edzes ancestrais. Participou diretamente dos primeiros arranjos que originaram o ax\u00e9 music e o samba-reggae, compondo a partir da\u00ed centenas de sucessos, e criando conte\u00fados art\u00edsticos revigorantes para a cena da m\u00fasica pop brasileira que reverberam mundo afora, a exemplo da Timbalada, movimento percussivo vivo nascido nos anos 90.<\/p>\n\n\n\n<figure class=\"wp-block-image aligncenter size-full is-resized\"><a href=\"https:\/\/i0.wp.com\/blogdoeloiltoncajuhy.com.br\/site\/wp-content\/uploads\/2016\/02\/carlinhos-brown.jpg\"><img data-recalc-dims=\"1\" decoding=\"async\" src=\"https:\/\/i0.wp.com\/blogdoeloiltoncajuhy.com.br\/site\/wp-content\/uploads\/2016\/02\/carlinhos-brown.jpg?resize=659%2C527\" alt=\"\" class=\"wp-image-7503\" width=\"659\" height=\"527\" srcset=\"https:\/\/i0.wp.com\/blogdoeloiltoncajuhy.com.br\/site\/wp-content\/uploads\/2016\/02\/carlinhos-brown.jpg?w=593&amp;ssl=1 593w, https:\/\/i0.wp.com\/blogdoeloiltoncajuhy.com.br\/site\/wp-content\/uploads\/2016\/02\/carlinhos-brown.jpg?resize=300%2C240&amp;ssl=1 300w, https:\/\/i0.wp.com\/blogdoeloiltoncajuhy.com.br\/site\/wp-content\/uploads\/2016\/02\/carlinhos-brown.jpg?resize=250%2C200&amp;ssl=1 250w\" sizes=\"(max-width: 659px) 100vw, 659px\" \/><\/a><\/figure>\n\n\n\n<p>Formou mais de 15 mil m\u00fasicos espalhados pelo mundo e, entre os diversos pr\u00eamios recebidos em toda carreira, destacam-se um Pr\u00eamio Goya, dois Grammy&#8217;s Latinos e 08 indica\u00e7\u00f5es, al\u00e9m do trof\u00e9u entregue em reconhecimento \u00e0 sua atua\u00e7\u00e3o como arte-educador pela ISME &#8211; Sociedade Internacional de Educa\u00e7\u00e3o Musical.<\/p>\n\n\n\n<p>Entre os int\u00e9rpretes e parceiros de composi\u00e7\u00f5es de Brown, se encontram artistas importantes da m\u00fasica brasileira, como Marisa Monte, Arnaldo Antunes, S\u00e9rgio Mendes, Daniela Mercury, Margareth Menezes, Ivete Sangalo, Caetano Veloso, Gilberto Gil, Maria Beth\u00e2nia, Gal Costa, Elba Ramalho, Milton Nascimento, Djavan, Nando Reis, C\u00e1ssia Eller, Zizi Possi, Elza Soares, Ney Matogrosso, Rita Lee e Faf\u00e1 de Bel\u00e9m, al\u00e9m de bandas como Os Paralamas do Sucesso e Sepultura, e artistas internacionais como Shakira, Josh Groban e Ang\u00e9lique Kidjo.<\/p>\n","protected":false},"excerpt":{"rendered":"<p>Por Wikip\u00e9dia Ant\u00f4nio Carlos Santos de Freitas nasceu em Salvador, no dia 23 de novembro de 1962. Carlinhos Brown \u00e9 cantor, compositor, produtor musical, arranjador, percussionista, multi-instrumentista e artista visual brasileiro. Internacionalmente reconhecido por sua contribui\u00e7\u00e3o na m\u00fasica popular brasileira, foi o primeiro brasileiro a fazer parte da Academia do \u00d3scar e a receber os [&hellip;]<\/p>\n","protected":false},"author":2,"featured_media":5884,"comment_status":"open","ping_status":"open","sticky":false,"template":"","format":"standard","meta":{"_acf_changed":false,"_monsterinsights_skip_tracking":false,"_monsterinsights_sitenote_active":false,"_monsterinsights_sitenote_note":"","_monsterinsights_sitenote_category":0,"_jetpack_memberships_contains_paid_content":false,"footnotes":"","jetpack_publicize_message":"","jetpack_publicize_feature_enabled":true,"jetpack_social_post_already_shared":true,"jetpack_social_options":{"image_generator_settings":{"template":"highway","default_image_id":0,"font":"","enabled":false},"version":2}},"categories":[12],"tags":[],"class_list":["post-70341","post","type-post","status-publish","format-standard","has-post-thumbnail","hentry","category-gente-que-faz-a-nossa-historia"],"acf":[],"jetpack_publicize_connections":[],"jetpack_featured_media_url":"https:\/\/i0.wp.com\/blogdoeloiltoncajuhy.com.br\/site\/wp-content\/uploads\/2015\/11\/Carlinhos300.jpg?fit=300%2C300&ssl=1","jetpack_sharing_enabled":true,"publishpress_future_workflow_manual_trigger":{"enabledWorkflows":[]},"_links":{"self":[{"href":"https:\/\/blogdoeloiltoncajuhy.com.br\/site\/wp-json\/wp\/v2\/posts\/70341","targetHints":{"allow":["GET"]}}],"collection":[{"href":"https:\/\/blogdoeloiltoncajuhy.com.br\/site\/wp-json\/wp\/v2\/posts"}],"about":[{"href":"https:\/\/blogdoeloiltoncajuhy.com.br\/site\/wp-json\/wp\/v2\/types\/post"}],"author":[{"embeddable":true,"href":"https:\/\/blogdoeloiltoncajuhy.com.br\/site\/wp-json\/wp\/v2\/users\/2"}],"replies":[{"embeddable":true,"href":"https:\/\/blogdoeloiltoncajuhy.com.br\/site\/wp-json\/wp\/v2\/comments?post=70341"}],"version-history":[{"count":1,"href":"https:\/\/blogdoeloiltoncajuhy.com.br\/site\/wp-json\/wp\/v2\/posts\/70341\/revisions"}],"predecessor-version":[{"id":70342,"href":"https:\/\/blogdoeloiltoncajuhy.com.br\/site\/wp-json\/wp\/v2\/posts\/70341\/revisions\/70342"}],"wp:featuredmedia":[{"embeddable":true,"href":"https:\/\/blogdoeloiltoncajuhy.com.br\/site\/wp-json\/wp\/v2\/media\/5884"}],"wp:attachment":[{"href":"https:\/\/blogdoeloiltoncajuhy.com.br\/site\/wp-json\/wp\/v2\/media?parent=70341"}],"wp:term":[{"taxonomy":"category","embeddable":true,"href":"https:\/\/blogdoeloiltoncajuhy.com.br\/site\/wp-json\/wp\/v2\/categories?post=70341"},{"taxonomy":"post_tag","embeddable":true,"href":"https:\/\/blogdoeloiltoncajuhy.com.br\/site\/wp-json\/wp\/v2\/tags?post=70341"}],"curies":[{"name":"wp","href":"https:\/\/api.w.org\/{rel}","templated":true}]}}