{"id":70339,"date":"2022-11-23T00:15:00","date_gmt":"2022-11-23T03:15:00","guid":{"rendered":"http:\/\/blogdoeloiltoncajuhy.com.br\/site\/?p=70339"},"modified":"2022-11-22T17:04:17","modified_gmt":"2022-11-22T20:04:17","slug":"23-11-dia-nacional-de-combate-ao-cancer-infantil","status":"publish","type":"post","link":"https:\/\/blogdoeloiltoncajuhy.com.br\/site\/23-11-dia-nacional-de-combate-ao-cancer-infantil\/","title":{"rendered":"23\/11 \u2013 Dia Nacional de Combate ao C\u00e2ncer Infantil"},"content":{"rendered":"\n<figure class=\"wp-block-image aligncenter size-full is-resized\"><a href=\"https:\/\/i0.wp.com\/blogdoeloiltoncajuhy.com.br\/site\/wp-content\/uploads\/2016\/12\/cancer-infantojuvenil.jpg\"><img data-recalc-dims=\"1\" fetchpriority=\"high\" decoding=\"async\" src=\"https:\/\/i0.wp.com\/blogdoeloiltoncajuhy.com.br\/site\/wp-content\/uploads\/2016\/12\/cancer-infantojuvenil.jpg?resize=652%2C356\" alt=\"\" class=\"wp-image-14387\" width=\"652\" height=\"356\" srcset=\"https:\/\/i0.wp.com\/blogdoeloiltoncajuhy.com.br\/site\/wp-content\/uploads\/2016\/12\/cancer-infantojuvenil.jpg?w=500&amp;ssl=1 500w, https:\/\/i0.wp.com\/blogdoeloiltoncajuhy.com.br\/site\/wp-content\/uploads\/2016\/12\/cancer-infantojuvenil.jpg?resize=300%2C164&amp;ssl=1 300w, https:\/\/i0.wp.com\/blogdoeloiltoncajuhy.com.br\/site\/wp-content\/uploads\/2016\/12\/cancer-infantojuvenil.jpg?resize=250%2C137&amp;ssl=1 250w\" sizes=\"(max-width: 652px) 100vw, 652px\" \/><\/a><\/figure>\n\n\n\n<p>O c\u00e2ncer infantil corresponde a um grupo de v\u00e1rias doen\u00e7as que t\u00eam em comum a prolifera\u00e7\u00e3o descontrolada de c\u00e9lulas anormais e que pode ocorrer em qualquer local do organismo. Os tumores mais frequentes na inf\u00e2ncia e na adolesc\u00eancia s\u00e3o as leucemias (que afeta os gl\u00f3bulos brancos), os do sistema nervoso central e linfomas (sistema linf\u00e1tico).<\/p>\n\n\n\n<p>Tamb\u00e9m acometem crian\u00e7as e adolescentes o neuroblastoma (tumor de c\u00e9lulas do sistema nervoso perif\u00e9rico, frequentemente de localiza\u00e7\u00e3o abdominal), tumor de Wilms (tipo de tumor renal), retinoblastoma (afeta a retina, fundo do olho), tumor germinativo (das c\u00e9lulas que v\u00e3o dar origem aos ov\u00e1rios ou aos test\u00edculos), osteossarcoma (tumor \u00f3sseo) e sarcomas (tumores de partes moles).<\/p>\n\n\n\n<p>Assim como em pa\u00edses desenvolvidos, no Brasil, o c\u00e2ncer j\u00e1 representa a primeira causa de morte (8% do total) por doen\u00e7a entre crian\u00e7as e adolescentes de 1 a 19 anos.<\/p>\n\n\n\n<p>Nas \u00faltimas quatro d\u00e9cadas, o progresso no tratamento do c\u00e2ncer na inf\u00e2ncia e na adolesc\u00eancia foi extremamente significativo. Hoje, em torno de 80% das crian\u00e7as e adolescentes acometidos de c\u00e2ncer podem ser curados, se diagnosticados precocemente e tratados em centros especializados. A maioria deles ter\u00e1 boa qualidade de vida ap\u00f3s o tratamento adequado.<\/p>\n\n\n\n<p class=\"has-black-color has-text-color\"><strong>A data foi institu\u00edda com os seguintes objetivos:<\/strong><\/p>\n\n\n\n<p>\u2013 estimular a\u00e7\u00f5es educativas e preventivas relacionadas ao c\u00e2ncer infantil;<br>\u2013 promover debates e outros eventos sobre as pol\u00edticas p\u00fablicas de aten\u00e7\u00e3o integral \u00e0s crian\u00e7as com c\u00e2ncer;<br>\u2013 apoiar as atividades organizadas e desenvolvidas pela sociedade civil em prol das crian\u00e7as com c\u00e2ncer;<br>\u2013 difundir os avan\u00e7os t\u00e9cnico-cient\u00edficos relacionados ao c\u00e2ncer infantil;<br>\u2013 apoiar as crian\u00e7as com c\u00e2ncer e seus familiares.<\/p>\n\n\n\n<p>Data institu\u00edda pela Lei n\u00ba 11.650\/2.008.<\/p>\n\n\n\n<p class=\"has-black-color has-text-color\"><strong>Fonte:<\/strong><\/p>\n\n\n\n<p>Instituto Nacional de C\u00e2ncer Jos\u00e9 Alencar Gomes da Silva<\/p>\n","protected":false},"excerpt":{"rendered":"<p>O c\u00e2ncer infantil corresponde a um grupo de v\u00e1rias doen\u00e7as que t\u00eam em comum a prolifera\u00e7\u00e3o descontrolada de c\u00e9lulas anormais e que pode ocorrer em qualquer local do organismo. Os tumores mais frequentes na inf\u00e2ncia e na adolesc\u00eancia s\u00e3o as leucemias (que afeta os gl\u00f3bulos brancos), os do sistema nervoso central e linfomas (sistema linf\u00e1tico). [&hellip;]<\/p>\n","protected":false},"author":2,"featured_media":14387,"comment_status":"open","ping_status":"open","sticky":false,"template":"","format":"standard","meta":{"_acf_changed":false,"_monsterinsights_skip_tracking":false,"_monsterinsights_sitenote_active":false,"_monsterinsights_sitenote_note":"","_monsterinsights_sitenote_category":0,"_jetpack_memberships_contains_paid_content":false,"footnotes":"","jetpack_publicize_message":"","jetpack_publicize_feature_enabled":true,"jetpack_social_post_already_shared":true,"jetpack_social_options":{"image_generator_settings":{"template":"highway","default_image_id":0,"font":"","enabled":false},"version":2}},"categories":[7],"tags":[],"class_list":["post-70339","post","type-post","status-publish","format-standard","has-post-thumbnail","hentry","category-saude"],"acf":[],"jetpack_publicize_connections":[],"jetpack_featured_media_url":"https:\/\/i0.wp.com\/blogdoeloiltoncajuhy.com.br\/site\/wp-content\/uploads\/2016\/12\/cancer-infantojuvenil.jpg?fit=500%2C273&ssl=1","jetpack_sharing_enabled":true,"publishpress_future_workflow_manual_trigger":{"enabledWorkflows":[]},"_links":{"self":[{"href":"https:\/\/blogdoeloiltoncajuhy.com.br\/site\/wp-json\/wp\/v2\/posts\/70339","targetHints":{"allow":["GET"]}}],"collection":[{"href":"https:\/\/blogdoeloiltoncajuhy.com.br\/site\/wp-json\/wp\/v2\/posts"}],"about":[{"href":"https:\/\/blogdoeloiltoncajuhy.com.br\/site\/wp-json\/wp\/v2\/types\/post"}],"author":[{"embeddable":true,"href":"https:\/\/blogdoeloiltoncajuhy.com.br\/site\/wp-json\/wp\/v2\/users\/2"}],"replies":[{"embeddable":true,"href":"https:\/\/blogdoeloiltoncajuhy.com.br\/site\/wp-json\/wp\/v2\/comments?post=70339"}],"version-history":[{"count":1,"href":"https:\/\/blogdoeloiltoncajuhy.com.br\/site\/wp-json\/wp\/v2\/posts\/70339\/revisions"}],"predecessor-version":[{"id":70340,"href":"https:\/\/blogdoeloiltoncajuhy.com.br\/site\/wp-json\/wp\/v2\/posts\/70339\/revisions\/70340"}],"wp:featuredmedia":[{"embeddable":true,"href":"https:\/\/blogdoeloiltoncajuhy.com.br\/site\/wp-json\/wp\/v2\/media\/14387"}],"wp:attachment":[{"href":"https:\/\/blogdoeloiltoncajuhy.com.br\/site\/wp-json\/wp\/v2\/media?parent=70339"}],"wp:term":[{"taxonomy":"category","embeddable":true,"href":"https:\/\/blogdoeloiltoncajuhy.com.br\/site\/wp-json\/wp\/v2\/categories?post=70339"},{"taxonomy":"post_tag","embeddable":true,"href":"https:\/\/blogdoeloiltoncajuhy.com.br\/site\/wp-json\/wp\/v2\/tags?post=70339"}],"curies":[{"name":"wp","href":"https:\/\/api.w.org\/{rel}","templated":true}]}}