{"id":70267,"date":"2022-11-20T01:00:00","date_gmt":"2022-11-20T04:00:00","guid":{"rendered":"http:\/\/blogdoeloiltoncajuhy.com.br\/site\/?p=70267"},"modified":"2022-11-19T21:33:08","modified_gmt":"2022-11-20T00:33:08","slug":"selecao-brasileira-chega-ao-catar-para-a-copa-do-mundo-2022","status":"publish","type":"post","link":"https:\/\/blogdoeloiltoncajuhy.com.br\/site\/selecao-brasileira-chega-ao-catar-para-a-copa-do-mundo-2022\/","title":{"rendered":"Sele\u00e7\u00e3o brasileira chega ao Catar para a Copa do Mundo 2022"},"content":{"rendered":"\n<p class=\"has-text-align-center has-medium-font-size\"><em>Centenas de torcedores aguardavam a delega\u00e7\u00e3o na porta do hotel.<\/em><\/p>\n\n\n\n<p><strong>Por ge (Bruno Cassucci e Cah\u00ea Mota)<\/strong> \u2014 Doha<\/p>\n\n\n\n<figure class=\"wp-block-image aligncenter size-full\"><a href=\"https:\/\/i0.wp.com\/blogdoeloiltoncajuhy.com.br\/site\/wp-content\/uploads\/2022\/11\/Brasil-no-Catar-01.webp\"><img data-recalc-dims=\"1\" fetchpriority=\"high\" decoding=\"async\" width=\"800\" height=\"533\" src=\"https:\/\/i0.wp.com\/blogdoeloiltoncajuhy.com.br\/site\/wp-content\/uploads\/2022\/11\/Brasil-no-Catar-01.webp?resize=800%2C533\" alt=\"\" class=\"wp-image-70268\" srcset=\"https:\/\/i0.wp.com\/blogdoeloiltoncajuhy.com.br\/site\/wp-content\/uploads\/2022\/11\/Brasil-no-Catar-01.webp?w=984&amp;ssl=1 984w, https:\/\/i0.wp.com\/blogdoeloiltoncajuhy.com.br\/site\/wp-content\/uploads\/2022\/11\/Brasil-no-Catar-01.webp?resize=300%2C200&amp;ssl=1 300w, https:\/\/i0.wp.com\/blogdoeloiltoncajuhy.com.br\/site\/wp-content\/uploads\/2022\/11\/Brasil-no-Catar-01.webp?resize=768%2C512&amp;ssl=1 768w\" sizes=\"(max-width: 800px) 100vw, 800px\" \/><\/a><figcaption class=\"wp-element-caption\"><sub>Neymar no desembarque da sele\u00e7\u00e3o brasileira em Doha, no Catar \u2014 Foto: REUTERS\/Amr Abdallah Dalsh<\/sub><\/figcaption><\/figure>\n\n\n\n<p>A sele\u00e7\u00e3o brasileira est\u00e1 no Catar! O voo que levou a delega\u00e7\u00e3o de Turim para Doha pousou no pa\u00eds da Copa do Mundo \u00e0s 23h01 (17h01 de Bras\u00edlia), depois de pouco mais de 5h de dura\u00e7\u00e3o no trajeto.<\/p>\n\n\n\n<p>Na chegada a Doha, o t\u00e9cnico Tite disse que definir\u00e1 a escala\u00e7\u00e3o da Sele\u00e7\u00e3o somente nos pr\u00f3ximos treinos.<\/p>\n\n\n\n<p>O Brasil \u00e9 a \u00faltima sele\u00e7\u00e3o a chegar ao Catar, a cinco dias da estreia no Mundial, data limite estipulada pela Fifa. A sele\u00e7\u00e3o fez cinco dias de treinamento na It\u00e1lia antes.<\/p>\n\n\n\n<figure class=\"wp-block-image aligncenter size-large is-resized\"><a href=\"https:\/\/i0.wp.com\/blogdoeloiltoncajuhy.com.br\/site\/wp-content\/uploads\/2022\/11\/Brasil-no-Catar-02.webp\"><img data-recalc-dims=\"1\" decoding=\"async\" src=\"https:\/\/i0.wp.com\/blogdoeloiltoncajuhy.com.br\/site\/wp-content\/uploads\/2022\/11\/Brasil-no-Catar-02.webp?resize=512%2C768\" alt=\"\" class=\"wp-image-70269\" width=\"512\" height=\"768\" srcset=\"https:\/\/i0.wp.com\/blogdoeloiltoncajuhy.com.br\/site\/wp-content\/uploads\/2022\/11\/Brasil-no-Catar-02.webp?resize=683%2C1024&amp;ssl=1 683w, https:\/\/i0.wp.com\/blogdoeloiltoncajuhy.com.br\/site\/wp-content\/uploads\/2022\/11\/Brasil-no-Catar-02.webp?resize=200%2C300&amp;ssl=1 200w, https:\/\/i0.wp.com\/blogdoeloiltoncajuhy.com.br\/site\/wp-content\/uploads\/2022\/11\/Brasil-no-Catar-02.webp?resize=768%2C1152&amp;ssl=1 768w, https:\/\/i0.wp.com\/blogdoeloiltoncajuhy.com.br\/site\/wp-content\/uploads\/2022\/11\/Brasil-no-Catar-02.webp?w=984&amp;ssl=1 984w\" sizes=\"(max-width: 512px) 100vw, 512px\" \/><\/a><figcaption class=\"wp-element-caption\"><sub>Thiago Silva na chegada da sele\u00e7\u00e3o brasileira em Doha, no Catar \u2014 Foto: REUTERS\/Amr Abdallah Dalsh<\/sub><\/figcaption><\/figure>\n\n\n\n<p class=\"has-black-color has-text-color has-medium-font-size\"><strong>\u00daltima equipe a chegar ao Catar e espero que seja a primeira (colocada). Mas antes passar para as oitavas, grupo dif\u00edcil, mas estamos muito bem preparados &#8211; disse Thiago Silva.<\/strong><\/p>\n\n\n\n<p>Ednaldo Rodrigues, presidente da CBF e chefe da delega\u00e7\u00e3o, Tite e Juninho Paulista foram os primeiros a descer do avi\u00e3o. Na sequ\u00eancia, come\u00e7aram a descer os jogadores, todos vestindo o traje especial para a Copa, assinado pelo renomado estilista Ricardo Almeida.<\/p>\n\n\n\n<figure class=\"wp-block-image aligncenter size-full\"><a href=\"https:\/\/i0.wp.com\/blogdoeloiltoncajuhy.com.br\/site\/wp-content\/uploads\/2022\/11\/Brasil-no-Catar-03.webp\"><img data-recalc-dims=\"1\" decoding=\"async\" width=\"800\" height=\"600\" src=\"https:\/\/i0.wp.com\/blogdoeloiltoncajuhy.com.br\/site\/wp-content\/uploads\/2022\/11\/Brasil-no-Catar-03.webp?resize=800%2C600\" alt=\"\" class=\"wp-image-70270\" srcset=\"https:\/\/i0.wp.com\/blogdoeloiltoncajuhy.com.br\/site\/wp-content\/uploads\/2022\/11\/Brasil-no-Catar-03.webp?w=984&amp;ssl=1 984w, https:\/\/i0.wp.com\/blogdoeloiltoncajuhy.com.br\/site\/wp-content\/uploads\/2022\/11\/Brasil-no-Catar-03.webp?resize=300%2C225&amp;ssl=1 300w, https:\/\/i0.wp.com\/blogdoeloiltoncajuhy.com.br\/site\/wp-content\/uploads\/2022\/11\/Brasil-no-Catar-03.webp?resize=768%2C576&amp;ssl=1 768w\" sizes=\"(max-width: 800px) 100vw, 800px\" \/><\/a><figcaption class=\"wp-element-caption\"><sub>Richarlison na chegada da sele\u00e7\u00e3o brasileira em Doha, no Catar \u2014 Foto: REUTERS\/Amr Abdallah Dalsh<\/sub><\/figcaption><\/figure>\n\n\n\n<p>Do aeroporto a Sele\u00e7\u00e3o partiu para o hotel Westin Doha Hotel &amp; Spa, na regi\u00e3o central de Doha, que tem at\u00e9 praia artificial. O local ser\u00e1 a concentra\u00e7\u00e3o do Brasil na Copa.<\/p>\n\n\n\n<p>Ser\u00e3o realizados mais quatro treinos antes da estreia na Copa do Mundo, contra a S\u00e9rvia, na pr\u00f3xima quinta-feira. Um deles ser\u00e1 fechado para a imprensa.<\/p>\n\n\n\n<p class=\"has-black-color has-text-color has-medium-font-size\"><strong>Confira abaixo a programa\u00e7\u00e3o:<\/strong><\/p>\n\n\n\n<ul class=\"wp-block-list\">\n<li>Domingo (20\/11): treino \u00e0s 16h30 (10h30 de Bras\u00edlia)<\/li>\n<\/ul>\n\n\n\n<ul class=\"wp-block-list\">\n<li>Segunda-feira (21\/11): treino \u00e0s 16h30 (10h30 de Bras\u00edlia)<\/li>\n<\/ul>\n\n\n\n<ul class=\"wp-block-list\">\n<li>Ter\u00e7a-feira (22\/11): treino fechado \u00e0s 16h30 (10h30 de Bras\u00edlia)<\/li>\n<\/ul>\n\n\n\n<ul class=\"wp-block-list\">\n<li>Quarta-feira (23\/11): treino \u00e0s 18h (12h de Bras\u00edlia)<\/li>\n<\/ul>\n\n\n\n<ul class=\"wp-block-list\">\n<li>Quinta-feira (24\/11): estreia contra a S\u00e9rvia \u00e0s 22h (16h de Bras\u00edlia)<\/li>\n<\/ul>\n","protected":false},"excerpt":{"rendered":"<p>Centenas de torcedores aguardavam a delega\u00e7\u00e3o na porta do hotel. Por ge (Bruno Cassucci e Cah\u00ea Mota) \u2014 Doha A sele\u00e7\u00e3o brasileira est\u00e1 no Catar! O voo que levou a delega\u00e7\u00e3o de Turim para Doha pousou no pa\u00eds da Copa do Mundo \u00e0s 23h01 (17h01 de Bras\u00edlia), depois de pouco mais de 5h de dura\u00e7\u00e3o [&hellip;]<\/p>\n","protected":false},"author":2,"featured_media":70269,"comment_status":"open","ping_status":"open","sticky":false,"template":"","format":"standard","meta":{"_acf_changed":false,"_monsterinsights_skip_tracking":false,"_monsterinsights_sitenote_active":false,"_monsterinsights_sitenote_note":"","_monsterinsights_sitenote_category":0,"_jetpack_memberships_contains_paid_content":false,"footnotes":"","jetpack_publicize_message":"","jetpack_publicize_feature_enabled":true,"jetpack_social_post_already_shared":true,"jetpack_social_options":{"image_generator_settings":{"template":"highway","default_image_id":0,"font":"","enabled":false},"version":2}},"categories":[6],"tags":[],"class_list":["post-70267","post","type-post","status-publish","format-standard","has-post-thumbnail","hentry","category-esportes"],"acf":[],"jetpack_publicize_connections":[],"jetpack_featured_media_url":"https:\/\/i0.wp.com\/blogdoeloiltoncajuhy.com.br\/site\/wp-content\/uploads\/2022\/11\/Brasil-no-Catar-02.webp?fit=984%2C1476&ssl=1","jetpack_sharing_enabled":true,"publishpress_future_workflow_manual_trigger":{"enabledWorkflows":[]},"_links":{"self":[{"href":"https:\/\/blogdoeloiltoncajuhy.com.br\/site\/wp-json\/wp\/v2\/posts\/70267","targetHints":{"allow":["GET"]}}],"collection":[{"href":"https:\/\/blogdoeloiltoncajuhy.com.br\/site\/wp-json\/wp\/v2\/posts"}],"about":[{"href":"https:\/\/blogdoeloiltoncajuhy.com.br\/site\/wp-json\/wp\/v2\/types\/post"}],"author":[{"embeddable":true,"href":"https:\/\/blogdoeloiltoncajuhy.com.br\/site\/wp-json\/wp\/v2\/users\/2"}],"replies":[{"embeddable":true,"href":"https:\/\/blogdoeloiltoncajuhy.com.br\/site\/wp-json\/wp\/v2\/comments?post=70267"}],"version-history":[{"count":1,"href":"https:\/\/blogdoeloiltoncajuhy.com.br\/site\/wp-json\/wp\/v2\/posts\/70267\/revisions"}],"predecessor-version":[{"id":70271,"href":"https:\/\/blogdoeloiltoncajuhy.com.br\/site\/wp-json\/wp\/v2\/posts\/70267\/revisions\/70271"}],"wp:featuredmedia":[{"embeddable":true,"href":"https:\/\/blogdoeloiltoncajuhy.com.br\/site\/wp-json\/wp\/v2\/media\/70269"}],"wp:attachment":[{"href":"https:\/\/blogdoeloiltoncajuhy.com.br\/site\/wp-json\/wp\/v2\/media?parent=70267"}],"wp:term":[{"taxonomy":"category","embeddable":true,"href":"https:\/\/blogdoeloiltoncajuhy.com.br\/site\/wp-json\/wp\/v2\/categories?post=70267"},{"taxonomy":"post_tag","embeddable":true,"href":"https:\/\/blogdoeloiltoncajuhy.com.br\/site\/wp-json\/wp\/v2\/tags?post=70267"}],"curies":[{"name":"wp","href":"https:\/\/api.w.org\/{rel}","templated":true}]}}