{"id":70260,"date":"2022-11-20T00:15:00","date_gmt":"2022-11-20T03:15:00","guid":{"rendered":"http:\/\/blogdoeloiltoncajuhy.com.br\/site\/?p=70260"},"modified":"2022-11-19T20:58:17","modified_gmt":"2022-11-19T23:58:17","slug":"dia-da-consciencia-negra-conheca-o-ator-mario-gusmao-primeiro-negro-formado-na-escola-de-teatro-da-universidade-federal-da-bahia","status":"publish","type":"post","link":"https:\/\/blogdoeloiltoncajuhy.com.br\/site\/dia-da-consciencia-negra-conheca-o-ator-mario-gusmao-primeiro-negro-formado-na-escola-de-teatro-da-universidade-federal-da-bahia\/","title":{"rendered":"Dia da Consci\u00eancia Negra: Conhe\u00e7a o ator M\u00e1rio Gusm\u00e3o, primeiro negro formado na Escola de Teatro da Universidade Federal da Bahia"},"content":{"rendered":"\n<p><strong>Por Museu da TV<\/strong><\/p>\n\n\n\n<figure class=\"wp-block-image aligncenter size-large is-resized\"><a href=\"https:\/\/i0.wp.com\/blogdoeloiltoncajuhy.com.br\/site\/wp-content\/uploads\/2022\/11\/Mario-Gusmao-01.jpg\"><img data-recalc-dims=\"1\" fetchpriority=\"high\" decoding=\"async\" src=\"https:\/\/i0.wp.com\/blogdoeloiltoncajuhy.com.br\/site\/wp-content\/uploads\/2022\/11\/Mario-Gusmao-01.jpg?resize=768%2C509\" alt=\"\" class=\"wp-image-70261\" width=\"768\" height=\"509\" srcset=\"https:\/\/i0.wp.com\/blogdoeloiltoncajuhy.com.br\/site\/wp-content\/uploads\/2022\/11\/Mario-Gusmao-01.jpg?resize=1024%2C679&amp;ssl=1 1024w, https:\/\/i0.wp.com\/blogdoeloiltoncajuhy.com.br\/site\/wp-content\/uploads\/2022\/11\/Mario-Gusmao-01.jpg?resize=300%2C199&amp;ssl=1 300w, https:\/\/i0.wp.com\/blogdoeloiltoncajuhy.com.br\/site\/wp-content\/uploads\/2022\/11\/Mario-Gusmao-01.jpg?resize=768%2C510&amp;ssl=1 768w, https:\/\/i0.wp.com\/blogdoeloiltoncajuhy.com.br\/site\/wp-content\/uploads\/2022\/11\/Mario-Gusmao-01.jpg?resize=1536%2C1019&amp;ssl=1 1536w, https:\/\/i0.wp.com\/blogdoeloiltoncajuhy.com.br\/site\/wp-content\/uploads\/2022\/11\/Mario-Gusmao-01.jpg?resize=2048%2C1359&amp;ssl=1 2048w, https:\/\/i0.wp.com\/blogdoeloiltoncajuhy.com.br\/site\/wp-content\/uploads\/2022\/11\/Mario-Gusmao-01.jpg?w=1600 1600w\" sizes=\"(max-width: 768px) 100vw, 768px\" \/><\/a><figcaption class=\"wp-element-caption\"><sub>Foto: Maria Sampaio<\/sub><\/figcaption><\/figure>\n\n\n\n<p>M\u00e1rio Gusm\u00e3o nasceu na cidade de Cachoeira, na Bahia, em 20 de janeiro de 1928.<\/p>\n\n\n\n<p>Por 23 anos, foi funcion\u00e1rio de Penitenci\u00e1ria Lemos Brito, mas como tinha desejos art\u00edsticos, matriculou-se na Escola de Teatro da Universidade Federal de Bahia, onde se formou em 1960. Nos anos 1950, M\u00e1rio Gusm\u00e3o matriculou-se na Escola de Teatro da UFBA, o que foi uma ousadia, pois ele foi o primeiro negro a faz\u00ea-lo. E mais: no teste para entrar, n\u00e3o apenas representou, como dan\u00e7ou.<\/p>\n\n\n\n<p>A partir de 1958, foi marcante sua atua\u00e7\u00e3o nos palcos, atuando em <em>\u201cAlmanjara\u201d<\/em>; <em>\u201cGra\u00e7a e Desgra\u00e7a da Casa do Engole Cabra\u201d<\/em>; <em>\u201dCachorro Dorme Nas Cinzas\u201d<\/em>; <em>\u201cO Mo\u00e7o Bom e Obediente\u201d<\/em>; <em>\u201cO Auto da Compadecida\u201d<\/em>; <em>\u201c\u00d3pera dos Tr\u00eas Tost\u00f5es\u201d<\/em>; <em>\u201cChapetuba Futebol Clube\u201d<\/em>; <em>\u201cEles N\u00e3o Usam Black Ti\u00e9\u201d<\/em>; <em>\u201cEst\u00f3rias de Gil Vicente\u201d<\/em>; <em>\u201cA Ilha do Tesouro\u201d<\/em>; <em>\u201cA Hist\u00f3ria de Tobias\u201d<\/em>; <em>\u201cSaraa\u201d<\/em>; <em>\u201cA Prostituta Respeitosa\u201d<\/em>; \u201d<em>O Novi\u00e7o\u201d,<\/em> e <em>\u201cBanquete dos Mendigos\u201d<\/em>.<\/p>\n\n\n\n<p>No Cinema, M\u00e1rio Gusm\u00e3o estreou sob a dire\u00e7\u00e3o de Glauber Rocha em <em>\u201cDeus e o Diabo na Terra do Sol\u201d<\/em> e voltou em <em>\u201cO Drag\u00e3o da Maldade Contra o Santo Guerreiro&#8221;<\/em>, al\u00e9m de participar de <em>\u201cPindorama\u201d<\/em>; <em>\u201cDona Flor e Seus Dois Maridos\u201d<\/em>; <em>\u201cA Idade da Terra\u201d<\/em>; <em>\u201cChico Rei\u201d<\/em>, e <em>\u201cJubiab\u00e1\u201d<\/em>.<\/p>\n\n\n\n<p>Ele tamb\u00e9m atuou em muitos espet\u00e1culos musicais, comp\u00f4s in\u00fameras m\u00fasicas e foi um \u00edcone do movimento negro na Bahia e no Brasil.<\/p>\n\n\n\n<figure class=\"wp-block-image aligncenter size-large is-resized\"><a href=\"https:\/\/i0.wp.com\/blogdoeloiltoncajuhy.com.br\/site\/wp-content\/uploads\/2022\/11\/Mario-Gusmao-02.jpg\"><img data-recalc-dims=\"1\" decoding=\"async\" src=\"https:\/\/i0.wp.com\/blogdoeloiltoncajuhy.com.br\/site\/wp-content\/uploads\/2022\/11\/Mario-Gusmao-02.jpg?resize=768%2C508\" alt=\"\" class=\"wp-image-70262\" width=\"768\" height=\"508\" srcset=\"https:\/\/i0.wp.com\/blogdoeloiltoncajuhy.com.br\/site\/wp-content\/uploads\/2022\/11\/Mario-Gusmao-02.jpg?resize=1024%2C677&amp;ssl=1 1024w, https:\/\/i0.wp.com\/blogdoeloiltoncajuhy.com.br\/site\/wp-content\/uploads\/2022\/11\/Mario-Gusmao-02.jpg?resize=300%2C198&amp;ssl=1 300w, https:\/\/i0.wp.com\/blogdoeloiltoncajuhy.com.br\/site\/wp-content\/uploads\/2022\/11\/Mario-Gusmao-02.jpg?resize=768%2C508&amp;ssl=1 768w, https:\/\/i0.wp.com\/blogdoeloiltoncajuhy.com.br\/site\/wp-content\/uploads\/2022\/11\/Mario-Gusmao-02.jpg?resize=1536%2C1015&amp;ssl=1 1536w, https:\/\/i0.wp.com\/blogdoeloiltoncajuhy.com.br\/site\/wp-content\/uploads\/2022\/11\/Mario-Gusmao-02.jpg?resize=2048%2C1354&amp;ssl=1 2048w, https:\/\/i0.wp.com\/blogdoeloiltoncajuhy.com.br\/site\/wp-content\/uploads\/2022\/11\/Mario-Gusmao-02.jpg?w=1600 1600w\" sizes=\"(max-width: 768px) 100vw, 768px\" \/><\/a><figcaption class=\"wp-element-caption\"><sub>Foto: Maria Sampaio<\/sub><\/figcaption><\/figure>\n\n\n\n<p>Na Televis\u00e3o, M\u00e1rio participou da novela <em>\u201cMaria, Maria\u201d<\/em> e das miniss\u00e9ries <em>\u201cTenda dos Milagres\u201d<\/em>; <em>\u201cO Pagador de Promessas\u201d<\/em>, e <em>\u201cTereza Batista\u201d<\/em>, na TV Globo, e tamb\u00e9m atuou na TV Manchete na novela <em>\u201cDona Beija\u201d<\/em> e na miniss\u00e9rie <em>\u201cM\u00e3e de Santo\u201d<\/em>. Em 1984, foi agraciado com o t\u00edtulo de Cidad\u00e3o de Salvador.<\/p>\n\n\n\n<p>M\u00e1rio Gusm\u00e3o faleceu em 20 de novembro de 1996, no Dia Nacional da Consci\u00eancia Negra, e estava com 68 anos de idade. Sua morte foi em consequ\u00eancia de um c\u00e2ncer generalizado.<\/p>\n","protected":false},"excerpt":{"rendered":"<p>Por Museu da TV M\u00e1rio Gusm\u00e3o nasceu na cidade de Cachoeira, na Bahia, em 20 de janeiro de 1928. Por 23 anos, foi funcion\u00e1rio de Penitenci\u00e1ria Lemos Brito, mas como tinha desejos art\u00edsticos, matriculou-se na Escola de Teatro da Universidade Federal de Bahia, onde se formou em 1960. Nos anos 1950, M\u00e1rio Gusm\u00e3o matriculou-se na [&hellip;]<\/p>\n","protected":false},"author":2,"featured_media":70261,"comment_status":"open","ping_status":"open","sticky":false,"template":"","format":"standard","meta":{"_acf_changed":false,"_monsterinsights_skip_tracking":false,"_monsterinsights_sitenote_active":false,"_monsterinsights_sitenote_note":"","_monsterinsights_sitenote_category":0,"_jetpack_memberships_contains_paid_content":false,"footnotes":"","jetpack_publicize_message":"","jetpack_publicize_feature_enabled":true,"jetpack_social_post_already_shared":true,"jetpack_social_options":{"image_generator_settings":{"template":"highway","default_image_id":0,"font":"","enabled":false},"version":2}},"categories":[8],"tags":[],"class_list":["post-70260","post","type-post","status-publish","format-standard","has-post-thumbnail","hentry","category-cultura"],"acf":[],"jetpack_publicize_connections":[],"jetpack_featured_media_url":"https:\/\/i0.wp.com\/blogdoeloiltoncajuhy.com.br\/site\/wp-content\/uploads\/2022\/11\/Mario-Gusmao-01.jpg?fit=2199%2C1459&ssl=1","jetpack_sharing_enabled":true,"publishpress_future_workflow_manual_trigger":{"enabledWorkflows":[]},"_links":{"self":[{"href":"https:\/\/blogdoeloiltoncajuhy.com.br\/site\/wp-json\/wp\/v2\/posts\/70260","targetHints":{"allow":["GET"]}}],"collection":[{"href":"https:\/\/blogdoeloiltoncajuhy.com.br\/site\/wp-json\/wp\/v2\/posts"}],"about":[{"href":"https:\/\/blogdoeloiltoncajuhy.com.br\/site\/wp-json\/wp\/v2\/types\/post"}],"author":[{"embeddable":true,"href":"https:\/\/blogdoeloiltoncajuhy.com.br\/site\/wp-json\/wp\/v2\/users\/2"}],"replies":[{"embeddable":true,"href":"https:\/\/blogdoeloiltoncajuhy.com.br\/site\/wp-json\/wp\/v2\/comments?post=70260"}],"version-history":[{"count":1,"href":"https:\/\/blogdoeloiltoncajuhy.com.br\/site\/wp-json\/wp\/v2\/posts\/70260\/revisions"}],"predecessor-version":[{"id":70263,"href":"https:\/\/blogdoeloiltoncajuhy.com.br\/site\/wp-json\/wp\/v2\/posts\/70260\/revisions\/70263"}],"wp:featuredmedia":[{"embeddable":true,"href":"https:\/\/blogdoeloiltoncajuhy.com.br\/site\/wp-json\/wp\/v2\/media\/70261"}],"wp:attachment":[{"href":"https:\/\/blogdoeloiltoncajuhy.com.br\/site\/wp-json\/wp\/v2\/media?parent=70260"}],"wp:term":[{"taxonomy":"category","embeddable":true,"href":"https:\/\/blogdoeloiltoncajuhy.com.br\/site\/wp-json\/wp\/v2\/categories?post=70260"},{"taxonomy":"post_tag","embeddable":true,"href":"https:\/\/blogdoeloiltoncajuhy.com.br\/site\/wp-json\/wp\/v2\/tags?post=70260"}],"curies":[{"name":"wp","href":"https:\/\/api.w.org\/{rel}","templated":true}]}}