{"id":70102,"date":"2022-11-14T17:01:43","date_gmt":"2022-11-14T20:01:43","guid":{"rendered":"http:\/\/blogdoeloiltoncajuhy.com.br\/site\/?p=70102"},"modified":"2022-11-14T17:02:28","modified_gmt":"2022-11-14T20:02:28","slug":"mp-da-bahia-assina-nota-tecnica-para-evitar-abusos-nos-pedidos-de-material-escolar","status":"publish","type":"post","link":"https:\/\/blogdoeloiltoncajuhy.com.br\/site\/mp-da-bahia-assina-nota-tecnica-para-evitar-abusos-nos-pedidos-de-material-escolar\/","title":{"rendered":"MP da Bahia assina nota t\u00e9cnica para evitar abusos nos pedidos de material escolar"},"content":{"rendered":"\n<p><strong>Por Bahia Not\u00edcias<\/strong><\/p>\n\n\n\n<figure class=\"wp-block-image aligncenter size-full\"><a href=\"https:\/\/i0.wp.com\/blogdoeloiltoncajuhy.com.br\/site\/wp-content\/uploads\/2016\/01\/Lista-de-Material-Escolar-2016.jpg\"><img data-recalc-dims=\"1\" fetchpriority=\"high\" decoding=\"async\" width=\"630\" height=\"340\" src=\"https:\/\/i0.wp.com\/blogdoeloiltoncajuhy.com.br\/site\/wp-content\/uploads\/2016\/01\/Lista-de-Material-Escolar-2016.jpg?resize=630%2C340\" alt=\"\" class=\"wp-image-7114\" srcset=\"https:\/\/i0.wp.com\/blogdoeloiltoncajuhy.com.br\/site\/wp-content\/uploads\/2016\/01\/Lista-de-Material-Escolar-2016.jpg?w=630&amp;ssl=1 630w, https:\/\/i0.wp.com\/blogdoeloiltoncajuhy.com.br\/site\/wp-content\/uploads\/2016\/01\/Lista-de-Material-Escolar-2016.jpg?resize=300%2C162&amp;ssl=1 300w, https:\/\/i0.wp.com\/blogdoeloiltoncajuhy.com.br\/site\/wp-content\/uploads\/2016\/01\/Lista-de-Material-Escolar-2016.jpg?resize=250%2C135&amp;ssl=1 250w\" sizes=\"(max-width: 630px) 100vw, 630px\" \/><\/a><\/figure>\n\n\n\n<p>O Minist\u00e9rio P\u00fablico estadual (MP), em parceria com a Superintend\u00eancia de Prote\u00e7\u00e3o e Defesa do Consumidor do Estado da Bahia (Procon), Coordenadoria de Prote\u00e7\u00e3o e Defesa do Consumidor (Codecon) e a Defensoria P\u00fablica do Estado (DPE), apresentou uma Nota T\u00e9cnica para alertar os consumidores quanto a poss\u00edveis abusos praticados pelos estabelecimentos de ensino para o ano letivo de 2023.<\/p>\n\n\n\n<p>O documento foi assinado na sede do MP estadual, no CAB, pelos promotores de justi\u00e7a Solon Dias, coordenador do Centro de Apoio Operacional do Consumidor (Ceacon), e Thelma Leal; pelo superintende do Procon, Tiago Ven\u00e2ncio; pela defensora p\u00fablica Eliana Reis; Eva Pestana, gerente da Codecon; e Iratan Boas, diretor de fiscaliza\u00e7\u00e3o do Procon. Tamb\u00e9m esteve presente no evento de assinatura a analista t\u00e9cnica do Ceacon Gabriela Marins.<\/p>\n\n\n\n<p>\u201cEssa \u00e9 a primeira Nota T\u00e9cnica assinada conjuntamente pelos \u00f3rg\u00e3os que atuam na defesa do consumidor com o intuito de alinhar procedimentos de atua\u00e7\u00e3o, orientar os consumidores acerca dos seus direitos e subsidiar os promotores de Justi\u00e7a, defensores p\u00fablicos e os servi\u00e7os de prote\u00e7\u00e3o ao consumidor nos munic\u00edpios baianos acerca das regras que poder\u00e3o adotar sobre o que \u00e9 ou n\u00e3o permitido quanto \u00e0 cobran\u00e7a de material escolar\u201d, afirmou o promotor de Justi\u00e7a Solon Dias. Ele destacou a import\u00e2ncia das reuni\u00f5es pr\u00e9vias realizadas entre as institui\u00e7\u00f5es que culminou na elabora\u00e7\u00e3o do documento que traz orienta\u00e7\u00f5es acerca das viola\u00e7\u00f5es aos direitos dos consumidores.<\/p>\n\n\n\n<p>De acordo com a Nota, as unidades de ensino n\u00e3o poder\u00e3o vincular a aquisi\u00e7\u00e3o de materiais escolares em estabelecimentos espec\u00edficos ou na pr\u00f3pria escola, se outros fornecedores ofertarem tais produtos. Al\u00e9m disso, essa proibi\u00e7\u00e3o aplica-se tamb\u00e9m aos materiais escolares comercializados e fornecidos por meio de plataformas digitais, de modo que o estabelecimento de ensino deve permitir e informar aos alunos que o material poder\u00e1 ser adquirido diretamente nas editoras. O documento informa ainda que n\u00e3o deve haver restri\u00e7\u00e3o \u00e0 reutiliza\u00e7\u00e3o de material did\u00e1tico-pedag\u00f3gico adquirido no ano anterior ou material j\u00e1 utilizado por irm\u00e3o, exceto nos casos de publica\u00e7\u00f5es desatualizadas e plataformas digitais.<\/p>\n\n\n\n<p>\u201c\u00c9 de suma import\u00e2ncia a atua\u00e7\u00e3o conjunta porque o melhor meio \u00e9 a preven\u00e7\u00e3o\u201d, destacou a promotora de Justi\u00e7a Thelma Leal. Com rela\u00e7\u00e3o aos alunos que repitam o ano letivo, estes poder\u00e3o utilizar o material adquirido no ano anterior, bem como utilizar as plataformas e materiais digitais contratados, devendo a escola e as editoras disponibilizarem todo o conte\u00fado sem cobran\u00e7as adicionais. Tamb\u00e9m \u00e9 importante que a tradicional lista de material escolar venha acompanhada de um respectivo plano de execu\u00e7\u00e3o referente ao processo did\u00e1tico-pedag\u00f3gico, contendo informa\u00e7\u00f5es quanto \u00e0 utiliza\u00e7\u00e3o e aplicabilidade de todos os materiais escolhidos pela institui\u00e7\u00e3o de ensino.<\/p>\n","protected":false},"excerpt":{"rendered":"<p>Por Bahia Not\u00edcias O Minist\u00e9rio P\u00fablico estadual (MP), em parceria com a Superintend\u00eancia de Prote\u00e7\u00e3o e Defesa do Consumidor do Estado da Bahia (Procon), Coordenadoria de Prote\u00e7\u00e3o e Defesa do Consumidor (Codecon) e a Defensoria P\u00fablica do Estado (DPE), apresentou uma Nota T\u00e9cnica para alertar os consumidores quanto a poss\u00edveis abusos praticados pelos estabelecimentos de [&hellip;]<\/p>\n","protected":false},"author":2,"featured_media":70103,"comment_status":"open","ping_status":"open","sticky":false,"template":"","format":"standard","meta":{"_acf_changed":false,"_monsterinsights_skip_tracking":false,"_monsterinsights_sitenote_active":false,"_monsterinsights_sitenote_note":"","_monsterinsights_sitenote_category":0,"_jetpack_memberships_contains_paid_content":false,"footnotes":"","jetpack_publicize_message":"","jetpack_publicize_feature_enabled":true,"jetpack_social_post_already_shared":true,"jetpack_social_options":{"image_generator_settings":{"template":"highway","default_image_id":0,"font":"","enabled":false},"version":2}},"categories":[14],"tags":[],"class_list":["post-70102","post","type-post","status-publish","format-standard","has-post-thumbnail","hentry","category-educacao"],"acf":[],"jetpack_publicize_connections":[],"jetpack_featured_media_url":"https:\/\/i0.wp.com\/blogdoeloiltoncajuhy.com.br\/site\/wp-content\/uploads\/2022\/11\/MaterialEscolar-14112022.jpg?fit=600%2C600&ssl=1","jetpack_sharing_enabled":true,"publishpress_future_workflow_manual_trigger":{"enabledWorkflows":[]},"_links":{"self":[{"href":"https:\/\/blogdoeloiltoncajuhy.com.br\/site\/wp-json\/wp\/v2\/posts\/70102","targetHints":{"allow":["GET"]}}],"collection":[{"href":"https:\/\/blogdoeloiltoncajuhy.com.br\/site\/wp-json\/wp\/v2\/posts"}],"about":[{"href":"https:\/\/blogdoeloiltoncajuhy.com.br\/site\/wp-json\/wp\/v2\/types\/post"}],"author":[{"embeddable":true,"href":"https:\/\/blogdoeloiltoncajuhy.com.br\/site\/wp-json\/wp\/v2\/users\/2"}],"replies":[{"embeddable":true,"href":"https:\/\/blogdoeloiltoncajuhy.com.br\/site\/wp-json\/wp\/v2\/comments?post=70102"}],"version-history":[{"count":1,"href":"https:\/\/blogdoeloiltoncajuhy.com.br\/site\/wp-json\/wp\/v2\/posts\/70102\/revisions"}],"predecessor-version":[{"id":70104,"href":"https:\/\/blogdoeloiltoncajuhy.com.br\/site\/wp-json\/wp\/v2\/posts\/70102\/revisions\/70104"}],"wp:featuredmedia":[{"embeddable":true,"href":"https:\/\/blogdoeloiltoncajuhy.com.br\/site\/wp-json\/wp\/v2\/media\/70103"}],"wp:attachment":[{"href":"https:\/\/blogdoeloiltoncajuhy.com.br\/site\/wp-json\/wp\/v2\/media?parent=70102"}],"wp:term":[{"taxonomy":"category","embeddable":true,"href":"https:\/\/blogdoeloiltoncajuhy.com.br\/site\/wp-json\/wp\/v2\/categories?post=70102"},{"taxonomy":"post_tag","embeddable":true,"href":"https:\/\/blogdoeloiltoncajuhy.com.br\/site\/wp-json\/wp\/v2\/tags?post=70102"}],"curies":[{"name":"wp","href":"https:\/\/api.w.org\/{rel}","templated":true}]}}