{"id":70097,"date":"2022-11-14T16:27:12","date_gmt":"2022-11-14T19:27:12","guid":{"rendered":"http:\/\/blogdoeloiltoncajuhy.com.br\/site\/?p=70097"},"modified":"2022-11-15T20:27:38","modified_gmt":"2022-11-15T23:27:38","slug":"padre-queniano-que-atuava-em-jaguarari-morre-nas-aguas-do-velho-chico-em-juazeiro","status":"publish","type":"post","link":"https:\/\/blogdoeloiltoncajuhy.com.br\/site\/padre-queniano-que-atuava-em-jaguarari-morre-nas-aguas-do-velho-chico-em-juazeiro\/","title":{"rendered":"Padre queniano que atuava em Jaguarari morre nas \u00e1guas do Velho Chico em Juazeiro"},"content":{"rendered":"\n<p><strong>Blog do Eloilton Cajuhy<\/strong><br><em>Atualizado em 14 de novembro de 2022, \u00e0s 19h25<\/em><\/p>\n\n\n\n<figure class=\"wp-block-image aligncenter size-full\"><a href=\"https:\/\/i0.wp.com\/blogdoeloiltoncajuhy.com.br\/site\/wp-content\/uploads\/2022\/11\/Padre-James.jpg\"><img data-recalc-dims=\"1\" fetchpriority=\"high\" decoding=\"async\" width=\"640\" height=\"426\" src=\"https:\/\/i0.wp.com\/blogdoeloiltoncajuhy.com.br\/site\/wp-content\/uploads\/2022\/11\/Padre-James.jpg?resize=640%2C426\" alt=\"\" class=\"wp-image-70098\" srcset=\"https:\/\/i0.wp.com\/blogdoeloiltoncajuhy.com.br\/site\/wp-content\/uploads\/2022\/11\/Padre-James.jpg?w=640&amp;ssl=1 640w, https:\/\/i0.wp.com\/blogdoeloiltoncajuhy.com.br\/site\/wp-content\/uploads\/2022\/11\/Padre-James.jpg?resize=300%2C200&amp;ssl=1 300w\" sizes=\"(max-width: 640px) 100vw, 640px\" \/><\/a><figcaption class=\"wp-element-caption\"><sub>Foto: Redes Sociais<\/sub><\/figcaption><\/figure>\n\n\n\n<p>O Padre queniano <strong>James <strong>Wahome<\/strong><\/strong> <strong>Irungu<\/strong>, de 35 anos, que atuava na Par\u00f3quia de Jaguarari, morreu afogado nas \u00e1guas do Rio S\u00e3o Francisco, em Juazeiro, na manh\u00e3 desta segunda-feira (14).<\/p>\n\n\n\n<p>A informa\u00e7\u00e3o foi divulgada pela <strong>Rede GN<\/strong>, ap\u00f3s um morador de Gameleira informar ao site. De acordo com a informa\u00e7\u00e3o de Ademir Ferreira, o padre havia celebrado uma missa em Gameleira no dia anterior. &#8220;Ele foi passar a\u00ed um momento de lazer porque iria embora para outra par\u00f3quia ainda este m\u00eas\u201d, disse Ademir para a <strong>Rede GN<\/strong>.<\/p>\n\n\n\n<p>O padre, que atuava desde o ano passado em Jaguarari, se afogou nas imedia\u00e7\u00f5es da Marinha. Seu corpo foi resgatado das \u00e1guas do Velho Chico pelos membros do Corpo de Bombeiros de Juazeiro.<\/p>\n\n\n\n<p>Seu sepultamento aconteceu na manh\u00e3 desta ter\u00e7a-feira (15) no Cemit\u00e9rio de Jaguarari.<\/p>\n\n\n\n<figure class=\"wp-block-image aligncenter size-full\"><a href=\"https:\/\/i0.wp.com\/blogdoeloiltoncajuhy.com.br\/site\/wp-content\/uploads\/2022\/11\/Padre-James-local-afogamento.png\"><img data-recalc-dims=\"1\" decoding=\"async\" width=\"598\" height=\"649\" src=\"https:\/\/i0.wp.com\/blogdoeloiltoncajuhy.com.br\/site\/wp-content\/uploads\/2022\/11\/Padre-James-local-afogamento.png?resize=598%2C649\" alt=\"\" class=\"wp-image-70099\" srcset=\"https:\/\/i0.wp.com\/blogdoeloiltoncajuhy.com.br\/site\/wp-content\/uploads\/2022\/11\/Padre-James-local-afogamento.png?w=598&amp;ssl=1 598w, https:\/\/i0.wp.com\/blogdoeloiltoncajuhy.com.br\/site\/wp-content\/uploads\/2022\/11\/Padre-James-local-afogamento.png?resize=276%2C300&amp;ssl=1 276w\" sizes=\"(max-width: 598px) 100vw, 598px\" \/><\/a><figcaption class=\"wp-element-caption\"><sub>Local onde Padre James se afogou &#8211; Foto: Redes Sociais<\/sub><\/figcaption><\/figure>\n\n\n\n<p>A Diocese de Bonfim divulgou, no in\u00edcio da noite de segunda-feira, uma nota confirmando o falecimento do Padre. <strong>Confira:<\/strong><\/p>\n\n\n\n<div data-wp-interactive=\"core\/file\" class=\"wp-block-file\"><object data-wp-bind--hidden=\"!state.hasPdfPreview\" hidden class=\"wp-block-file__embed\" data=\"http:\/\/blogdoeloiltoncajuhy.com.br\/site\/wp-content\/uploads\/2022\/11\/Nota-de-Falecimento-Pe-James.pdf\" type=\"application\/pdf\" style=\"width:100%;height:1140px\" aria-label=\"Incorporado de Nota-de-Falecimento-Pe-James.\"><\/object><a id=\"wp-block-file--media-c24dc701-ee57-401a-aa3c-77993466f18f\" href=\"http:\/\/blogdoeloiltoncajuhy.com.br\/site\/wp-content\/uploads\/2022\/11\/Nota-de-Falecimento-Pe-James.pdf\" target=\"_blank\" rel=\"noreferrer noopener\">Nota-de-Falecimento-Pe-James<\/a><a href=\"http:\/\/blogdoeloiltoncajuhy.com.br\/site\/wp-content\/uploads\/2022\/11\/Nota-de-Falecimento-Pe-James.pdf\" class=\"wp-block-file__button wp-element-button\" download aria-describedby=\"wp-block-file--media-c24dc701-ee57-401a-aa3c-77993466f18f\">Baixar<\/a><\/div>\n","protected":false},"excerpt":{"rendered":"<p>Blog do Eloilton CajuhyAtualizado em 14 de novembro de 2022, \u00e0s 19h25 O Padre queniano James Wahome Irungu, de 35 anos, que atuava na Par\u00f3quia de Jaguarari, morreu afogado nas \u00e1guas do Rio S\u00e3o Francisco, em Juazeiro, na manh\u00e3 desta segunda-feira (14). A informa\u00e7\u00e3o foi divulgada pela Rede GN, ap\u00f3s um morador de Gameleira informar [&hellip;]<\/p>\n","protected":false},"author":2,"featured_media":70098,"comment_status":"open","ping_status":"open","sticky":false,"template":"","format":"standard","meta":{"_acf_changed":false,"_monsterinsights_skip_tracking":false,"_monsterinsights_sitenote_active":false,"_monsterinsights_sitenote_note":"","_monsterinsights_sitenote_category":0,"_jetpack_memberships_contains_paid_content":false,"footnotes":"","jetpack_publicize_message":"","jetpack_publicize_feature_enabled":true,"jetpack_social_post_already_shared":true,"jetpack_social_options":{"image_generator_settings":{"template":"highway","default_image_id":0,"font":"","enabled":false},"version":2}},"categories":[11],"tags":[],"class_list":["post-70097","post","type-post","status-publish","format-standard","has-post-thumbnail","hentry","category-regional"],"acf":[],"jetpack_publicize_connections":[],"jetpack_featured_media_url":"https:\/\/i0.wp.com\/blogdoeloiltoncajuhy.com.br\/site\/wp-content\/uploads\/2022\/11\/Padre-James.jpg?fit=640%2C426&ssl=1","jetpack_sharing_enabled":true,"publishpress_future_workflow_manual_trigger":{"enabledWorkflows":[]},"_links":{"self":[{"href":"https:\/\/blogdoeloiltoncajuhy.com.br\/site\/wp-json\/wp\/v2\/posts\/70097","targetHints":{"allow":["GET"]}}],"collection":[{"href":"https:\/\/blogdoeloiltoncajuhy.com.br\/site\/wp-json\/wp\/v2\/posts"}],"about":[{"href":"https:\/\/blogdoeloiltoncajuhy.com.br\/site\/wp-json\/wp\/v2\/types\/post"}],"author":[{"embeddable":true,"href":"https:\/\/blogdoeloiltoncajuhy.com.br\/site\/wp-json\/wp\/v2\/users\/2"}],"replies":[{"embeddable":true,"href":"https:\/\/blogdoeloiltoncajuhy.com.br\/site\/wp-json\/wp\/v2\/comments?post=70097"}],"version-history":[{"count":4,"href":"https:\/\/blogdoeloiltoncajuhy.com.br\/site\/wp-json\/wp\/v2\/posts\/70097\/revisions"}],"predecessor-version":[{"id":70139,"href":"https:\/\/blogdoeloiltoncajuhy.com.br\/site\/wp-json\/wp\/v2\/posts\/70097\/revisions\/70139"}],"wp:featuredmedia":[{"embeddable":true,"href":"https:\/\/blogdoeloiltoncajuhy.com.br\/site\/wp-json\/wp\/v2\/media\/70098"}],"wp:attachment":[{"href":"https:\/\/blogdoeloiltoncajuhy.com.br\/site\/wp-json\/wp\/v2\/media?parent=70097"}],"wp:term":[{"taxonomy":"category","embeddable":true,"href":"https:\/\/blogdoeloiltoncajuhy.com.br\/site\/wp-json\/wp\/v2\/categories?post=70097"},{"taxonomy":"post_tag","embeddable":true,"href":"https:\/\/blogdoeloiltoncajuhy.com.br\/site\/wp-json\/wp\/v2\/tags?post=70097"}],"curies":[{"name":"wp","href":"https:\/\/api.w.org\/{rel}","templated":true}]}}