{"id":70093,"date":"2022-11-14T16:00:04","date_gmt":"2022-11-14T19:00:04","guid":{"rendered":"http:\/\/blogdoeloiltoncajuhy.com.br\/site\/?p=70093"},"modified":"2022-11-14T16:00:08","modified_gmt":"2022-11-14T19:00:08","slug":"primeiro-treino-da-selecao-brasileira-em-turim-tem-golacos","status":"publish","type":"post","link":"https:\/\/blogdoeloiltoncajuhy.com.br\/site\/primeiro-treino-da-selecao-brasileira-em-turim-tem-golacos\/","title":{"rendered":"Primeiro treino da sele\u00e7\u00e3o brasileira em Turim tem gola\u00e7os"},"content":{"rendered":"\n<p class=\"has-text-align-center has-medium-font-size\"><em>Raphinha e Vinicius J\u00fanior marcaram na atividade realizada no CT da Juventus.<\/em><\/p>\n\n\n\n<p><strong>Por Raphael Zarko\/ge<\/strong> \u2014 Turim<\/p>\n\n\n\n<figure class=\"wp-block-image aligncenter size-full\"><a href=\"https:\/\/i0.wp.com\/blogdoeloiltoncajuhy.com.br\/site\/wp-content\/uploads\/2022\/11\/Raphinha-e-Vini-Junior-fizeram-golacos-em-treino-da-Selecao-%E2%80%94-Foto-Lucas-Figueiredo-CBF.webp\"><img data-recalc-dims=\"1\" fetchpriority=\"high\" decoding=\"async\" width=\"800\" height=\"533\" src=\"https:\/\/i0.wp.com\/blogdoeloiltoncajuhy.com.br\/site\/wp-content\/uploads\/2022\/11\/Raphinha-e-Vini-Junior-fizeram-golacos-em-treino-da-Selecao-%E2%80%94-Foto-Lucas-Figueiredo-CBF.webp?resize=800%2C533\" alt=\"\" class=\"wp-image-70094\" srcset=\"https:\/\/i0.wp.com\/blogdoeloiltoncajuhy.com.br\/site\/wp-content\/uploads\/2022\/11\/Raphinha-e-Vini-Junior-fizeram-golacos-em-treino-da-Selecao-%E2%80%94-Foto-Lucas-Figueiredo-CBF.webp?w=984&amp;ssl=1 984w, https:\/\/i0.wp.com\/blogdoeloiltoncajuhy.com.br\/site\/wp-content\/uploads\/2022\/11\/Raphinha-e-Vini-Junior-fizeram-golacos-em-treino-da-Selecao-%E2%80%94-Foto-Lucas-Figueiredo-CBF.webp?resize=300%2C200&amp;ssl=1 300w, https:\/\/i0.wp.com\/blogdoeloiltoncajuhy.com.br\/site\/wp-content\/uploads\/2022\/11\/Raphinha-e-Vini-Junior-fizeram-golacos-em-treino-da-Selecao-%E2%80%94-Foto-Lucas-Figueiredo-CBF.webp?resize=768%2C512&amp;ssl=1 768w\" sizes=\"(max-width: 800px) 100vw, 800px\" \/><\/a><figcaption class=\"wp-element-caption\"><sub>Raphinha e Vini J\u00fanior fizeram gola\u00e7os em treino da Sele\u00e7\u00e3o \u2014 Foto: Lucas Figueiredo \/ CBF<\/sub><\/figcaption><\/figure>\n\n\n\n<p>A sele\u00e7\u00e3o brasileira fez nesta segunda-feira o primeiro treino de prepara\u00e7\u00e3o para a Copa do Mundo. A atividade, realizada no CT da Juventus, em Turim, na It\u00e1lia, foi marcada por gola\u00e7os de Raphinha e Vinicius Junior.<\/p>\n\n\n\n<p>Marquinhos e Neymar, que tiveram um problema no voo, apresentaram-se mais tarde. Por outro lado, Antony foi a campo, depois de desfalcar o Manchester United nas \u00faltimas cinco partidas por uma les\u00e3o.<\/p>\n\n\n\n<p>Os dois jogadores do Paris Saint-Germain chegaram ao local quando o primeiro treino da Sele\u00e7\u00e3o j\u00e1 acontecia e, assim, n\u00e3o foram a campo.<\/p>\n\n\n\n<p>Marquinhos desperta aten\u00e7\u00e3o da comiss\u00e3o t\u00e9cnica de Tite por conta de um problema f\u00edsico. O zagueiro ficou fora do jogo entre PSG e Auxerre (5 a 0) por &#8220;desconforto muscular&#8221;. Inicialmente, o caso n\u00e3o preocupa, mas o atleta ser\u00e1 avaliado.<\/p>\n\n\n\n<p>O primeiro treino para a Copa contou com 14 atletas em campo. Al\u00e9m dos tr\u00eas goleiros (Alisson, Ederson e Weverton), trabalharam com bola os seguintes jogadores: Alex Sandro, Alex Telles, Antony, Daniel Alves, \u00c9der Milit\u00e3o, \u00c9verton Ribeiro, Fred, Pedro, Raphinha, Rodrygo e Vini J\u00fanior.<\/p>\n\n\n\n<p>J\u00e1 os demais, que atuaram por seus clubes no fim de semana, ficaram na parte interna do CT, em trabalho regenerativo.<\/p>\n\n\n\n<p>O Brasil vai treinar em Turim por cinco dias antes de embarcar, no s\u00e1bado, para Doha. No total, ser\u00e3o nove atividades at\u00e9 a estreia na Copa, dia 24, contra a S\u00e9rvia, \u00e0s 16h (de Bras\u00edlia).<\/p>\n\n\n\n<figure class=\"wp-block-image aligncenter size-full\"><a href=\"https:\/\/i0.wp.com\/blogdoeloiltoncajuhy.com.br\/site\/wp-content\/uploads\/2022\/11\/Jogadores-da-selecao-brasileira-durante-treino-no-CT-da-Juventus-Turim-Italia-%E2%80%94-Foto_Lucas-FigueiredoCBF.webp\"><img data-recalc-dims=\"1\" decoding=\"async\" width=\"800\" height=\"533\" src=\"https:\/\/i0.wp.com\/blogdoeloiltoncajuhy.com.br\/site\/wp-content\/uploads\/2022\/11\/Jogadores-da-selecao-brasileira-durante-treino-no-CT-da-Juventus-Turim-Italia-%E2%80%94-Foto_Lucas-FigueiredoCBF.webp?resize=800%2C533\" alt=\"\" class=\"wp-image-70095\" srcset=\"https:\/\/i0.wp.com\/blogdoeloiltoncajuhy.com.br\/site\/wp-content\/uploads\/2022\/11\/Jogadores-da-selecao-brasileira-durante-treino-no-CT-da-Juventus-Turim-Italia-%E2%80%94-Foto_Lucas-FigueiredoCBF.webp?w=984&amp;ssl=1 984w, https:\/\/i0.wp.com\/blogdoeloiltoncajuhy.com.br\/site\/wp-content\/uploads\/2022\/11\/Jogadores-da-selecao-brasileira-durante-treino-no-CT-da-Juventus-Turim-Italia-%E2%80%94-Foto_Lucas-FigueiredoCBF.webp?resize=300%2C200&amp;ssl=1 300w, https:\/\/i0.wp.com\/blogdoeloiltoncajuhy.com.br\/site\/wp-content\/uploads\/2022\/11\/Jogadores-da-selecao-brasileira-durante-treino-no-CT-da-Juventus-Turim-Italia-%E2%80%94-Foto_Lucas-FigueiredoCBF.webp?resize=768%2C512&amp;ssl=1 768w\" sizes=\"(max-width: 800px) 100vw, 800px\" \/><\/a><figcaption class=\"wp-element-caption\"><sub>Jogadores da sele\u00e7\u00e3o brasileira durante treino no CT da Juventus, em Turim, na It\u00e1lia \u2014 Foto: Lucas Figueiredo\/CBF<\/sub><\/figcaption><\/figure>\n","protected":false},"excerpt":{"rendered":"<p>Raphinha e Vinicius J\u00fanior marcaram na atividade realizada no CT da Juventus. Por Raphael Zarko\/ge \u2014 Turim A sele\u00e7\u00e3o brasileira fez nesta segunda-feira o primeiro treino de prepara\u00e7\u00e3o para a Copa do Mundo. A atividade, realizada no CT da Juventus, em Turim, na It\u00e1lia, foi marcada por gola\u00e7os de Raphinha e Vinicius Junior. Marquinhos e [&hellip;]<\/p>\n","protected":false},"author":2,"featured_media":70095,"comment_status":"open","ping_status":"open","sticky":false,"template":"","format":"standard","meta":{"_acf_changed":false,"_monsterinsights_skip_tracking":false,"_monsterinsights_sitenote_active":false,"_monsterinsights_sitenote_note":"","_monsterinsights_sitenote_category":0,"_jetpack_memberships_contains_paid_content":false,"footnotes":"","jetpack_publicize_message":"","jetpack_publicize_feature_enabled":true,"jetpack_social_post_already_shared":true,"jetpack_social_options":{"image_generator_settings":{"template":"highway","default_image_id":0,"font":"","enabled":false},"version":2}},"categories":[6],"tags":[],"class_list":["post-70093","post","type-post","status-publish","format-standard","has-post-thumbnail","hentry","category-esportes"],"acf":[],"jetpack_publicize_connections":[],"jetpack_featured_media_url":"https:\/\/i0.wp.com\/blogdoeloiltoncajuhy.com.br\/site\/wp-content\/uploads\/2022\/11\/Jogadores-da-selecao-brasileira-durante-treino-no-CT-da-Juventus-Turim-Italia-%E2%80%94-Foto_Lucas-FigueiredoCBF.webp?fit=984%2C656&ssl=1","jetpack_sharing_enabled":true,"publishpress_future_workflow_manual_trigger":{"enabledWorkflows":[]},"_links":{"self":[{"href":"https:\/\/blogdoeloiltoncajuhy.com.br\/site\/wp-json\/wp\/v2\/posts\/70093","targetHints":{"allow":["GET"]}}],"collection":[{"href":"https:\/\/blogdoeloiltoncajuhy.com.br\/site\/wp-json\/wp\/v2\/posts"}],"about":[{"href":"https:\/\/blogdoeloiltoncajuhy.com.br\/site\/wp-json\/wp\/v2\/types\/post"}],"author":[{"embeddable":true,"href":"https:\/\/blogdoeloiltoncajuhy.com.br\/site\/wp-json\/wp\/v2\/users\/2"}],"replies":[{"embeddable":true,"href":"https:\/\/blogdoeloiltoncajuhy.com.br\/site\/wp-json\/wp\/v2\/comments?post=70093"}],"version-history":[{"count":1,"href":"https:\/\/blogdoeloiltoncajuhy.com.br\/site\/wp-json\/wp\/v2\/posts\/70093\/revisions"}],"predecessor-version":[{"id":70096,"href":"https:\/\/blogdoeloiltoncajuhy.com.br\/site\/wp-json\/wp\/v2\/posts\/70093\/revisions\/70096"}],"wp:featuredmedia":[{"embeddable":true,"href":"https:\/\/blogdoeloiltoncajuhy.com.br\/site\/wp-json\/wp\/v2\/media\/70095"}],"wp:attachment":[{"href":"https:\/\/blogdoeloiltoncajuhy.com.br\/site\/wp-json\/wp\/v2\/media?parent=70093"}],"wp:term":[{"taxonomy":"category","embeddable":true,"href":"https:\/\/blogdoeloiltoncajuhy.com.br\/site\/wp-json\/wp\/v2\/categories?post=70093"},{"taxonomy":"post_tag","embeddable":true,"href":"https:\/\/blogdoeloiltoncajuhy.com.br\/site\/wp-json\/wp\/v2\/tags?post=70093"}],"curies":[{"name":"wp","href":"https:\/\/api.w.org\/{rel}","templated":true}]}}