{"id":70086,"date":"2022-11-14T09:17:55","date_gmt":"2022-11-14T12:17:55","guid":{"rendered":"http:\/\/blogdoeloiltoncajuhy.com.br\/site\/?p=70086"},"modified":"2022-11-14T09:20:04","modified_gmt":"2022-11-14T12:20:04","slug":"a-historia-esquecida-veja-foto-historica-da-turma-do-clube-da-esquina","status":"publish","type":"post","link":"https:\/\/blogdoeloiltoncajuhy.com.br\/site\/a-historia-esquecida-veja-foto-historica-da-turma-do-clube-da-esquina\/","title":{"rendered":"A Hist\u00f3ria Esquecida: Veja foto hist\u00f3rica da turma do Clube da Esquina"},"content":{"rendered":"\n<p><strong>Blog do Eloilton Cajuhy<\/strong><\/p>\n\n\n\n<p>A turma do <em>Clube da Esquina<\/em> foi clicada nos anos setenta pelo fot\u00f3grafo Cafi, a bordo do lend\u00e1rio jipe chamado Manuel o Audaz, capitaneado por Toninho Horta. O jipe amarelo modelo 1951 era de propriedade de Fernando Brant e levava o pessoal do clube para todos os lugares.<\/p>\n\n\n\n<p>\u201cComprei o jipe com o primeiro empr\u00e9stimo que fiz na vida, quinhentos cruzeiros na \u00e9poca, mas valeu a pena\u201d, afirmou certa vez Fernando Brant.<\/p>\n\n\n\n<p>Cafi iniciou sua vida profissional fotografando os quadros que ele pr\u00f3prio pintava na adolesc\u00eancia. Em 1968, conheceu Ronaldo Bastos que o apresentou para o restante da turma do Clube da Esquina.<\/p>\n\n\n\n<p>Nessa \u00e9poca, ele come\u00e7ou a trabalhar com os novos amigos, assinando as fotografias de diversas capas de discos, inclusive a capa do \u00e1lbum <em>Clube da Esquina<\/em>, de 1972, com os dois meninos fotografados \u00e0 beira da estrada.<\/p>\n\n\n\n<figure class=\"wp-block-image aligncenter size-full\"><a href=\"https:\/\/i0.wp.com\/blogdoeloiltoncajuhy.com.br\/site\/wp-content\/uploads\/2022\/11\/Clube-da-Esquina-Foto-Cafi.jpg\"><img data-recalc-dims=\"1\" fetchpriority=\"high\" decoding=\"async\" width=\"588\" height=\"557\" src=\"https:\/\/i0.wp.com\/blogdoeloiltoncajuhy.com.br\/site\/wp-content\/uploads\/2022\/11\/Clube-da-Esquina-Foto-Cafi.jpg?resize=588%2C557\" alt=\"\" class=\"wp-image-70087\" srcset=\"https:\/\/i0.wp.com\/blogdoeloiltoncajuhy.com.br\/site\/wp-content\/uploads\/2022\/11\/Clube-da-Esquina-Foto-Cafi.jpg?w=588&amp;ssl=1 588w, https:\/\/i0.wp.com\/blogdoeloiltoncajuhy.com.br\/site\/wp-content\/uploads\/2022\/11\/Clube-da-Esquina-Foto-Cafi.jpg?resize=300%2C284&amp;ssl=1 300w\" sizes=\"(max-width: 588px) 100vw, 588px\" \/><\/a><\/figure>\n\n\n\n<p class=\"has-black-color has-text-color\"><strong>A Hist\u00f3ria Esquecida<\/strong> &#8211; P\u00e1gina no Facebook<\/p>\n","protected":false},"excerpt":{"rendered":"<p>Blog do Eloilton Cajuhy A turma do Clube da Esquina foi clicada nos anos setenta pelo fot\u00f3grafo Cafi, a bordo do lend\u00e1rio jipe chamado Manuel o Audaz, capitaneado por Toninho Horta. O jipe amarelo modelo 1951 era de propriedade de Fernando Brant e levava o pessoal do clube para todos os lugares. \u201cComprei o jipe [&hellip;]<\/p>\n","protected":false},"author":2,"featured_media":70087,"comment_status":"open","ping_status":"open","sticky":false,"template":"","format":"standard","meta":{"_acf_changed":false,"_monsterinsights_skip_tracking":false,"_monsterinsights_sitenote_active":false,"_monsterinsights_sitenote_note":"","_monsterinsights_sitenote_category":0,"_jetpack_memberships_contains_paid_content":false,"footnotes":"","jetpack_publicize_message":"","jetpack_publicize_feature_enabled":true,"jetpack_social_post_already_shared":false,"jetpack_social_options":{"image_generator_settings":{"template":"highway","default_image_id":0,"font":"","enabled":false},"version":2}},"categories":[8],"tags":[],"class_list":["post-70086","post","type-post","status-publish","format-standard","has-post-thumbnail","hentry","category-cultura"],"acf":[],"jetpack_publicize_connections":[],"jetpack_featured_media_url":"https:\/\/i0.wp.com\/blogdoeloiltoncajuhy.com.br\/site\/wp-content\/uploads\/2022\/11\/Clube-da-Esquina-Foto-Cafi.jpg?fit=588%2C557&ssl=1","jetpack_sharing_enabled":true,"publishpress_future_workflow_manual_trigger":{"enabledWorkflows":[]},"_links":{"self":[{"href":"https:\/\/blogdoeloiltoncajuhy.com.br\/site\/wp-json\/wp\/v2\/posts\/70086","targetHints":{"allow":["GET"]}}],"collection":[{"href":"https:\/\/blogdoeloiltoncajuhy.com.br\/site\/wp-json\/wp\/v2\/posts"}],"about":[{"href":"https:\/\/blogdoeloiltoncajuhy.com.br\/site\/wp-json\/wp\/v2\/types\/post"}],"author":[{"embeddable":true,"href":"https:\/\/blogdoeloiltoncajuhy.com.br\/site\/wp-json\/wp\/v2\/users\/2"}],"replies":[{"embeddable":true,"href":"https:\/\/blogdoeloiltoncajuhy.com.br\/site\/wp-json\/wp\/v2\/comments?post=70086"}],"version-history":[{"count":2,"href":"https:\/\/blogdoeloiltoncajuhy.com.br\/site\/wp-json\/wp\/v2\/posts\/70086\/revisions"}],"predecessor-version":[{"id":70089,"href":"https:\/\/blogdoeloiltoncajuhy.com.br\/site\/wp-json\/wp\/v2\/posts\/70086\/revisions\/70089"}],"wp:featuredmedia":[{"embeddable":true,"href":"https:\/\/blogdoeloiltoncajuhy.com.br\/site\/wp-json\/wp\/v2\/media\/70087"}],"wp:attachment":[{"href":"https:\/\/blogdoeloiltoncajuhy.com.br\/site\/wp-json\/wp\/v2\/media?parent=70086"}],"wp:term":[{"taxonomy":"category","embeddable":true,"href":"https:\/\/blogdoeloiltoncajuhy.com.br\/site\/wp-json\/wp\/v2\/categories?post=70086"},{"taxonomy":"post_tag","embeddable":true,"href":"https:\/\/blogdoeloiltoncajuhy.com.br\/site\/wp-json\/wp\/v2\/tags?post=70086"}],"curies":[{"name":"wp","href":"https:\/\/api.w.org\/{rel}","templated":true}]}}