{"id":70083,"date":"2022-11-14T09:04:13","date_gmt":"2022-11-14T12:04:13","guid":{"rendered":"http:\/\/blogdoeloiltoncajuhy.com.br\/site\/?p=70083"},"modified":"2022-11-14T09:04:16","modified_gmt":"2022-11-14T12:04:16","slug":"covid-19-secretaria-do-ministerio-da-saude-volta-a-recomendar-uso-de-mascara","status":"publish","type":"post","link":"https:\/\/blogdoeloiltoncajuhy.com.br\/site\/covid-19-secretaria-do-ministerio-da-saude-volta-a-recomendar-uso-de-mascara\/","title":{"rendered":"Covid 19: Secretaria do Minist\u00e9rio da Sa\u00fade volta a recomendar uso de m\u00e1scara"},"content":{"rendered":"\n<p class=\"has-text-align-center has-medium-font-size\"><em>A pasta alerta para a circula\u00e7\u00e3o da subvariante da \u00f4micron BQ.1<\/em><\/p>\n\n\n\n<p><strong>Por Rede TV!<\/strong><\/p>\n\n\n\n<figure class=\"wp-block-image aligncenter size-full is-resized\"><a href=\"https:\/\/i0.wp.com\/blogdoeloiltoncajuhy.com.br\/site\/wp-content\/uploads\/2022\/01\/Corona-Teste-Covid-TR-Ag.jpeg\"><img data-recalc-dims=\"1\" fetchpriority=\"high\" decoding=\"async\" src=\"https:\/\/i0.wp.com\/blogdoeloiltoncajuhy.com.br\/site\/wp-content\/uploads\/2022\/01\/Corona-Teste-Covid-TR-Ag.jpeg?resize=640%2C480\" alt=\"\" class=\"wp-image-62266\" width=\"640\" height=\"480\" srcset=\"https:\/\/i0.wp.com\/blogdoeloiltoncajuhy.com.br\/site\/wp-content\/uploads\/2022\/01\/Corona-Teste-Covid-TR-Ag.jpeg?w=853&amp;ssl=1 853w, https:\/\/i0.wp.com\/blogdoeloiltoncajuhy.com.br\/site\/wp-content\/uploads\/2022\/01\/Corona-Teste-Covid-TR-Ag.jpeg?resize=300%2C225&amp;ssl=1 300w, https:\/\/i0.wp.com\/blogdoeloiltoncajuhy.com.br\/site\/wp-content\/uploads\/2022\/01\/Corona-Teste-Covid-TR-Ag.jpeg?resize=768%2C576&amp;ssl=1 768w\" sizes=\"(max-width: 640px) 100vw, 640px\" \/><\/a><\/figure>\n\n\n\n<p>A Secretaria de Vigil\u00e2ncia em Sa\u00fade do Minist\u00e9rio da Sa\u00fade voltou a recomendar aos estados e munic\u00edpios o uso de m\u00e1scara devido o aumento de casos da covid-19.<\/p>\n\n\n\n<p>Em nota divulgada no s\u00e1bado (12), a pasta alerta para a circula\u00e7\u00e3o da subvariante da \u00f4micron BQ.1, e alertou para o refor\u00e7o da higieniza\u00e7\u00e3o, principalmente de pessoas do grupo de risco, como imunossuprimidos, idosos, gestantes e pessoas com m\u00faltiplas comorbidades.<\/p>\n\n\n\n<p>O ministro da Sa\u00fade, Marcelo Queiroga, usou as redes sociais no s\u00e1bado para pedir que a popula\u00e7\u00e3o tome a 1\u00aa dose de refor\u00e7o. \u201cQuero lembrar tamb\u00e9m que mais de 69 milh\u00f5es de brasileiros n\u00e3o tomaram a primeira dose de refor\u00e7o contra a Covid-19. J\u00e1 32,8 milh\u00f5es de pessoas poderiam ter recebido a segunda dose de refor\u00e7o contra a doen\u00e7a, mas ainda n\u00e3o se vacinaram,\u201d escreveu Queiroga.<\/p>\n\n\n\n<figure class=\"wp-block-image aligncenter size-full is-resized\"><a href=\"https:\/\/i0.wp.com\/blogdoeloiltoncajuhy.com.br\/site\/wp-content\/uploads\/2022\/11\/Queiroga_Twiter.png\"><img data-recalc-dims=\"1\" decoding=\"async\" src=\"https:\/\/i0.wp.com\/blogdoeloiltoncajuhy.com.br\/site\/wp-content\/uploads\/2022\/11\/Queiroga_Twiter.png?resize=526%2C304\" alt=\"\" class=\"wp-image-70084\" width=\"526\" height=\"304\" srcset=\"https:\/\/i0.wp.com\/blogdoeloiltoncajuhy.com.br\/site\/wp-content\/uploads\/2022\/11\/Queiroga_Twiter.png?w=701&amp;ssl=1 701w, https:\/\/i0.wp.com\/blogdoeloiltoncajuhy.com.br\/site\/wp-content\/uploads\/2022\/11\/Queiroga_Twiter.png?resize=300%2C173&amp;ssl=1 300w\" sizes=\"(max-width: 526px) 100vw, 526px\" \/><\/a><\/figure>\n\n\n\n<p class=\"has-black-color has-text-color has-medium-font-size\"><strong>Confira as recomenda\u00e7\u00f5es do Minist\u00e9rio da Sa\u00fade:<\/strong><\/p>\n\n\n\n<ul class=\"wp-block-list\">\n<li>A higieniza\u00e7\u00e3o frequente das m\u00e3os com \u00e1lcool 70% ou \u00e1gua e sab\u00e3o;<\/li>\n\n\n\n<li>Uso de m\u00e1scaras de prote\u00e7\u00e3o facial: principalmente por indiv\u00edduos com fatores de risco; pessoas que tiveram contato com casos confirmados; pessoas em situa\u00e7\u00f5es de maior risco de contamina\u00e7\u00e3o como locais fechados e mal ventilados, locais com aglomera\u00e7\u00e3o e servi\u00e7os de sa\u00fade;<\/li>\n<\/ul>\n\n\n\n<ul class=\"wp-block-list\">\n<li>Isolamento de casos suspeitos e confirmados para covid-19<\/li>\n<\/ul>\n","protected":false},"excerpt":{"rendered":"<p>A pasta alerta para a circula\u00e7\u00e3o da subvariante da \u00f4micron BQ.1 Por Rede TV! A Secretaria de Vigil\u00e2ncia em Sa\u00fade do Minist\u00e9rio da Sa\u00fade voltou a recomendar aos estados e munic\u00edpios o uso de m\u00e1scara devido o aumento de casos da covid-19. Em nota divulgada no s\u00e1bado (12), a pasta alerta para a circula\u00e7\u00e3o da [&hellip;]<\/p>\n","protected":false},"author":2,"featured_media":43446,"comment_status":"open","ping_status":"open","sticky":false,"template":"","format":"standard","meta":{"_acf_changed":false,"_monsterinsights_skip_tracking":false,"_monsterinsights_sitenote_active":false,"_monsterinsights_sitenote_note":"","_monsterinsights_sitenote_category":0,"_jetpack_memberships_contains_paid_content":false,"footnotes":"","jetpack_publicize_message":"","jetpack_publicize_feature_enabled":true,"jetpack_social_post_already_shared":true,"jetpack_social_options":{"image_generator_settings":{"template":"highway","default_image_id":0,"font":"","enabled":false},"version":2}},"categories":[7],"tags":[],"class_list":["post-70083","post","type-post","status-publish","format-standard","has-post-thumbnail","hentry","category-saude"],"acf":[],"jetpack_publicize_connections":[],"jetpack_featured_media_url":"https:\/\/i0.wp.com\/blogdoeloiltoncajuhy.com.br\/site\/wp-content\/uploads\/2020\/04\/UsoMascara.jpeg?fit=1280%2C850&ssl=1","jetpack_sharing_enabled":true,"publishpress_future_workflow_manual_trigger":{"enabledWorkflows":[]},"_links":{"self":[{"href":"https:\/\/blogdoeloiltoncajuhy.com.br\/site\/wp-json\/wp\/v2\/posts\/70083","targetHints":{"allow":["GET"]}}],"collection":[{"href":"https:\/\/blogdoeloiltoncajuhy.com.br\/site\/wp-json\/wp\/v2\/posts"}],"about":[{"href":"https:\/\/blogdoeloiltoncajuhy.com.br\/site\/wp-json\/wp\/v2\/types\/post"}],"author":[{"embeddable":true,"href":"https:\/\/blogdoeloiltoncajuhy.com.br\/site\/wp-json\/wp\/v2\/users\/2"}],"replies":[{"embeddable":true,"href":"https:\/\/blogdoeloiltoncajuhy.com.br\/site\/wp-json\/wp\/v2\/comments?post=70083"}],"version-history":[{"count":1,"href":"https:\/\/blogdoeloiltoncajuhy.com.br\/site\/wp-json\/wp\/v2\/posts\/70083\/revisions"}],"predecessor-version":[{"id":70085,"href":"https:\/\/blogdoeloiltoncajuhy.com.br\/site\/wp-json\/wp\/v2\/posts\/70083\/revisions\/70085"}],"wp:featuredmedia":[{"embeddable":true,"href":"https:\/\/blogdoeloiltoncajuhy.com.br\/site\/wp-json\/wp\/v2\/media\/43446"}],"wp:attachment":[{"href":"https:\/\/blogdoeloiltoncajuhy.com.br\/site\/wp-json\/wp\/v2\/media?parent=70083"}],"wp:term":[{"taxonomy":"category","embeddable":true,"href":"https:\/\/blogdoeloiltoncajuhy.com.br\/site\/wp-json\/wp\/v2\/categories?post=70083"},{"taxonomy":"post_tag","embeddable":true,"href":"https:\/\/blogdoeloiltoncajuhy.com.br\/site\/wp-json\/wp\/v2\/tags?post=70083"}],"curies":[{"name":"wp","href":"https:\/\/api.w.org\/{rel}","templated":true}]}}