{"id":70079,"date":"2022-11-14T02:00:00","date_gmt":"2022-11-14T05:00:00","guid":{"rendered":"http:\/\/blogdoeloiltoncajuhy.com.br\/site\/?p=70079"},"modified":"2022-11-13T21:45:00","modified_gmt":"2022-11-14T00:45:00","slug":"14-de-novembro-e-aniversario-de-almir-sater","status":"publish","type":"post","link":"https:\/\/blogdoeloiltoncajuhy.com.br\/site\/14-de-novembro-e-aniversario-de-almir-sater\/","title":{"rendered":"14 de novembro \u00e9 anivers\u00e1rio de Almir Sater"},"content":{"rendered":"\n<p><strong>Blog do Eloilton Cajuhy<\/strong><\/p>\n\n\n\n<figure class=\"wp-block-image aligncenter size-full is-resized\"><a href=\"https:\/\/i0.wp.com\/blogdoeloiltoncajuhy.com.br\/site\/wp-content\/uploads\/2022\/11\/Almir-Sater-01.jpg\"><img data-recalc-dims=\"1\" fetchpriority=\"high\" decoding=\"async\" src=\"https:\/\/i0.wp.com\/blogdoeloiltoncajuhy.com.br\/site\/wp-content\/uploads\/2022\/11\/Almir-Sater-01.jpg?resize=547%2C547\" alt=\"\" class=\"wp-image-70080\" width=\"547\" height=\"547\" srcset=\"https:\/\/i0.wp.com\/blogdoeloiltoncajuhy.com.br\/site\/wp-content\/uploads\/2022\/11\/Almir-Sater-01.jpg?w=500&amp;ssl=1 500w, https:\/\/i0.wp.com\/blogdoeloiltoncajuhy.com.br\/site\/wp-content\/uploads\/2022\/11\/Almir-Sater-01.jpg?resize=300%2C300&amp;ssl=1 300w, https:\/\/i0.wp.com\/blogdoeloiltoncajuhy.com.br\/site\/wp-content\/uploads\/2022\/11\/Almir-Sater-01.jpg?resize=150%2C150&amp;ssl=1 150w\" sizes=\"(max-width: 547px) 100vw, 547px\" \/><\/a><\/figure>\n\n\n\n<p>De acordo com a <strong><em>Wikip\u00e9dia<\/em><\/strong>, <strong>Almir Eduardo Melke Sater<\/strong> nasceu em Campo Grande-MS, no dia 14 de novembro de 1956. Violeiro, cantor, compositor, ator e instrumentista brasileiro, gravou seu primeiro disco solo, <em>Estradeiro<\/em>, em 1981 pela Continental. Participou de diversos shows e festivais de m\u00fasica e, nos anos 90, ao aceitar convites para representar em novelas &#8220;personagens de violeiro&#8221;, se tornou conhecido nacionalmente como cantor e ator. Em 2012, figurou entre os 30 maiores \u00edcones brasileiros da guitarra e do viol\u00e3o.<\/p>\n\n\n\n<p>Com mais de 30 anos de carreira e 10 discos solo gravados, Almir tornou-se um dos respons\u00e1veis pela preserva\u00e7\u00e3o da viola de 10 cordas. O m\u00fasico acrescentou um toque mais sofisticado ao instrumento, temperado com estilos estrangeiros como o blues, o rock e o folk, uma mistura de m\u00fasica folcl\u00f3rica, cl\u00e1ssica e popular.<\/p>\n\n\n\n<figure class=\"wp-block-image aligncenter size-large is-resized\"><a href=\"https:\/\/i0.wp.com\/blogdoeloiltoncajuhy.com.br\/site\/wp-content\/uploads\/2022\/11\/Almir-Sater-02.jpg\"><img data-recalc-dims=\"1\" decoding=\"async\" src=\"https:\/\/i0.wp.com\/blogdoeloiltoncajuhy.com.br\/site\/wp-content\/uploads\/2022\/11\/Almir-Sater-02.jpg?resize=768%2C432\" alt=\"\" class=\"wp-image-70081\" width=\"768\" height=\"432\" srcset=\"https:\/\/i0.wp.com\/blogdoeloiltoncajuhy.com.br\/site\/wp-content\/uploads\/2022\/11\/Almir-Sater-02.jpg?resize=1024%2C576&amp;ssl=1 1024w, https:\/\/i0.wp.com\/blogdoeloiltoncajuhy.com.br\/site\/wp-content\/uploads\/2022\/11\/Almir-Sater-02.jpg?resize=300%2C169&amp;ssl=1 300w, https:\/\/i0.wp.com\/blogdoeloiltoncajuhy.com.br\/site\/wp-content\/uploads\/2022\/11\/Almir-Sater-02.jpg?resize=768%2C432&amp;ssl=1 768w, https:\/\/i0.wp.com\/blogdoeloiltoncajuhy.com.br\/site\/wp-content\/uploads\/2022\/11\/Almir-Sater-02.jpg?w=1280&amp;ssl=1 1280w\" sizes=\"(max-width: 768px) 100vw, 768px\" \/><\/a><\/figure>\n\n\n\n<p>Fez parte da Gera\u00e7\u00e3o Prata da Casa no in\u00edcio dos anos 80, sendo uma das principais atra\u00e7\u00f5es do movimento que juntou os maiores expoentes da m\u00fasica sul-mato-grossense.<\/p>\n\n\n\n<p>Em 1986, juntamente com o parceiro Paulo Sim\u00f5es, com o maestro e violinista Z\u00e9 Gomes, o jornalista, cr\u00edtico e pesquisador Zuza Homem de Mello e do fot\u00f3grafo Raimundo Alves Filho, iniciou uma comitiva que explorou o Pantanal, realizando registros fotogr\u00e1ficos, pesquisando o modo de vida dos pantaneiros de maneira po\u00e9tica, enquanto percorriam o Paiagu\u00e1s, Nhecol\u00e2ndia, Piquiri, S\u00e3o Louren\u00e7o e Abobral. Esse projeto, batizado de <em>Comitiva Esperan\u00e7a<\/em>, resultou em document\u00e1rio coproduzido pelo pr\u00f3prio artista, juntamente com Paulo Sim\u00f5es.<\/p>\n","protected":false},"excerpt":{"rendered":"<p>Blog do Eloilton Cajuhy De acordo com a Wikip\u00e9dia, Almir Eduardo Melke Sater nasceu em Campo Grande-MS, no dia 14 de novembro de 1956. Violeiro, cantor, compositor, ator e instrumentista brasileiro, gravou seu primeiro disco solo, Estradeiro, em 1981 pela Continental. Participou de diversos shows e festivais de m\u00fasica e, nos anos 90, ao aceitar [&hellip;]<\/p>\n","protected":false},"author":2,"featured_media":70080,"comment_status":"open","ping_status":"open","sticky":false,"template":"","format":"standard","meta":{"_acf_changed":false,"_monsterinsights_skip_tracking":false,"_monsterinsights_sitenote_active":false,"_monsterinsights_sitenote_note":"","_monsterinsights_sitenote_category":0,"_jetpack_memberships_contains_paid_content":false,"footnotes":"","jetpack_publicize_message":"","jetpack_publicize_feature_enabled":true,"jetpack_social_post_already_shared":true,"jetpack_social_options":{"image_generator_settings":{"template":"highway","default_image_id":0,"font":"","enabled":false},"version":2}},"categories":[12],"tags":[],"class_list":["post-70079","post","type-post","status-publish","format-standard","has-post-thumbnail","hentry","category-gente-que-faz-a-nossa-historia"],"acf":[],"jetpack_publicize_connections":[],"jetpack_featured_media_url":"https:\/\/i0.wp.com\/blogdoeloiltoncajuhy.com.br\/site\/wp-content\/uploads\/2022\/11\/Almir-Sater-01.jpg?fit=500%2C500&ssl=1","jetpack_sharing_enabled":true,"publishpress_future_workflow_manual_trigger":{"enabledWorkflows":[]},"_links":{"self":[{"href":"https:\/\/blogdoeloiltoncajuhy.com.br\/site\/wp-json\/wp\/v2\/posts\/70079","targetHints":{"allow":["GET"]}}],"collection":[{"href":"https:\/\/blogdoeloiltoncajuhy.com.br\/site\/wp-json\/wp\/v2\/posts"}],"about":[{"href":"https:\/\/blogdoeloiltoncajuhy.com.br\/site\/wp-json\/wp\/v2\/types\/post"}],"author":[{"embeddable":true,"href":"https:\/\/blogdoeloiltoncajuhy.com.br\/site\/wp-json\/wp\/v2\/users\/2"}],"replies":[{"embeddable":true,"href":"https:\/\/blogdoeloiltoncajuhy.com.br\/site\/wp-json\/wp\/v2\/comments?post=70079"}],"version-history":[{"count":1,"href":"https:\/\/blogdoeloiltoncajuhy.com.br\/site\/wp-json\/wp\/v2\/posts\/70079\/revisions"}],"predecessor-version":[{"id":70082,"href":"https:\/\/blogdoeloiltoncajuhy.com.br\/site\/wp-json\/wp\/v2\/posts\/70079\/revisions\/70082"}],"wp:featuredmedia":[{"embeddable":true,"href":"https:\/\/blogdoeloiltoncajuhy.com.br\/site\/wp-json\/wp\/v2\/media\/70080"}],"wp:attachment":[{"href":"https:\/\/blogdoeloiltoncajuhy.com.br\/site\/wp-json\/wp\/v2\/media?parent=70079"}],"wp:term":[{"taxonomy":"category","embeddable":true,"href":"https:\/\/blogdoeloiltoncajuhy.com.br\/site\/wp-json\/wp\/v2\/categories?post=70079"},{"taxonomy":"post_tag","embeddable":true,"href":"https:\/\/blogdoeloiltoncajuhy.com.br\/site\/wp-json\/wp\/v2\/tags?post=70079"}],"curies":[{"name":"wp","href":"https:\/\/api.w.org\/{rel}","templated":true}]}}