{"id":70077,"date":"2022-11-14T00:15:00","date_gmt":"2022-11-14T03:15:00","guid":{"rendered":"http:\/\/blogdoeloiltoncajuhy.com.br\/site\/?p=70077"},"modified":"2022-11-13T21:26:16","modified_gmt":"2022-11-14T00:26:16","slug":"acesso-aos-cuidados-se-nao-agora-quando-14-11-dia-mundial-e-nacional-do-diabetes","status":"publish","type":"post","link":"https:\/\/blogdoeloiltoncajuhy.com.br\/site\/acesso-aos-cuidados-se-nao-agora-quando-14-11-dia-mundial-e-nacional-do-diabetes\/","title":{"rendered":"\u201cAcesso aos Cuidados \u2013 se n\u00e3o agora, quando?\u201d: 14\/11 \u2013 Dia Mundial e Nacional do Diabetes"},"content":{"rendered":"\n<p><strong>Blog do Eloilton Cajuhy<\/strong><\/p>\n\n\n\n<figure class=\"wp-block-image aligncenter size-large is-resized\"><a href=\"https:\/\/i0.wp.com\/blogdoeloiltoncajuhy.com.br\/site\/wp-content\/uploads\/2022\/08\/saude-diabetes.webp\"><img data-recalc-dims=\"1\" fetchpriority=\"high\" decoding=\"async\" src=\"https:\/\/i0.wp.com\/blogdoeloiltoncajuhy.com.br\/site\/wp-content\/uploads\/2022\/08\/saude-diabetes.webp?resize=768%2C512\" alt=\"\" class=\"wp-image-67719\" width=\"768\" height=\"512\" srcset=\"https:\/\/i0.wp.com\/blogdoeloiltoncajuhy.com.br\/site\/wp-content\/uploads\/2022\/08\/saude-diabetes.webp?resize=1024%2C683&amp;ssl=1 1024w, https:\/\/i0.wp.com\/blogdoeloiltoncajuhy.com.br\/site\/wp-content\/uploads\/2022\/08\/saude-diabetes.webp?resize=300%2C200&amp;ssl=1 300w, https:\/\/i0.wp.com\/blogdoeloiltoncajuhy.com.br\/site\/wp-content\/uploads\/2022\/08\/saude-diabetes.webp?resize=768%2C512&amp;ssl=1 768w, https:\/\/i0.wp.com\/blogdoeloiltoncajuhy.com.br\/site\/wp-content\/uploads\/2022\/08\/saude-diabetes.webp?w=1500&amp;ssl=1 1500w\" sizes=\"(max-width: 768px) 100vw, 768px\" \/><\/a><\/figure>\n\n\n\n<p>O Dia Mundial da Diabetes \u00e9 comemorado desde 1991, em 14 de novembro, data de anivers\u00e1rio de Sir Frederick Banting, co-descobridor da insulina, juntamente com Charles Best.<\/p>\n\n\n\n<p>O tema adotado para as campanhas dos anos de 2021 a 2023 \u00e9 \u201cAcesso aos Cuidados da Diabetes\u201d.<\/p>\n\n\n\n<p>Globalmente, estima-se que 422 milh\u00f5es de adultos viviam com diabetes em 2014, em compara\u00e7\u00e3o com 108 milh\u00f5es em 1980. A preval\u00eancia global de diabetes quase dobrou desde 1980, passando de 4,7% para 8,5% na popula\u00e7\u00e3o adulta. Isso reflete um aumento nos fatores de risco associados, como sobrepeso ou obesidade.<\/p>\n\n\n\n<p>Novos n\u00fameros da 10\u00aa edi\u00e7\u00e3o do Atlas de Diabetes da International Diabetes Federation (IDF) revelam que 537 milh\u00f5es de adultos em todo o mundo vivem com a doen\u00e7a, mostrando um aumento global cont\u00ednuo na sua preval\u00eancia e confirmando o diabetes como um desafio global significativo para a sa\u00fade e o bem-estar de indiv\u00edduos, fam\u00edlias e sociedades.<\/p>\n\n\n\n<p>Diabetes \u00e9 uma doen\u00e7a cr\u00f4nica na qual o corpo n\u00e3o produz insulina ou n\u00e3o consegue empregar adequadamente a insulina \u2013 horm\u00f4nio produzido pelo p\u00e2ncreas respons\u00e1vel pela manuten\u00e7\u00e3o do metabolismo da glicose. Sua falta provoca d\u00e9ficit na metaboliza\u00e7\u00e3o da glicose e, consequentemente, diabetes. Caracteriza-se por altas taxas de a\u00e7\u00facar no sangue (hiperglicemia) de forma permanente.<\/p>\n\n\n\n<p class=\"has-black-color has-text-color has-medium-font-size\"><strong>Tipos:<\/strong><\/p>\n\n\n\n<p><strong>\u2013 Tipo 1:<\/strong> causado pela destrui\u00e7\u00e3o das c\u00e9lulas produtoras de insulina, em decorr\u00eancia de defeito do sistema imunol\u00f3gico em que os anticorpos atacam as c\u00e9lulas que produzem a insulina. Ocorre em cerca de 5 a 10% dos diab\u00e9ticos.<\/p>\n\n\n\n<p><strong>\u2013 Tipo 2:<\/strong> resulta da resist\u00eancia \u00e0 insulina e de defici\u00eancia na sua secre\u00e7\u00e3o. Ocorre em cerca de 90% dos diab\u00e9ticos.<\/p>\n\n\n\n<p><strong>\u2013 Diabetes Gestacional:<\/strong> \u00e9 a diminui\u00e7\u00e3o da toler\u00e2ncia \u00e0 glicose, diagnosticada pela primeira vez na gesta\u00e7\u00e3o, podendo ou n\u00e3o persistir ap\u00f3s o parto. Sua causa exata ainda n\u00e3o \u00e9 conhecida.<\/p>\n\n\n\n<p><strong>\u2013 Outros tipos:<\/strong> s\u00e3o decorrentes de defeitos gen\u00e9ticos associados com outras doen\u00e7as ou com o uso de medicamentos.<\/p>\n\n\n\n<p>Podem ser: defeitos gen\u00e9ticos da fun\u00e7\u00e3o da c\u00e9lula beta; defeitos gen\u00e9ticos na a\u00e7\u00e3o da insulina; doen\u00e7as do p\u00e2ncreas (pancreatite, neoplasia, hemocromatose, fibrose c\u00edstica, etc.); induzidos por drogas ou produtos qu\u00edmicos (diur\u00e9ticos, corticoides, betabloqueadores, contraceptivos, etc.).<\/p>\n\n\n\n<p class=\"has-black-color has-text-color has-medium-font-size\"><strong>Principais sintomas do diabetes tipo 1:<\/strong><\/p>\n\n\n\n<p>\u2013 vontade de urinar diversas vezes;<br>\u2013 fome frequente;<br>\u2013 sede constante;<br>\u2013 perda de peso;<br>\u2013 fraqueza;<br>\u2013 fadiga;<br>\u2013 nervosismo;<br>\u2013 mudan\u00e7as de humor;<br>\u2013 n\u00e1usea;<br>\u2013 v\u00f4mito.<\/p>\n\n\n\n<p class=\"has-black-color has-text-color has-medium-font-size\"><strong>Principais sintomas do diabetes tipo 2:<\/strong><\/p>\n\n\n\n<p>\u2013 infec\u00e7\u00f5es frequentes;<br>\u2013 altera\u00e7\u00e3o visual (vis\u00e3o emba\u00e7ada);<br>\u2013 dificuldade na cicatriza\u00e7\u00e3o de feridas;<br>\u2013 formigamento nos p\u00e9s;<br>\u2013 fur\u00fanculos.<\/p>\n\n\n\n<p class=\"has-black-color has-text-color has-medium-font-size\"><strong>Complica\u00e7\u00f5es:<\/strong><\/p>\n\n\n\n<p>O tratamento correto do diabetes significa manter uma vida saud\u00e1vel, evitando diversas complica\u00e7\u00f5es que surgem em consequ\u00eancia do mau controle da glicemia. Altas taxas de a\u00e7\u00facar no sangue, por tempo prolongado, podem causar s\u00e9rios danos \u00e0 sa\u00fade: cegueira, insufici\u00eancia renal, ataque card\u00edaco, acidente vascular cerebral e amputa\u00e7\u00e3o de membros inferiores.<\/p>\n\n\n\n<p class=\"has-black-color has-text-color has-medium-font-size\"><strong>Tratamento e preven\u00e7\u00e3o:<\/strong><\/p>\n\n\n\n<p>Uma dieta saud\u00e1vel, atividade f\u00edsica e evitar o uso de tabaco podem prevenir ou retardar o diabetes tipo 2. Al\u00e9m disso, a doen\u00e7a pode ser tratada e suas consequ\u00eancias evitadas ou retardadas com medicamentos, exames regulares e tratamento de complica\u00e7\u00f5es.<\/p>\n\n\n\n<p>Fa\u00e7a o teste dispon\u00edvel na p\u00e1gina da International Diabetes Federation, em portugu\u00eas, para conhecer seu risco de desenvolver diabetes tipo 2.<\/p>\n\n\n\n<p class=\"has-black-color has-text-color has-medium-font-size\"><strong>Sobre o teste:<\/strong><\/p>\n\n\n\n<p>A avalia\u00e7\u00e3o de risco do diabetes do tipo 2 on-line n\u00e3o \u00e9 uma ferramenta para diagn\u00f3stico. Ela foi criada para pessoas sem diagn\u00f3stico atual do diabetes e destina-se a ressaltar o risco de uma pessoa desenvolver diabetes do tipo 2 nos pr\u00f3ximos 10 anos. Os resultados n\u00e3o s\u00e3o conselhos m\u00e9dicos. Se voc\u00ea estiver em risco ou preocupado com o diabetes, aconselhamos a visita a um profissional de sa\u00fade para mais informa\u00e7\u00f5es.<\/p>\n\n\n\n<p>A Sociedade Brasileira de Diabetes (SBD) disponibiliza uma programa\u00e7\u00e3o especial durante todo o m\u00eas de novembro no Diabetes Play, plataforma de v\u00eddeos com conte\u00fados para m\u00e9dicos, enfermeiros e p\u00fablico em geral.<\/p>\n\n\n\n<p class=\"has-black-color has-text-color\"><strong>Fontes:<\/strong><\/p>\n\n\n\n<p>Associa\u00e7\u00e3o Nacional de Aten\u00e7\u00e3o ao Diabetes<br>International Diabetes Federation<br>Organiza\u00e7\u00e3o das Na\u00e7\u00f5es Unidas (ONU)<br>Sociedade Brasileira de Diabetes<br>Sociedade Brasileira de Endocrinologia e Metabologia<\/p>\n","protected":false},"excerpt":{"rendered":"<p>Blog do Eloilton Cajuhy O Dia Mundial da Diabetes \u00e9 comemorado desde 1991, em 14 de novembro, data de anivers\u00e1rio de Sir Frederick Banting, co-descobridor da insulina, juntamente com Charles Best. O tema adotado para as campanhas dos anos de 2021 a 2023 \u00e9 \u201cAcesso aos Cuidados da Diabetes\u201d. Globalmente, estima-se que 422 milh\u00f5es de [&hellip;]<\/p>\n","protected":false},"author":2,"featured_media":60884,"comment_status":"open","ping_status":"open","sticky":false,"template":"","format":"standard","meta":{"_acf_changed":false,"_monsterinsights_skip_tracking":false,"_monsterinsights_sitenote_active":false,"_monsterinsights_sitenote_note":"","_monsterinsights_sitenote_category":0,"_jetpack_memberships_contains_paid_content":false,"footnotes":"","jetpack_publicize_message":"","jetpack_publicize_feature_enabled":true,"jetpack_social_post_already_shared":true,"jetpack_social_options":{"image_generator_settings":{"template":"highway","default_image_id":0,"font":"","enabled":false},"version":2}},"categories":[7],"tags":[],"class_list":["post-70077","post","type-post","status-publish","format-standard","has-post-thumbnail","hentry","category-saude"],"acf":[],"jetpack_publicize_connections":[],"jetpack_featured_media_url":"https:\/\/i0.wp.com\/blogdoeloiltoncajuhy.com.br\/site\/wp-content\/uploads\/2021\/11\/Dia-Mundial-Diabetes-14112021.jpg?fit=1000%2C563&ssl=1","jetpack_sharing_enabled":true,"publishpress_future_workflow_manual_trigger":{"enabledWorkflows":[]},"_links":{"self":[{"href":"https:\/\/blogdoeloiltoncajuhy.com.br\/site\/wp-json\/wp\/v2\/posts\/70077","targetHints":{"allow":["GET"]}}],"collection":[{"href":"https:\/\/blogdoeloiltoncajuhy.com.br\/site\/wp-json\/wp\/v2\/posts"}],"about":[{"href":"https:\/\/blogdoeloiltoncajuhy.com.br\/site\/wp-json\/wp\/v2\/types\/post"}],"author":[{"embeddable":true,"href":"https:\/\/blogdoeloiltoncajuhy.com.br\/site\/wp-json\/wp\/v2\/users\/2"}],"replies":[{"embeddable":true,"href":"https:\/\/blogdoeloiltoncajuhy.com.br\/site\/wp-json\/wp\/v2\/comments?post=70077"}],"version-history":[{"count":1,"href":"https:\/\/blogdoeloiltoncajuhy.com.br\/site\/wp-json\/wp\/v2\/posts\/70077\/revisions"}],"predecessor-version":[{"id":70078,"href":"https:\/\/blogdoeloiltoncajuhy.com.br\/site\/wp-json\/wp\/v2\/posts\/70077\/revisions\/70078"}],"wp:featuredmedia":[{"embeddable":true,"href":"https:\/\/blogdoeloiltoncajuhy.com.br\/site\/wp-json\/wp\/v2\/media\/60884"}],"wp:attachment":[{"href":"https:\/\/blogdoeloiltoncajuhy.com.br\/site\/wp-json\/wp\/v2\/media?parent=70077"}],"wp:term":[{"taxonomy":"category","embeddable":true,"href":"https:\/\/blogdoeloiltoncajuhy.com.br\/site\/wp-json\/wp\/v2\/categories?post=70077"},{"taxonomy":"post_tag","embeddable":true,"href":"https:\/\/blogdoeloiltoncajuhy.com.br\/site\/wp-json\/wp\/v2\/tags?post=70077"}],"curies":[{"name":"wp","href":"https:\/\/api.w.org\/{rel}","templated":true}]}}