{"id":70049,"date":"2022-11-12T02:00:00","date_gmt":"2022-11-12T05:00:00","guid":{"rendered":"http:\/\/blogdoeloiltoncajuhy.com.br\/site\/?p=70049"},"modified":"2022-11-12T09:20:58","modified_gmt":"2022-11-12T12:20:58","slug":"ator-reynaldo-gianecchini-completa-50-anos-neste-sabado-12","status":"publish","type":"post","link":"https:\/\/blogdoeloiltoncajuhy.com.br\/site\/ator-reynaldo-gianecchini-completa-50-anos-neste-sabado-12\/","title":{"rendered":"Ator Reynaldo Gianecchini completa 50 anos neste s\u00e1bado (12)"},"content":{"rendered":"\n<p><strong>Blog do Eloilton Cajuhy<\/strong><\/p>\n\n\n\n<figure class=\"wp-block-image aligncenter size-full\"><a href=\"https:\/\/i0.wp.com\/blogdoeloiltoncajuhy.com.br\/site\/wp-content\/uploads\/2022\/11\/Reynaldo_Gianecchini_2014.jpg\"><img data-recalc-dims=\"1\" fetchpriority=\"high\" decoding=\"async\" width=\"524\" height=\"671\" src=\"https:\/\/i0.wp.com\/blogdoeloiltoncajuhy.com.br\/site\/wp-content\/uploads\/2022\/11\/Reynaldo_Gianecchini_2014.jpg?resize=524%2C671\" alt=\"\" class=\"wp-image-70050\" srcset=\"https:\/\/i0.wp.com\/blogdoeloiltoncajuhy.com.br\/site\/wp-content\/uploads\/2022\/11\/Reynaldo_Gianecchini_2014.jpg?w=524&amp;ssl=1 524w, https:\/\/i0.wp.com\/blogdoeloiltoncajuhy.com.br\/site\/wp-content\/uploads\/2022\/11\/Reynaldo_Gianecchini_2014.jpg?resize=234%2C300&amp;ssl=1 234w\" sizes=\"(max-width: 524px) 100vw, 524px\" \/><\/a><figcaption class=\"wp-element-caption\"><sub>Reynaldo Gianecchini durante o 25\u00ba Pr\u00eamio da M\u00fasica Brasileira no Theatro Municipal &#8211; Foto: Reginaldo Teixeira<\/sub><\/figcaption><\/figure>\n\n\n\n<p><strong>Reynaldo Fernandes Cisotto Gianecchini J\u00fanior<\/strong> nasceu em Birigui, S\u00e3o Paulo, no dia 12 de novembro de 1972. Iniciou sua carreira como modelo em 1991, tendo participado de desfiles e editoriais de moda at\u00e9 1998. Ficou conhecido em 2000, ao interpretar o personagem Edu na telenovela <em>La\u00e7os de Fam\u00edlia<\/em>, da Rede Globo.<\/p>\n\n\n\n<p>Sua estreia como ator foi no teatro com a pe\u00e7a <em>Cacilda<\/em>. Participou da novela <em>As Filhas da M\u00e3e<\/em>, como Ricardo. Depois de um in\u00edcio conturbado por cr\u00edticas ao seu trabalho, com mais experi\u00eancia e estudo, tem sido respeitado e at\u00e9 elogiado em suas atua\u00e7\u00f5es na televis\u00e3o e no teatro.<\/p>\n\n\n\n<figure class=\"wp-block-image alignright size-full\"><a href=\"https:\/\/i0.wp.com\/blogdoeloiltoncajuhy.com.br\/site\/wp-content\/uploads\/2022\/11\/Reynaldo_Gianecchini_02.jpg\"><img data-recalc-dims=\"1\" decoding=\"async\" width=\"237\" height=\"383\" src=\"https:\/\/i0.wp.com\/blogdoeloiltoncajuhy.com.br\/site\/wp-content\/uploads\/2022\/11\/Reynaldo_Gianecchini_02.jpg?resize=237%2C383\" alt=\"\" class=\"wp-image-70051\" srcset=\"https:\/\/i0.wp.com\/blogdoeloiltoncajuhy.com.br\/site\/wp-content\/uploads\/2022\/11\/Reynaldo_Gianecchini_02.jpg?w=237&amp;ssl=1 237w, https:\/\/i0.wp.com\/blogdoeloiltoncajuhy.com.br\/site\/wp-content\/uploads\/2022\/11\/Reynaldo_Gianecchini_02.jpg?resize=186%2C300&amp;ssl=1 186w\" sizes=\"(max-width: 237px) 100vw, 237px\" \/><\/a><\/figure>\n\n\n\n<p>Em 2002, protagonizou a novela <em>Esperan\u00e7a<\/em>, ao lado de Priscila Fantin e Ana Paula Ar\u00f3sio, recebendo o Pr\u00eamio Master de Melhor Ator pelo trabalho feito. Simultaneamente, participou do longa <em>Avassaladoras<\/em>, no papel do Don Juan Thiago. Em 2003, fez uma participa\u00e7\u00e3o especial no \u00faltimo cap\u00edtulo da novela <em>Mulheres Apaixonadas<\/em>. Em 2004, protagonizou o grande sucesso do hor\u00e1rio das sete, <em>Da Cor do Pecado<\/em>, vivendo os g\u00eameos Paco e Apolo. Pela sua atua\u00e7\u00e3o, recebeu o Pr\u00eamio Contigo de Melhor Ator.<\/p>\n\n\n\n<p>Em 2005 foi que o ator viveu o melhor momento de sua carreira at\u00e9 ent\u00e3o, quando encarnou o atrapalhado mec\u00e2nico Paschoal, de <em>Bel\u00edssima<\/em>, mostrando a sua versatilidade e o seu lado c\u00f4mico. Na trama, seu personagem formou par rom\u00e2ntico com a fogosa Safira, de Cl\u00e1udia Raia, e juntos o casal demonstrou bastante qu\u00edmica. Pelo trabalho recebeu o Pr\u00eamio Qualidade Brasil e o Trof\u00e9u Le\u00e3o Lobo, ambos na categoria de Melhor Ator Coadjuvante.<\/p>\n","protected":false},"excerpt":{"rendered":"<p>Blog do Eloilton Cajuhy Reynaldo Fernandes Cisotto Gianecchini J\u00fanior nasceu em Birigui, S\u00e3o Paulo, no dia 12 de novembro de 1972. Iniciou sua carreira como modelo em 1991, tendo participado de desfiles e editoriais de moda at\u00e9 1998. Ficou conhecido em 2000, ao interpretar o personagem Edu na telenovela La\u00e7os de Fam\u00edlia, da Rede Globo. [&hellip;]<\/p>\n","protected":false},"author":2,"featured_media":70050,"comment_status":"open","ping_status":"open","sticky":false,"template":"","format":"standard","meta":{"_acf_changed":false,"_monsterinsights_skip_tracking":false,"_monsterinsights_sitenote_active":false,"_monsterinsights_sitenote_note":"","_monsterinsights_sitenote_category":0,"_jetpack_memberships_contains_paid_content":false,"footnotes":"","jetpack_publicize_message":"","jetpack_publicize_feature_enabled":true,"jetpack_social_post_already_shared":true,"jetpack_social_options":{"image_generator_settings":{"template":"highway","default_image_id":0,"font":"","enabled":false},"version":2}},"categories":[12],"tags":[],"class_list":["post-70049","post","type-post","status-publish","format-standard","has-post-thumbnail","hentry","category-gente-que-faz-a-nossa-historia"],"acf":[],"jetpack_publicize_connections":[],"jetpack_featured_media_url":"https:\/\/i0.wp.com\/blogdoeloiltoncajuhy.com.br\/site\/wp-content\/uploads\/2022\/11\/Reynaldo_Gianecchini_2014.jpg?fit=524%2C671&ssl=1","jetpack_sharing_enabled":true,"publishpress_future_workflow_manual_trigger":{"enabledWorkflows":[]},"_links":{"self":[{"href":"https:\/\/blogdoeloiltoncajuhy.com.br\/site\/wp-json\/wp\/v2\/posts\/70049","targetHints":{"allow":["GET"]}}],"collection":[{"href":"https:\/\/blogdoeloiltoncajuhy.com.br\/site\/wp-json\/wp\/v2\/posts"}],"about":[{"href":"https:\/\/blogdoeloiltoncajuhy.com.br\/site\/wp-json\/wp\/v2\/types\/post"}],"author":[{"embeddable":true,"href":"https:\/\/blogdoeloiltoncajuhy.com.br\/site\/wp-json\/wp\/v2\/users\/2"}],"replies":[{"embeddable":true,"href":"https:\/\/blogdoeloiltoncajuhy.com.br\/site\/wp-json\/wp\/v2\/comments?post=70049"}],"version-history":[{"count":1,"href":"https:\/\/blogdoeloiltoncajuhy.com.br\/site\/wp-json\/wp\/v2\/posts\/70049\/revisions"}],"predecessor-version":[{"id":70052,"href":"https:\/\/blogdoeloiltoncajuhy.com.br\/site\/wp-json\/wp\/v2\/posts\/70049\/revisions\/70052"}],"wp:featuredmedia":[{"embeddable":true,"href":"https:\/\/blogdoeloiltoncajuhy.com.br\/site\/wp-json\/wp\/v2\/media\/70050"}],"wp:attachment":[{"href":"https:\/\/blogdoeloiltoncajuhy.com.br\/site\/wp-json\/wp\/v2\/media?parent=70049"}],"wp:term":[{"taxonomy":"category","embeddable":true,"href":"https:\/\/blogdoeloiltoncajuhy.com.br\/site\/wp-json\/wp\/v2\/categories?post=70049"},{"taxonomy":"post_tag","embeddable":true,"href":"https:\/\/blogdoeloiltoncajuhy.com.br\/site\/wp-json\/wp\/v2\/tags?post=70049"}],"curies":[{"name":"wp","href":"https:\/\/api.w.org\/{rel}","templated":true}]}}