{"id":69998,"date":"2022-11-10T19:54:39","date_gmt":"2022-11-10T22:54:39","guid":{"rendered":"http:\/\/blogdoeloiltoncajuhy.com.br\/site\/?p=69998"},"modified":"2022-11-10T19:54:42","modified_gmt":"2022-11-10T22:54:42","slug":"andorinha-realiza-conferencia-infantojuvenil-pelo-meio-ambiente","status":"publish","type":"post","link":"https:\/\/blogdoeloiltoncajuhy.com.br\/site\/andorinha-realiza-conferencia-infantojuvenil-pelo-meio-ambiente\/","title":{"rendered":"Andorinha realiza Confer\u00eancia Infantojuvenil pelo Meio Ambiente"},"content":{"rendered":"\n<p><strong>Ascom Prefeitura de Andorinha-BA<\/strong><\/p>\n\n\n\n<figure class=\"wp-block-image aligncenter size-full is-resized\"><a href=\"https:\/\/i0.wp.com\/blogdoeloiltoncajuhy.com.br\/site\/wp-content\/uploads\/2022\/11\/PMA_Conferencia-Infantojuvenil-01.jpg\"><img data-recalc-dims=\"1\" fetchpriority=\"high\" decoding=\"async\" src=\"https:\/\/i0.wp.com\/blogdoeloiltoncajuhy.com.br\/site\/wp-content\/uploads\/2022\/11\/PMA_Conferencia-Infantojuvenil-01.jpg?resize=607%2C607\" alt=\"\" class=\"wp-image-69999\" width=\"607\" height=\"607\" srcset=\"https:\/\/i0.wp.com\/blogdoeloiltoncajuhy.com.br\/site\/wp-content\/uploads\/2022\/11\/PMA_Conferencia-Infantojuvenil-01.jpg?w=720&amp;ssl=1 720w, https:\/\/i0.wp.com\/blogdoeloiltoncajuhy.com.br\/site\/wp-content\/uploads\/2022\/11\/PMA_Conferencia-Infantojuvenil-01.jpg?resize=300%2C300&amp;ssl=1 300w, https:\/\/i0.wp.com\/blogdoeloiltoncajuhy.com.br\/site\/wp-content\/uploads\/2022\/11\/PMA_Conferencia-Infantojuvenil-01.jpg?resize=150%2C150&amp;ssl=1 150w\" sizes=\"(max-width: 607px) 100vw, 607px\" \/><\/a><\/figure>\n\n\n\n<p>Na manh\u00e3 desta quinta-feira (10), ocorreu a Confer\u00eancia Infantojuvenil pelo Meio Ambiente, com o tema <em>&#8220;A Educa\u00e7\u00e3o Ambiental como Promotora da Cidadania nos Territ\u00f3rios da Bahia&#8221;<\/em>, um evento realizado pela Secretaria Municipal de Educa\u00e7\u00e3o.<\/p>\n\n\n\n<p>A confer\u00eancia \u00e9 um processo pedagogico, participativo e democr\u00e1tico, que re\u00fane estudantes, professores e comunidade escolar para pesquisar, dialogar e refletir sobre as quest\u00f5es socioambientais, elaborar um projeto de a\u00e7\u00e3o com o objetivo de transformar a realidade e escolher representantes que levam adiante as ideias acordadas entre todos.<\/p>\n\n\n\n<p>Neste evento, aconteceu um encontro de jovens que usaram ideias e a\u00e7\u00f5es para contribuir e construir um futuro sustent\u00e1vel.<\/p>\n\n\n\n<figure class=\"wp-block-image aligncenter size-large is-resized\"><a href=\"https:\/\/i0.wp.com\/blogdoeloiltoncajuhy.com.br\/site\/wp-content\/uploads\/2022\/11\/PMA_Conferencia-Infantojuvenil-02.jpg\"><img data-recalc-dims=\"1\" decoding=\"async\" src=\"https:\/\/i0.wp.com\/blogdoeloiltoncajuhy.com.br\/site\/wp-content\/uploads\/2022\/11\/PMA_Conferencia-Infantojuvenil-02.jpg?resize=768%2C512\" alt=\"\" class=\"wp-image-70000\" width=\"768\" height=\"512\" srcset=\"https:\/\/i0.wp.com\/blogdoeloiltoncajuhy.com.br\/site\/wp-content\/uploads\/2022\/11\/PMA_Conferencia-Infantojuvenil-02.jpg?resize=1024%2C682&amp;ssl=1 1024w, https:\/\/i0.wp.com\/blogdoeloiltoncajuhy.com.br\/site\/wp-content\/uploads\/2022\/11\/PMA_Conferencia-Infantojuvenil-02.jpg?resize=300%2C200&amp;ssl=1 300w, https:\/\/i0.wp.com\/blogdoeloiltoncajuhy.com.br\/site\/wp-content\/uploads\/2022\/11\/PMA_Conferencia-Infantojuvenil-02.jpg?resize=768%2C512&amp;ssl=1 768w, https:\/\/i0.wp.com\/blogdoeloiltoncajuhy.com.br\/site\/wp-content\/uploads\/2022\/11\/PMA_Conferencia-Infantojuvenil-02.jpg?w=1280&amp;ssl=1 1280w\" sizes=\"(max-width: 768px) 100vw, 768px\" \/><\/a><\/figure>\n\n\n\n<p>&#8220;\u00c9 importante salientar que Andorinha \u00e9 a primeira cidade do Piemonte Norte do Itapicuru a realizar a confer\u00eancia, sendo esse um passo que n\u00e3o \u00e9 obrigat\u00f3rio. Mas entendendo a relev\u00e2ncia da tem\u00e1tica, unimos for\u00e7as junto aos estudantes e equipe escolar para tornar esse momento uma constru\u00e7\u00e3o de todos, para que pud\u00e9ssemos levar ideias e a\u00e7\u00f5es dos nossos jovens. \u00c9 um momento de fala, escuta e integra\u00e7\u00e3o&#8221;, citou Lurdineia Almeida, Secret\u00e1ria de Educa\u00e7\u00e3o.<\/p>\n\n\n\n<p>Ap\u00f3s a realiza\u00e7\u00e3o da confer\u00eancia municipal, ser\u00e1 realizada a confer\u00eancia territorial, momento em que as escolas estar\u00e3o expondo seus projetos para as demais cidades do territ\u00f3rio Piemonte Norte do Itapicuru. De 25 de novembro e at\u00e9 os dias 06 e 09 de dezembro ocorrer\u00e1 a confer\u00eancia estadual.<\/p>\n","protected":false},"excerpt":{"rendered":"<p>Ascom Prefeitura de Andorinha-BA Na manh\u00e3 desta quinta-feira (10), ocorreu a Confer\u00eancia Infantojuvenil pelo Meio Ambiente, com o tema &#8220;A Educa\u00e7\u00e3o Ambiental como Promotora da Cidadania nos Territ\u00f3rios da Bahia&#8221;, um evento realizado pela Secretaria Municipal de Educa\u00e7\u00e3o. A confer\u00eancia \u00e9 um processo pedagogico, participativo e democr\u00e1tico, que re\u00fane estudantes, professores e comunidade escolar para [&hellip;]<\/p>\n","protected":false},"author":2,"featured_media":69999,"comment_status":"open","ping_status":"open","sticky":false,"template":"","format":"standard","meta":{"_acf_changed":false,"_monsterinsights_skip_tracking":false,"_monsterinsights_sitenote_active":false,"_monsterinsights_sitenote_note":"","_monsterinsights_sitenote_category":0,"_jetpack_memberships_contains_paid_content":false,"footnotes":"","jetpack_publicize_message":"","jetpack_publicize_feature_enabled":true,"jetpack_social_post_already_shared":true,"jetpack_social_options":{"image_generator_settings":{"template":"highway","default_image_id":0,"font":"","enabled":false},"version":2}},"categories":[11],"tags":[],"class_list":["post-69998","post","type-post","status-publish","format-standard","has-post-thumbnail","hentry","category-regional"],"acf":[],"jetpack_publicize_connections":[],"jetpack_featured_media_url":"https:\/\/i0.wp.com\/blogdoeloiltoncajuhy.com.br\/site\/wp-content\/uploads\/2022\/11\/PMA_Conferencia-Infantojuvenil-01.jpg?fit=720%2C720&ssl=1","jetpack_sharing_enabled":true,"publishpress_future_workflow_manual_trigger":{"enabledWorkflows":[]},"_links":{"self":[{"href":"https:\/\/blogdoeloiltoncajuhy.com.br\/site\/wp-json\/wp\/v2\/posts\/69998","targetHints":{"allow":["GET"]}}],"collection":[{"href":"https:\/\/blogdoeloiltoncajuhy.com.br\/site\/wp-json\/wp\/v2\/posts"}],"about":[{"href":"https:\/\/blogdoeloiltoncajuhy.com.br\/site\/wp-json\/wp\/v2\/types\/post"}],"author":[{"embeddable":true,"href":"https:\/\/blogdoeloiltoncajuhy.com.br\/site\/wp-json\/wp\/v2\/users\/2"}],"replies":[{"embeddable":true,"href":"https:\/\/blogdoeloiltoncajuhy.com.br\/site\/wp-json\/wp\/v2\/comments?post=69998"}],"version-history":[{"count":1,"href":"https:\/\/blogdoeloiltoncajuhy.com.br\/site\/wp-json\/wp\/v2\/posts\/69998\/revisions"}],"predecessor-version":[{"id":70001,"href":"https:\/\/blogdoeloiltoncajuhy.com.br\/site\/wp-json\/wp\/v2\/posts\/69998\/revisions\/70001"}],"wp:featuredmedia":[{"embeddable":true,"href":"https:\/\/blogdoeloiltoncajuhy.com.br\/site\/wp-json\/wp\/v2\/media\/69999"}],"wp:attachment":[{"href":"https:\/\/blogdoeloiltoncajuhy.com.br\/site\/wp-json\/wp\/v2\/media?parent=69998"}],"wp:term":[{"taxonomy":"category","embeddable":true,"href":"https:\/\/blogdoeloiltoncajuhy.com.br\/site\/wp-json\/wp\/v2\/categories?post=69998"},{"taxonomy":"post_tag","embeddable":true,"href":"https:\/\/blogdoeloiltoncajuhy.com.br\/site\/wp-json\/wp\/v2\/tags?post=69998"}],"curies":[{"name":"wp","href":"https:\/\/api.w.org\/{rel}","templated":true}]}}