{"id":69993,"date":"2022-11-10T19:19:08","date_gmt":"2022-11-10T22:19:08","guid":{"rendered":"http:\/\/blogdoeloiltoncajuhy.com.br\/site\/?p=69993"},"modified":"2022-11-10T19:19:11","modified_gmt":"2022-11-10T22:19:11","slug":"ator-roberto-guilherme-o-sargento-pincel-morre-no-rio-aos-84-anos","status":"publish","type":"post","link":"https:\/\/blogdoeloiltoncajuhy.com.br\/site\/ator-roberto-guilherme-o-sargento-pincel-morre-no-rio-aos-84-anos\/","title":{"rendered":"Ator Roberto Guilherme, o Sargento Pincel, morre no Rio aos 84 anos"},"content":{"rendered":"\n<p class=\"has-text-align-center has-medium-font-size\"><em>Humorista estava internado na Cl\u00ednica S\u00e3o Vicente, na Zona Sul do Rio de Janeiro. Ele tratava um c\u00e2ncer havia anos.<\/em><\/p>\n\n\n\n<p><strong>Por Bia R\u00f3nai, Roberta Pennafort e Rafael Nascimento de Souza, TV Globo e g1 Rio<\/strong><\/p>\n\n\n\n<figure class=\"wp-block-image aligncenter size-full is-resized\"><a href=\"https:\/\/i0.wp.com\/blogdoeloiltoncajuhy.com.br\/site\/wp-content\/uploads\/2022\/11\/Sargento-Pincel-01.webp\"><img data-recalc-dims=\"1\" fetchpriority=\"high\" decoding=\"async\" src=\"https:\/\/i0.wp.com\/blogdoeloiltoncajuhy.com.br\/site\/wp-content\/uploads\/2022\/11\/Sargento-Pincel-01.webp?resize=738%2C416\" alt=\"\" class=\"wp-image-69994\" width=\"738\" height=\"416\" srcset=\"https:\/\/i0.wp.com\/blogdoeloiltoncajuhy.com.br\/site\/wp-content\/uploads\/2022\/11\/Sargento-Pincel-01.webp?w=984&amp;ssl=1 984w, https:\/\/i0.wp.com\/blogdoeloiltoncajuhy.com.br\/site\/wp-content\/uploads\/2022\/11\/Sargento-Pincel-01.webp?resize=300%2C169&amp;ssl=1 300w, https:\/\/i0.wp.com\/blogdoeloiltoncajuhy.com.br\/site\/wp-content\/uploads\/2022\/11\/Sargento-Pincel-01.webp?resize=768%2C433&amp;ssl=1 768w\" sizes=\"(max-width: 738px) 100vw, 738px\" \/><\/a><figcaption class=\"wp-element-caption\"><sub>Roberto Guilherme ficou eternizado na pele de Sargento Pincel \u2014 Foto: Blenda Gomes \/ TV Globo<\/sub><\/figcaption><\/figure>\n\n\n\n<p>Conhecido pelo papel marcante e irreverente do <strong>Sargento Pincel<\/strong>, em &#8220;Os Trapalh\u00f5es&#8221;, da TV Globo, o ator Roberto Guilherme, de 84 anos, morreu na manh\u00e3 desta quinta-feira (10), no Rio de Janeiro. O artista, que tamb\u00e9m era dublador, estava internado na Cl\u00ednica S\u00e3o Vicente, na G\u00e1vea, Zona Sul.<\/p>\n\n\n\n<p>A informa\u00e7\u00e3o foi confirmada pela fam\u00edlia do artista e tamb\u00e9m por Lilian Arag\u00e3o, mulher de Renato Arag\u00e3o. Pin\u00e7a, como tamb\u00e9m era carinhosamente chamado, lutava contra um c\u00e2ncer havia alguns anos. Ele estava na segunda fase da quimioterapia contra a doen\u00e7a.<\/p>\n\n\n\n<p>Roberto Guilherme deixa a esposa, Sheila Nunes, com quem estava casado h\u00e1 56 anos, e os filhos Willian e Valeska.<\/p>\n\n\n\n<p>O Sargento Pincel contracenava com o Soldado 49, interpretado por Renato Arag\u00e3o. A careca, que virou sua marca registrada, surgiu no programa, com o ator tendo os cabelos raspados em uma esquete humor\u00edstica.<\/p>\n\n\n\n<p class=\"has-black-color has-text-color has-medium-font-size\"><strong>Vida e carreira<\/strong><\/p>\n\n\n\n<figure class=\"wp-block-image aligncenter size-large is-resized\"><a href=\"https:\/\/i0.wp.com\/blogdoeloiltoncajuhy.com.br\/site\/wp-content\/uploads\/2022\/11\/Sargento-Pincel-02.webp\"><img data-recalc-dims=\"1\" decoding=\"async\" src=\"https:\/\/i0.wp.com\/blogdoeloiltoncajuhy.com.br\/site\/wp-content\/uploads\/2022\/11\/Sargento-Pincel-02.webp?resize=768%2C432\" alt=\"\" class=\"wp-image-69995\" width=\"768\" height=\"432\" srcset=\"https:\/\/i0.wp.com\/blogdoeloiltoncajuhy.com.br\/site\/wp-content\/uploads\/2022\/11\/Sargento-Pincel-02.webp?resize=1024%2C576&amp;ssl=1 1024w, https:\/\/i0.wp.com\/blogdoeloiltoncajuhy.com.br\/site\/wp-content\/uploads\/2022\/11\/Sargento-Pincel-02.webp?resize=300%2C169&amp;ssl=1 300w, https:\/\/i0.wp.com\/blogdoeloiltoncajuhy.com.br\/site\/wp-content\/uploads\/2022\/11\/Sargento-Pincel-02.webp?resize=768%2C432&amp;ssl=1 768w, https:\/\/i0.wp.com\/blogdoeloiltoncajuhy.com.br\/site\/wp-content\/uploads\/2022\/11\/Sargento-Pincel-02.webp?resize=1536%2C864&amp;ssl=1 1536w, https:\/\/i0.wp.com\/blogdoeloiltoncajuhy.com.br\/site\/wp-content\/uploads\/2022\/11\/Sargento-Pincel-02.webp?w=1600&amp;ssl=1 1600w\" sizes=\"(max-width: 768px) 100vw, 768px\" \/><\/a><\/figure>\n\n\n\n<p>O artista, que foi batizado como Edward Guilherme Nunes da Silva, nasceu em Lad\u00e1rio (MS), em 25 de agosto de 1938. O nome Roberto foi uma homenagem feita ao cantor Roberto Carlos.<\/p>\n\n\n\n<p>Antes de se mudar para o Rio de Janeiro, aos 8 anos de idade, ele morou em Natal (RN). Aos 11 anos, come\u00e7ou a trabalhar em uma loja que fazia e consertava tamancos. Aos 14, passou a jogar futebol profissionalmente, como ponta-esquerda, no Vasco da Gama.<\/p>\n\n\n\n<p>Quatro anos depois, ele se alistou no Ex\u00e9rcito e se tornou paraquedista. No entanto, n\u00e3o abandonou o futebol. Ele chegou a disputar partidas pela Sele\u00e7\u00e3o Brasileira Militar de Futebol ao lado de Pel\u00e9. Representando o Brasil, Roberto Guilherme disputou partidas nos Estados Unidos, na Inglaterra, no Panam\u00e1, e na Col\u00f4mbia, e foi campe\u00e3o sul-americano na categoria.<\/p>\n\n\n\n<p>Ainda no Ex\u00e9rcito, ele escreveu uma pe\u00e7a de teatro amador encenada no Olaria Atl\u00e9tico Clube, na Zona Norte do Rio. Mas um dia um ator faltou, e Guilherme acabou o substituindo. Um produtor viu a pe\u00e7a, e convidou Roberto Guilherme para trabalhar na TV Rio.<\/p>\n\n\n\n<figure class=\"wp-block-image aligncenter size-large is-resized\"><a href=\"https:\/\/i0.wp.com\/blogdoeloiltoncajuhy.com.br\/site\/wp-content\/uploads\/2022\/11\/Sargento-Pincel-03.webp\"><img data-recalc-dims=\"1\" decoding=\"async\" src=\"https:\/\/i0.wp.com\/blogdoeloiltoncajuhy.com.br\/site\/wp-content\/uploads\/2022\/11\/Sargento-Pincel-03.webp?resize=588%2C1024\" alt=\"\" class=\"wp-image-69996\" width=\"588\" height=\"1024\" srcset=\"https:\/\/i0.wp.com\/blogdoeloiltoncajuhy.com.br\/site\/wp-content\/uploads\/2022\/11\/Sargento-Pincel-03.webp?resize=588%2C1024&amp;ssl=1 588w, https:\/\/i0.wp.com\/blogdoeloiltoncajuhy.com.br\/site\/wp-content\/uploads\/2022\/11\/Sargento-Pincel-03.webp?resize=172%2C300&amp;ssl=1 172w, https:\/\/i0.wp.com\/blogdoeloiltoncajuhy.com.br\/site\/wp-content\/uploads\/2022\/11\/Sargento-Pincel-03.webp?resize=768%2C1337&amp;ssl=1 768w, https:\/\/i0.wp.com\/blogdoeloiltoncajuhy.com.br\/site\/wp-content\/uploads\/2022\/11\/Sargento-Pincel-03.webp?resize=882%2C1536&amp;ssl=1 882w, https:\/\/i0.wp.com\/blogdoeloiltoncajuhy.com.br\/site\/wp-content\/uploads\/2022\/11\/Sargento-Pincel-03.webp?w=984&amp;ssl=1 984w\" sizes=\"(max-width: 588px) 100vw, 588px\" \/><\/a><figcaption class=\"wp-element-caption\"><sub>Morre Roberto Guilherme, sargento Pincel de Os Trapalh\u00f5es \u2014 Foto: Reprodu\u00e7\u00e3o\/Instagram<\/sub><\/figcaption><\/figure>\n\n\n\n<p>Em 1963, ele foi para a TV Excelsior, onde conheceu Renato Arag\u00e3o, o Didi. Eles contracenaram pela primeira vez no humor\u00edstico <em>&#8220;Um Dois, Feij\u00e3o Com Arroz&#8221;<\/em> (1965), que ainda tinha no elenco Ded\u00e9 Santana, Dary Reis e \u00c1tila I\u00f3rio.<\/p>\n\n\n\n<p>Depois, o ator passou a fazer parte do elenco fixo de <em>&#8220;Ador\u00e1veis Trapalh\u00f5es&#8221;<\/em>, que tinha como astros principais Didi, Ted Boy Marino, Ivon Cury e Wanderley Cardoso.<\/p>\n\n\n\n<p>Com o mesmo elenco, tamb\u00e9m atuou em <em>&#8220;Os Legion\u00e1rios&#8221;<\/em> (1965), onde interpretava um militar que n\u00e3o tinha nome, mas era o embri\u00e3o do Sargento Pincel. Na Excelsior, ele ainda atuou no programa de aventuras <em>&#8220;002 Contra o Crime&#8221;<\/em> (1965) e na novela infanto-juvenil <em>&#8220;A Ilha do Tesouro&#8221;<\/em> (1966).<\/p>\n\n\n\n<p>Da Excelsior, Roberto Guilherme foi para a TV Record, onde viveu o Sargento Pincel pela primeira vez, no programa <em>&#8220;Quartel do Barulho&#8221;<\/em> (1966). Depois, passou a fazer dupla com Renato Arag\u00e3o no programa <em>&#8220;Pra\u00e7a da Alegria&#8221;<\/em>, ainda na Record.<\/p>\n\n\n\n<p>A convite de Wilton Franco, Roberto Guilherme retornou \u00e0 Record para trabalhar no programa <em>&#8220;Os Insoci\u00e1veis&#8221;<\/em> (1971-1974), que reunia no elenco Didi, Ded\u00e9, Mussum e a cantora Vanusa.<\/p>\n\n\n\n<p>Em 1969, o ator foi para a TV Tupi, trabalhar com Costinha no programa <em>&#8220;Do Que Se Trata&#8221;<\/em> (1969). E ao lado de Jos\u00e9 Santa Cruz formou a dupla Jojoca e Xex\u00e9u, que fez muito sucesso no programa <em>&#8220;Telecentral do Riso&#8221;<\/em>. Roberto Guilherme era Xex\u00e9u, um valent\u00e3o que usava da ingenuidade de Jojoca para aplicar golpes e conquistar as garotas.<\/p>\n\n\n\n<p>Em 1975, a trupe foi para a Tupi, e Zacarias passou a ser o quarto integrante do quarteto. Surgia <em>&#8220;Os Trapalh\u00f5es&#8221;<\/em>. Roberto Guilherme tamb\u00e9m fazia parte do programa, com personagens de apoio. O programa ficou no ar at\u00e9 1976. Na Tupi, Roberto Guilherme tamb\u00e9m fez parte do programa jornal\u00edstico <em>&#8220;Abertura&#8221;<\/em>, idealizado por Fernando Barbosa Sobrinho.<\/p>\n\n\n\n<p>Em 1980, o ator chegou a fazer teste para interpretar o palha\u00e7o Bozo, no SBT, mas perdeu a vaga para Wandeko Pipoca. Em 1981, Guilherme foi para a TV Globo, onde participou de programas como <em>&#8220;Viva o Gordo&#8221;<\/em> e <em>&#8220;Balan\u00e7a Mas N\u00e3o Cai&#8221;<\/em>.<\/p>\n\n\n\n<p>No entanto, foi no retorno de <em>&#8220;Os Trapalh\u00f5es&#8221;<\/em>, que ficou na mem\u00f3ria do p\u00fablico. Entre 1982 e 2013, atuou em diversos projetos liderados por Renato Arag\u00e3o, inclusive <em>&#8220;Os Trapalh\u00f5es em Portugal&#8221;<\/em> (1995-1997), produzido pela SIC (televis\u00e3o portuguesa).<\/p>\n\n\n\n<p>Em 2015, entrou para o <em>&#8216;Zorra&#8217;<\/em>, onde permaneceu at\u00e9 2017. Seus \u00faltimos trabalhos na televis\u00e3o foram <em>&#8216;Treme Treme&#8217;<\/em> e <em>&#8216;Dra. Darci&#8217;<\/em>, em 2018, ambos no Multishow. No cinema, Roberto Guilherme atuou em mais de uma dezena de filmes, a maioria deles ao lado dos Trapalh\u00f5es.<\/p>\n","protected":false},"excerpt":{"rendered":"<p>Humorista estava internado na Cl\u00ednica S\u00e3o Vicente, na Zona Sul do Rio de Janeiro. Ele tratava um c\u00e2ncer havia anos. Por Bia R\u00f3nai, Roberta Pennafort e Rafael Nascimento de Souza, TV Globo e g1 Rio Conhecido pelo papel marcante e irreverente do Sargento Pincel, em &#8220;Os Trapalh\u00f5es&#8221;, da TV Globo, o ator Roberto Guilherme, de [&hellip;]<\/p>\n","protected":false},"author":2,"featured_media":69995,"comment_status":"open","ping_status":"open","sticky":false,"template":"","format":"standard","meta":{"_acf_changed":false,"_monsterinsights_skip_tracking":false,"_monsterinsights_sitenote_active":false,"_monsterinsights_sitenote_note":"","_monsterinsights_sitenote_category":0,"_jetpack_memberships_contains_paid_content":false,"footnotes":"","jetpack_publicize_message":"","jetpack_publicize_feature_enabled":true,"jetpack_social_post_already_shared":true,"jetpack_social_options":{"image_generator_settings":{"template":"highway","default_image_id":0,"font":"","enabled":false},"version":2}},"categories":[8],"tags":[],"class_list":["post-69993","post","type-post","status-publish","format-standard","has-post-thumbnail","hentry","category-cultura"],"acf":[],"jetpack_publicize_connections":[],"jetpack_featured_media_url":"https:\/\/i0.wp.com\/blogdoeloiltoncajuhy.com.br\/site\/wp-content\/uploads\/2022\/11\/Sargento-Pincel-02.webp?fit=1600%2C900&ssl=1","jetpack_sharing_enabled":true,"publishpress_future_workflow_manual_trigger":{"enabledWorkflows":[]},"_links":{"self":[{"href":"https:\/\/blogdoeloiltoncajuhy.com.br\/site\/wp-json\/wp\/v2\/posts\/69993","targetHints":{"allow":["GET"]}}],"collection":[{"href":"https:\/\/blogdoeloiltoncajuhy.com.br\/site\/wp-json\/wp\/v2\/posts"}],"about":[{"href":"https:\/\/blogdoeloiltoncajuhy.com.br\/site\/wp-json\/wp\/v2\/types\/post"}],"author":[{"embeddable":true,"href":"https:\/\/blogdoeloiltoncajuhy.com.br\/site\/wp-json\/wp\/v2\/users\/2"}],"replies":[{"embeddable":true,"href":"https:\/\/blogdoeloiltoncajuhy.com.br\/site\/wp-json\/wp\/v2\/comments?post=69993"}],"version-history":[{"count":1,"href":"https:\/\/blogdoeloiltoncajuhy.com.br\/site\/wp-json\/wp\/v2\/posts\/69993\/revisions"}],"predecessor-version":[{"id":69997,"href":"https:\/\/blogdoeloiltoncajuhy.com.br\/site\/wp-json\/wp\/v2\/posts\/69993\/revisions\/69997"}],"wp:featuredmedia":[{"embeddable":true,"href":"https:\/\/blogdoeloiltoncajuhy.com.br\/site\/wp-json\/wp\/v2\/media\/69995"}],"wp:attachment":[{"href":"https:\/\/blogdoeloiltoncajuhy.com.br\/site\/wp-json\/wp\/v2\/media?parent=69993"}],"wp:term":[{"taxonomy":"category","embeddable":true,"href":"https:\/\/blogdoeloiltoncajuhy.com.br\/site\/wp-json\/wp\/v2\/categories?post=69993"},{"taxonomy":"post_tag","embeddable":true,"href":"https:\/\/blogdoeloiltoncajuhy.com.br\/site\/wp-json\/wp\/v2\/tags?post=69993"}],"curies":[{"name":"wp","href":"https:\/\/api.w.org\/{rel}","templated":true}]}}