{"id":69988,"date":"2022-11-09T03:00:00","date_gmt":"2022-11-09T06:00:00","guid":{"rendered":"http:\/\/blogdoeloiltoncajuhy.com.br\/site\/?p=69988"},"modified":"2022-11-08T19:57:43","modified_gmt":"2022-11-08T22:57:43","slug":"jeronimo-vai-a-brasilia-e-se-reune-com-presidente-do-senado-e-geraldo-alckmin","status":"publish","type":"post","link":"https:\/\/blogdoeloiltoncajuhy.com.br\/site\/jeronimo-vai-a-brasilia-e-se-reune-com-presidente-do-senado-e-geraldo-alckmin\/","title":{"rendered":"Jer\u00f4nimo vai a Bras\u00edlia e se re\u00fane com presidente do Senado e Geraldo Alckmin"},"content":{"rendered":"\n<p><strong>Blog do Eloilton Cajuhy<\/strong><\/p>\n\n\n\n<figure class=\"wp-block-image aligncenter size-large\"><a href=\"https:\/\/i0.wp.com\/blogdoeloiltoncajuhy.com.br\/site\/wp-content\/uploads\/2022\/11\/Jeronimo-Brasilia-08112022-01.jpg\"><img data-recalc-dims=\"1\" fetchpriority=\"high\" decoding=\"async\" width=\"800\" height=\"533\" src=\"https:\/\/i0.wp.com\/blogdoeloiltoncajuhy.com.br\/site\/wp-content\/uploads\/2022\/11\/Jeronimo-Brasilia-08112022-01.jpg?resize=800%2C533\" alt=\"\" class=\"wp-image-69989\" srcset=\"https:\/\/i0.wp.com\/blogdoeloiltoncajuhy.com.br\/site\/wp-content\/uploads\/2022\/11\/Jeronimo-Brasilia-08112022-01.jpg?resize=1024%2C682&amp;ssl=1 1024w, https:\/\/i0.wp.com\/blogdoeloiltoncajuhy.com.br\/site\/wp-content\/uploads\/2022\/11\/Jeronimo-Brasilia-08112022-01.jpg?resize=300%2C200&amp;ssl=1 300w, https:\/\/i0.wp.com\/blogdoeloiltoncajuhy.com.br\/site\/wp-content\/uploads\/2022\/11\/Jeronimo-Brasilia-08112022-01.jpg?resize=768%2C512&amp;ssl=1 768w, https:\/\/i0.wp.com\/blogdoeloiltoncajuhy.com.br\/site\/wp-content\/uploads\/2022\/11\/Jeronimo-Brasilia-08112022-01.jpg?resize=1536%2C1023&amp;ssl=1 1536w, https:\/\/i0.wp.com\/blogdoeloiltoncajuhy.com.br\/site\/wp-content\/uploads\/2022\/11\/Jeronimo-Brasilia-08112022-01.jpg?w=1600&amp;ssl=1 1600w\" sizes=\"(max-width: 800px) 100vw, 800px\" \/><\/a><\/figure>\n\n\n\n<p>O governador eleito da Bahia, Jer\u00f4nimo Rodrigues, desembarcou em Bras\u00edlia, na tarde desta ter\u00e7a-feira (8), e se reuniu com os coordenadores da equipe de transi\u00e7\u00e3o de Lula: o vice-presidente eleito, Geraldo Alckmin, e Aloizio Mercadante. O encontro aconteceu na resid\u00eancia do presidente do Senado, Rodrigo Pacheco. Na agenda, Jer\u00f4nimo esteve acompanhado do seu vice, Geraldo J\u00fanior; do senador reeleito Otto Alencar; dos secret\u00e1rios de Rela\u00e7\u00f5es Institucionais, Luiz Caetano e de Infraestrutura, Marcus Cavalcanti; e do assistente especial da Casa Civil, Adolpho Loyola, que integram o Grupo de Transi\u00e7\u00e3o do Estado.<\/p>\n\n\n\n<p>\u201cNosso objetivo \u00e9 fortalecer o di\u00e1logo, estabelecer uma rela\u00e7\u00e3o civilizada que permita sempre o benef\u00edcio dos baianos e baianas. Vim abrir portas e convid\u00e1-los para irem a Bahia\u201d, disse Jer\u00f4nimo.<\/p>\n\n\n\n<figure class=\"wp-block-image aligncenter size-large\"><a href=\"https:\/\/i0.wp.com\/blogdoeloiltoncajuhy.com.br\/site\/wp-content\/uploads\/2022\/11\/Jeronimo-Brasilia-08112022-02.jpg\"><img data-recalc-dims=\"1\" decoding=\"async\" width=\"800\" height=\"533\" src=\"https:\/\/i0.wp.com\/blogdoeloiltoncajuhy.com.br\/site\/wp-content\/uploads\/2022\/11\/Jeronimo-Brasilia-08112022-02.jpg?resize=800%2C533\" alt=\"\" class=\"wp-image-69990\" srcset=\"https:\/\/i0.wp.com\/blogdoeloiltoncajuhy.com.br\/site\/wp-content\/uploads\/2022\/11\/Jeronimo-Brasilia-08112022-02.jpg?resize=1024%2C682&amp;ssl=1 1024w, https:\/\/i0.wp.com\/blogdoeloiltoncajuhy.com.br\/site\/wp-content\/uploads\/2022\/11\/Jeronimo-Brasilia-08112022-02.jpg?resize=300%2C200&amp;ssl=1 300w, https:\/\/i0.wp.com\/blogdoeloiltoncajuhy.com.br\/site\/wp-content\/uploads\/2022\/11\/Jeronimo-Brasilia-08112022-02.jpg?resize=768%2C512&amp;ssl=1 768w, https:\/\/i0.wp.com\/blogdoeloiltoncajuhy.com.br\/site\/wp-content\/uploads\/2022\/11\/Jeronimo-Brasilia-08112022-02.jpg?resize=1536%2C1023&amp;ssl=1 1536w, https:\/\/i0.wp.com\/blogdoeloiltoncajuhy.com.br\/site\/wp-content\/uploads\/2022\/11\/Jeronimo-Brasilia-08112022-02.jpg?w=1600&amp;ssl=1 1600w\" sizes=\"(max-width: 800px) 100vw, 800px\" \/><\/a><\/figure>\n\n\n\n<p class=\"has-black-color has-text-color\"><strong>Com informa\u00e7\u00f5es da assessoria de Jer\u00f4nimo Rodrigues<\/strong><\/p>\n","protected":false},"excerpt":{"rendered":"<p>Blog do Eloilton Cajuhy O governador eleito da Bahia, Jer\u00f4nimo Rodrigues, desembarcou em Bras\u00edlia, na tarde desta ter\u00e7a-feira (8), e se reuniu com os coordenadores da equipe de transi\u00e7\u00e3o de Lula: o vice-presidente eleito, Geraldo Alckmin, e Aloizio Mercadante. O encontro aconteceu na resid\u00eancia do presidente do Senado, Rodrigo Pacheco. Na agenda, Jer\u00f4nimo esteve acompanhado [&hellip;]<\/p>\n","protected":false},"author":2,"featured_media":69989,"comment_status":"open","ping_status":"open","sticky":false,"template":"","format":"standard","meta":{"_acf_changed":false,"_monsterinsights_skip_tracking":false,"_monsterinsights_sitenote_active":false,"_monsterinsights_sitenote_note":"","_monsterinsights_sitenote_category":0,"_jetpack_memberships_contains_paid_content":false,"footnotes":"","jetpack_publicize_message":"","jetpack_publicize_feature_enabled":true,"jetpack_social_post_already_shared":true,"jetpack_social_options":{"image_generator_settings":{"template":"highway","default_image_id":0,"font":"","enabled":false},"version":2}},"categories":[3],"tags":[],"class_list":["post-69988","post","type-post","status-publish","format-standard","has-post-thumbnail","hentry","category-politica"],"acf":[],"jetpack_publicize_connections":[],"jetpack_featured_media_url":"https:\/\/i0.wp.com\/blogdoeloiltoncajuhy.com.br\/site\/wp-content\/uploads\/2022\/11\/Jeronimo-Brasilia-08112022-01.jpg?fit=1600%2C1066&ssl=1","jetpack_sharing_enabled":true,"publishpress_future_workflow_manual_trigger":{"enabledWorkflows":[]},"_links":{"self":[{"href":"https:\/\/blogdoeloiltoncajuhy.com.br\/site\/wp-json\/wp\/v2\/posts\/69988","targetHints":{"allow":["GET"]}}],"collection":[{"href":"https:\/\/blogdoeloiltoncajuhy.com.br\/site\/wp-json\/wp\/v2\/posts"}],"about":[{"href":"https:\/\/blogdoeloiltoncajuhy.com.br\/site\/wp-json\/wp\/v2\/types\/post"}],"author":[{"embeddable":true,"href":"https:\/\/blogdoeloiltoncajuhy.com.br\/site\/wp-json\/wp\/v2\/users\/2"}],"replies":[{"embeddable":true,"href":"https:\/\/blogdoeloiltoncajuhy.com.br\/site\/wp-json\/wp\/v2\/comments?post=69988"}],"version-history":[{"count":1,"href":"https:\/\/blogdoeloiltoncajuhy.com.br\/site\/wp-json\/wp\/v2\/posts\/69988\/revisions"}],"predecessor-version":[{"id":69991,"href":"https:\/\/blogdoeloiltoncajuhy.com.br\/site\/wp-json\/wp\/v2\/posts\/69988\/revisions\/69991"}],"wp:featuredmedia":[{"embeddable":true,"href":"https:\/\/blogdoeloiltoncajuhy.com.br\/site\/wp-json\/wp\/v2\/media\/69989"}],"wp:attachment":[{"href":"https:\/\/blogdoeloiltoncajuhy.com.br\/site\/wp-json\/wp\/v2\/media?parent=69988"}],"wp:term":[{"taxonomy":"category","embeddable":true,"href":"https:\/\/blogdoeloiltoncajuhy.com.br\/site\/wp-json\/wp\/v2\/categories?post=69988"},{"taxonomy":"post_tag","embeddable":true,"href":"https:\/\/blogdoeloiltoncajuhy.com.br\/site\/wp-json\/wp\/v2\/tags?post=69988"}],"curies":[{"name":"wp","href":"https:\/\/api.w.org\/{rel}","templated":true}]}}