{"id":69984,"date":"2022-11-09T01:20:00","date_gmt":"2022-11-09T04:20:00","guid":{"rendered":"http:\/\/blogdoeloiltoncajuhy.com.br\/site\/?p=69984"},"modified":"2022-11-08T19:01:41","modified_gmt":"2022-11-08T22:01:41","slug":"em-09-de-novembro-de-2006-morria-o-musico-brasileiro-mario-zan","status":"publish","type":"post","link":"https:\/\/blogdoeloiltoncajuhy.com.br\/site\/em-09-de-novembro-de-2006-morria-o-musico-brasileiro-mario-zan\/","title":{"rendered":"Em 09 de novembro de 2006, morria o m\u00fasico brasileiro M\u00e1rio Zan"},"content":{"rendered":"\n<p><strong>Blog do Eloilton Cajuhy<\/strong><\/p>\n\n\n\n<figure class=\"wp-block-image aligncenter size-full is-resized\"><a href=\"https:\/\/i0.wp.com\/blogdoeloiltoncajuhy.com.br\/site\/wp-content\/uploads\/2022\/11\/Mario-Zan-43.png\"><img data-recalc-dims=\"1\" fetchpriority=\"high\" decoding=\"async\" src=\"https:\/\/i0.wp.com\/blogdoeloiltoncajuhy.com.br\/site\/wp-content\/uploads\/2022\/11\/Mario-Zan-43.png?resize=762%2C445\" alt=\"\" class=\"wp-image-69985\" width=\"762\" height=\"445\" srcset=\"https:\/\/i0.wp.com\/blogdoeloiltoncajuhy.com.br\/site\/wp-content\/uploads\/2022\/11\/Mario-Zan-43.png?w=601&amp;ssl=1 601w, https:\/\/i0.wp.com\/blogdoeloiltoncajuhy.com.br\/site\/wp-content\/uploads\/2022\/11\/Mario-Zan-43.png?resize=300%2C175&amp;ssl=1 300w\" sizes=\"(max-width: 762px) 100vw, 762px\" \/><\/a><\/figure>\n\n\n\n<p><strong>Mario Giovanni Zandomeneghi<\/strong> nasceu em Roncade, na It\u00e1lia, em 9 de outubro de 1920. Radicado no Brasil desde 1920, ficou famoso por compor o hino comemorativo do IV Centen\u00e1rio da cidade de S\u00e3o Paulo e por suas m\u00fasicas t\u00edpicas das festas juninas de S\u00e3o Paulo e da Regi\u00e3o Centro-Sul do Brasil.<\/p>\n\n\n\n<p>Mario Zan come\u00e7ou a tocar acordeon aos treze anos de idade e foi considerado um dos melhores acordeonistas do Brasil, tendo se tornado famoso pelas composi\u00e7\u00f5es (mais de mil gravadas), sendo muitas delas as mais populares can\u00e7\u00f5es das festas juninas paulistas, como a <em>Quadrilha Completa<\/em>, <em>Bal\u00e3o Bonito<\/em>, <em>Noites de Junho<\/em> e <em>Pula a Fogueira<\/em>.<\/p>\n\n\n\n<p>Zan comp\u00f4s tamb\u00e9m dobrados, sendo de sua autoria o famoso Dobrado Silvino Rodrigues. O &#8220;Rei do Bai\u00e3o&#8221; Lu\u00eds Gonzaga disse uma vez que Mario Zan era o verdadeiro &#8220;Rei da Sanfona&#8221;.<\/p>\n\n\n\n<p>Duas de suas can\u00e7\u00f5es ultrapassaram as fronteiras brasileiras: <em>Nova Flor<\/em> (escrita em parceria com Palmeira) e o Hino do Quarto Centen\u00e1rio de S\u00e3o Paulo, escrita em parceria com J. A. Alves.<\/p>\n\n\n\n<p>M\u00e1rio Zan morreu ap\u00f3s uma parada card\u00edaca, em S\u00e3o Paulo, no dia 09 de novembro de 2006. Seu corpo foi velado na Assembleia Legislativa do estado e sepultado no Cemit\u00e9rio da Consola\u00e7\u00e3o.<\/p>\n\n\n\n<p class=\"has-black-color has-text-color\"><strong>Com informa\u00e7\u00f5es da Wikip\u00e9dia<\/strong><\/p>\n","protected":false},"excerpt":{"rendered":"<p>Blog do Eloilton Cajuhy Mario Giovanni Zandomeneghi nasceu em Roncade, na It\u00e1lia, em 9 de outubro de 1920. Radicado no Brasil desde 1920, ficou famoso por compor o hino comemorativo do IV Centen\u00e1rio da cidade de S\u00e3o Paulo e por suas m\u00fasicas t\u00edpicas das festas juninas de S\u00e3o Paulo e da Regi\u00e3o Centro-Sul do Brasil. [&hellip;]<\/p>\n","protected":false},"author":2,"featured_media":69986,"comment_status":"open","ping_status":"open","sticky":false,"template":"","format":"standard","meta":{"_acf_changed":false,"_monsterinsights_skip_tracking":false,"_monsterinsights_sitenote_active":false,"_monsterinsights_sitenote_note":"","_monsterinsights_sitenote_category":0,"_jetpack_memberships_contains_paid_content":false,"footnotes":"","jetpack_publicize_message":"","jetpack_publicize_feature_enabled":true,"jetpack_social_post_already_shared":true,"jetpack_social_options":{"image_generator_settings":{"template":"highway","default_image_id":0,"font":"","enabled":false},"version":2}},"categories":[12],"tags":[],"class_list":["post-69984","post","type-post","status-publish","format-standard","has-post-thumbnail","hentry","category-gente-que-faz-a-nossa-historia"],"acf":[],"jetpack_publicize_connections":[],"jetpack_featured_media_url":"https:\/\/i0.wp.com\/blogdoeloiltoncajuhy.com.br\/site\/wp-content\/uploads\/2022\/11\/Mario-Zan-2.jpg?fit=316%2C432&ssl=1","jetpack_sharing_enabled":true,"publishpress_future_workflow_manual_trigger":{"enabledWorkflows":[]},"_links":{"self":[{"href":"https:\/\/blogdoeloiltoncajuhy.com.br\/site\/wp-json\/wp\/v2\/posts\/69984","targetHints":{"allow":["GET"]}}],"collection":[{"href":"https:\/\/blogdoeloiltoncajuhy.com.br\/site\/wp-json\/wp\/v2\/posts"}],"about":[{"href":"https:\/\/blogdoeloiltoncajuhy.com.br\/site\/wp-json\/wp\/v2\/types\/post"}],"author":[{"embeddable":true,"href":"https:\/\/blogdoeloiltoncajuhy.com.br\/site\/wp-json\/wp\/v2\/users\/2"}],"replies":[{"embeddable":true,"href":"https:\/\/blogdoeloiltoncajuhy.com.br\/site\/wp-json\/wp\/v2\/comments?post=69984"}],"version-history":[{"count":1,"href":"https:\/\/blogdoeloiltoncajuhy.com.br\/site\/wp-json\/wp\/v2\/posts\/69984\/revisions"}],"predecessor-version":[{"id":69987,"href":"https:\/\/blogdoeloiltoncajuhy.com.br\/site\/wp-json\/wp\/v2\/posts\/69984\/revisions\/69987"}],"wp:featuredmedia":[{"embeddable":true,"href":"https:\/\/blogdoeloiltoncajuhy.com.br\/site\/wp-json\/wp\/v2\/media\/69986"}],"wp:attachment":[{"href":"https:\/\/blogdoeloiltoncajuhy.com.br\/site\/wp-json\/wp\/v2\/media?parent=69984"}],"wp:term":[{"taxonomy":"category","embeddable":true,"href":"https:\/\/blogdoeloiltoncajuhy.com.br\/site\/wp-json\/wp\/v2\/categories?post=69984"},{"taxonomy":"post_tag","embeddable":true,"href":"https:\/\/blogdoeloiltoncajuhy.com.br\/site\/wp-json\/wp\/v2\/tags?post=69984"}],"curies":[{"name":"wp","href":"https:\/\/api.w.org\/{rel}","templated":true}]}}