{"id":69980,"date":"2022-11-09T00:15:00","date_gmt":"2022-11-09T03:15:00","guid":{"rendered":"http:\/\/blogdoeloiltoncajuhy.com.br\/site\/?p=69980"},"modified":"2022-11-08T18:44:19","modified_gmt":"2022-11-08T21:44:19","slug":"09-de-novembro-o-mundo-lembra-a-queda-do-muro-de-berlim","status":"publish","type":"post","link":"https:\/\/blogdoeloiltoncajuhy.com.br\/site\/09-de-novembro-o-mundo-lembra-a-queda-do-muro-de-berlim\/","title":{"rendered":"09 de novembro: O mundo lembra a Queda do Muro de Berlim"},"content":{"rendered":"\n<p class=\"has-text-align-center has-medium-font-size\"><em>Fato hist\u00f3rico ocorreu em 1989.<\/em><\/p>\n\n\n\n<p><strong>Blog do Eloilton Cajuhy<\/strong><\/p>\n\n\n\n<figure class=\"wp-block-image aligncenter size-full is-resized\"><a href=\"https:\/\/i0.wp.com\/blogdoeloiltoncajuhy.com.br\/site\/wp-content\/uploads\/2022\/11\/Queda-Muro-de-Berlim_1989.jpg\"><img data-recalc-dims=\"1\" fetchpriority=\"high\" decoding=\"async\" src=\"https:\/\/i0.wp.com\/blogdoeloiltoncajuhy.com.br\/site\/wp-content\/uploads\/2022\/11\/Queda-Muro-de-Berlim_1989.jpg?resize=632%2C477\" alt=\"\" class=\"wp-image-69981\" width=\"632\" height=\"477\" srcset=\"https:\/\/i0.wp.com\/blogdoeloiltoncajuhy.com.br\/site\/wp-content\/uploads\/2022\/11\/Queda-Muro-de-Berlim_1989.jpg?w=640&amp;ssl=1 640w, https:\/\/i0.wp.com\/blogdoeloiltoncajuhy.com.br\/site\/wp-content\/uploads\/2022\/11\/Queda-Muro-de-Berlim_1989.jpg?resize=300%2C226&amp;ssl=1 300w\" sizes=\"(max-width: 632px) 100vw, 632px\" \/><\/a><\/figure>\n\n\n\n<p>O muro de Berlim \u00e9 at\u00e9 hoje um dos maiores s\u00edmbolos da divis\u00e3o do mundo entre pa\u00edses capitalistas e socialistas. Da mesma forma, sua queda \u00e9 apontada por alguns como o marco final e definitivo do fim da Guerra Fria.<\/p>\n\n\n\n<p>A constru\u00e7\u00e3o do muro se iniciou na madrugada do dia 13 de agosto de 1961, por iniciativa da Rep\u00fablica Democr\u00e1tica Alem\u00e3, de orienta\u00e7\u00e3o pr\u00f3 sovi\u00e9ticos. (RDA).<\/p>\n\n\n\n<p>A fronteira artificial era protegida por 66,5 km de grades met\u00e1licas, 302 torres de observa\u00e7\u00e3o, 127 redes met\u00e1licas eletrificadas com alarme e 255 pistas de corrida para ferozes c\u00e3es de guarda.<\/p>\n\n\n\n<p>Ao longo de quase 30 anos, cerca de 85 pessoas morreram e diversas foram presas ou ficaram feridas ao tentar atravessar para Rep\u00fablica Federal da Alemanha lado capitalista do pa\u00eds.<\/p>\n\n\n\n<p>A derrubada do muro teve origem com um mal-entendido. Devido ao grande n\u00famero de manifesta\u00e7\u00f5es pedindo o direito de viajar de um lado a outro, houve, em 9 de novembro de 1989, uma confer\u00eancia de imprensa na qual foi anunciada a decis\u00e3o de extinguir qualquer tipo de restri\u00e7\u00e3o \u00e0s viagens.<\/p>\n\n\n\n<p>Logo ap\u00f3s a divulga\u00e7\u00e3o da decis\u00e3o, foram transmitidas no r\u00e1dio e na tv not\u00edcias sobre a abertura do muro. Em pouco tempo uma multid\u00e3o j\u00e1 havia se dirigido para a fronteira sem que os guardas fossem informados de nada. Devido \u00e0 press\u00e3o popular e a falta de instru\u00e7\u00f5es oficiais n\u00e3o houve resist\u00eancia e o muro foi, enfim, derrubado.<\/p>\n\n\n\n<figure class=\"wp-block-image aligncenter size-large is-resized\"><a href=\"https:\/\/i0.wp.com\/blogdoeloiltoncajuhy.com.br\/site\/wp-content\/uploads\/2022\/11\/Queda-Muro-de-Berlim_1989-2.jpg\"><img data-recalc-dims=\"1\" decoding=\"async\" src=\"https:\/\/i0.wp.com\/blogdoeloiltoncajuhy.com.br\/site\/wp-content\/uploads\/2022\/11\/Queda-Muro-de-Berlim_1989-2.jpg?resize=768%2C432\" alt=\"\" class=\"wp-image-69982\" width=\"768\" height=\"432\" srcset=\"https:\/\/i0.wp.com\/blogdoeloiltoncajuhy.com.br\/site\/wp-content\/uploads\/2022\/11\/Queda-Muro-de-Berlim_1989-2.jpg?resize=1024%2C576&amp;ssl=1 1024w, https:\/\/i0.wp.com\/blogdoeloiltoncajuhy.com.br\/site\/wp-content\/uploads\/2022\/11\/Queda-Muro-de-Berlim_1989-2.jpg?resize=300%2C169&amp;ssl=1 300w, https:\/\/i0.wp.com\/blogdoeloiltoncajuhy.com.br\/site\/wp-content\/uploads\/2022\/11\/Queda-Muro-de-Berlim_1989-2.jpg?resize=768%2C432&amp;ssl=1 768w, https:\/\/i0.wp.com\/blogdoeloiltoncajuhy.com.br\/site\/wp-content\/uploads\/2022\/11\/Queda-Muro-de-Berlim_1989-2.jpg?resize=1536%2C864&amp;ssl=1 1536w, https:\/\/i0.wp.com\/blogdoeloiltoncajuhy.com.br\/site\/wp-content\/uploads\/2022\/11\/Queda-Muro-de-Berlim_1989-2.jpg?w=1600&amp;ssl=1 1600w\" sizes=\"(max-width: 768px) 100vw, 768px\" \/><\/a><\/figure>\n","protected":false},"excerpt":{"rendered":"<p>Fato hist\u00f3rico ocorreu em 1989. Blog do Eloilton Cajuhy O muro de Berlim \u00e9 at\u00e9 hoje um dos maiores s\u00edmbolos da divis\u00e3o do mundo entre pa\u00edses capitalistas e socialistas. Da mesma forma, sua queda \u00e9 apontada por alguns como o marco final e definitivo do fim da Guerra Fria. A constru\u00e7\u00e3o do muro se iniciou [&hellip;]<\/p>\n","protected":false},"author":2,"featured_media":69982,"comment_status":"open","ping_status":"open","sticky":false,"template":"","format":"standard","meta":{"_acf_changed":false,"_monsterinsights_skip_tracking":false,"_monsterinsights_sitenote_active":false,"_monsterinsights_sitenote_note":"","_monsterinsights_sitenote_category":0,"_jetpack_memberships_contains_paid_content":false,"footnotes":"","jetpack_publicize_message":"","jetpack_publicize_feature_enabled":true,"jetpack_social_post_already_shared":true,"jetpack_social_options":{"image_generator_settings":{"template":"highway","default_image_id":0,"font":"","enabled":false},"version":2}},"categories":[5],"tags":[],"class_list":["post-69980","post","type-post","status-publish","format-standard","has-post-thumbnail","hentry","category-cotidiano"],"acf":[],"jetpack_publicize_connections":[],"jetpack_featured_media_url":"https:\/\/i0.wp.com\/blogdoeloiltoncajuhy.com.br\/site\/wp-content\/uploads\/2022\/11\/Queda-Muro-de-Berlim_1989-2.jpg?fit=1600%2C900&ssl=1","jetpack_sharing_enabled":true,"publishpress_future_workflow_manual_trigger":{"enabledWorkflows":[]},"_links":{"self":[{"href":"https:\/\/blogdoeloiltoncajuhy.com.br\/site\/wp-json\/wp\/v2\/posts\/69980","targetHints":{"allow":["GET"]}}],"collection":[{"href":"https:\/\/blogdoeloiltoncajuhy.com.br\/site\/wp-json\/wp\/v2\/posts"}],"about":[{"href":"https:\/\/blogdoeloiltoncajuhy.com.br\/site\/wp-json\/wp\/v2\/types\/post"}],"author":[{"embeddable":true,"href":"https:\/\/blogdoeloiltoncajuhy.com.br\/site\/wp-json\/wp\/v2\/users\/2"}],"replies":[{"embeddable":true,"href":"https:\/\/blogdoeloiltoncajuhy.com.br\/site\/wp-json\/wp\/v2\/comments?post=69980"}],"version-history":[{"count":1,"href":"https:\/\/blogdoeloiltoncajuhy.com.br\/site\/wp-json\/wp\/v2\/posts\/69980\/revisions"}],"predecessor-version":[{"id":69983,"href":"https:\/\/blogdoeloiltoncajuhy.com.br\/site\/wp-json\/wp\/v2\/posts\/69980\/revisions\/69983"}],"wp:featuredmedia":[{"embeddable":true,"href":"https:\/\/blogdoeloiltoncajuhy.com.br\/site\/wp-json\/wp\/v2\/media\/69982"}],"wp:attachment":[{"href":"https:\/\/blogdoeloiltoncajuhy.com.br\/site\/wp-json\/wp\/v2\/media?parent=69980"}],"wp:term":[{"taxonomy":"category","embeddable":true,"href":"https:\/\/blogdoeloiltoncajuhy.com.br\/site\/wp-json\/wp\/v2\/categories?post=69980"},{"taxonomy":"post_tag","embeddable":true,"href":"https:\/\/blogdoeloiltoncajuhy.com.br\/site\/wp-json\/wp\/v2\/tags?post=69980"}],"curies":[{"name":"wp","href":"https:\/\/api.w.org\/{rel}","templated":true}]}}