{"id":69978,"date":"2022-11-08T20:00:00","date_gmt":"2022-11-08T23:00:00","guid":{"rendered":"http:\/\/blogdoeloiltoncajuhy.com.br\/site\/?p=69978"},"modified":"2022-11-08T17:28:02","modified_gmt":"2022-11-08T20:28:02","slug":"viver-e-trabalhoso-ou-e-a-gente-que-complica","status":"publish","type":"post","link":"https:\/\/blogdoeloiltoncajuhy.com.br\/site\/viver-e-trabalhoso-ou-e-a-gente-que-complica\/","title":{"rendered":"Viver \u00e9 trabalhoso ou \u00e9 a gente que complica?"},"content":{"rendered":"\n<p><strong>Blog do Eloilton Cajuhy<\/strong><\/p>\n\n\n\n<figure class=\"wp-block-image aligncenter size-full is-resized\"><a href=\"https:\/\/i0.wp.com\/blogdoeloiltoncajuhy.com.br\/site\/wp-content\/uploads\/2022\/03\/Reflexao_Patricia-Silva-01032022.png\"><img data-recalc-dims=\"1\" fetchpriority=\"high\" decoding=\"async\" src=\"https:\/\/i0.wp.com\/blogdoeloiltoncajuhy.com.br\/site\/wp-content\/uploads\/2022\/03\/Reflexao_Patricia-Silva-01032022.png?resize=579%2C562\" alt=\"\" class=\"wp-image-63231\" width=\"579\" height=\"562\" srcset=\"https:\/\/i0.wp.com\/blogdoeloiltoncajuhy.com.br\/site\/wp-content\/uploads\/2022\/03\/Reflexao_Patricia-Silva-01032022.png?w=843&amp;ssl=1 843w, https:\/\/i0.wp.com\/blogdoeloiltoncajuhy.com.br\/site\/wp-content\/uploads\/2022\/03\/Reflexao_Patricia-Silva-01032022.png?resize=300%2C292&amp;ssl=1 300w, https:\/\/i0.wp.com\/blogdoeloiltoncajuhy.com.br\/site\/wp-content\/uploads\/2022\/03\/Reflexao_Patricia-Silva-01032022.png?resize=768%2C747&amp;ssl=1 768w\" sizes=\"(max-width: 579px) 100vw, 579px\" \/><\/a><figcaption class=\"wp-element-caption\"><sub>Foto: Patr\u00edcia Silva<\/sub><\/figcaption><\/figure>\n\n\n\n<p>Eu me perguntei se viver precisa, de fato, ser t\u00e3o trabalhoso assim ou se \u00e9 a gente que complica, e muito. Como conseguimos ser t\u00e3o vulner\u00e1veis, ao mesmo tempo que t\u00e3o fortes. Somos humanos, \u00e9 claro, mas ser humano \u00e9 ser divino tamb\u00e9m.<\/p>\n\n\n\n<p>Eu n\u00e3o tenho muitas respostas e as que tenho s\u00e3o impermanentes como os invernos, os dias de c\u00e9u de cara amarrada, os lugares de dor, os abismos todos, o bom uso das asas, os fios desencapados, as medidas e as desmedidas.<\/p>\n\n\n\n<p>Tudo passa. O que queremos e o que n\u00e3o queremos que passe. A tristeza e o al\u00edvio coabitam no espa\u00e7o desta certeza. Eu n\u00e3o tenho muitas respostas. O que eu tenho \u00e9 f\u00e9. A lembran\u00e7a de que as perguntas mudam. Um modo de acreditar que os tiquinhos de sol possam sorrir o suficiente para desarmar a sisudez nublada de alguns c\u00e9us. E uma vontade bonita, toda minha, de crescer.<\/p>\n\n\n\n<p class=\"has-black-color has-text-color\"><strong>Ana J\u00e1como<\/strong><\/p>\n","protected":false},"excerpt":{"rendered":"<p>Blog do Eloilton Cajuhy Eu me perguntei se viver precisa, de fato, ser t\u00e3o trabalhoso assim ou se \u00e9 a gente que complica, e muito. Como conseguimos ser t\u00e3o vulner\u00e1veis, ao mesmo tempo que t\u00e3o fortes. Somos humanos, \u00e9 claro, mas ser humano \u00e9 ser divino tamb\u00e9m. Eu n\u00e3o tenho muitas respostas e as que [&hellip;]<\/p>\n","protected":false},"author":2,"featured_media":62961,"comment_status":"open","ping_status":"open","sticky":false,"template":"","format":"standard","meta":{"_acf_changed":false,"_monsterinsights_skip_tracking":false,"_monsterinsights_sitenote_active":false,"_monsterinsights_sitenote_note":"","_monsterinsights_sitenote_category":0,"_jetpack_memberships_contains_paid_content":false,"footnotes":"","jetpack_publicize_message":"","jetpack_publicize_feature_enabled":true,"jetpack_social_post_already_shared":true,"jetpack_social_options":{"image_generator_settings":{"template":"highway","default_image_id":0,"font":"","enabled":false},"version":2}},"categories":[9],"tags":[],"class_list":["post-69978","post","type-post","status-publish","format-standard","has-post-thumbnail","hentry","category-reflexao"],"acf":[],"jetpack_publicize_connections":[],"jetpack_featured_media_url":"https:\/\/i0.wp.com\/blogdoeloiltoncajuhy.com.br\/site\/wp-content\/uploads\/2022\/02\/Reflexao_17022022_Pinterest.jpeg?fit=500%2C750&ssl=1","jetpack_sharing_enabled":true,"publishpress_future_workflow_manual_trigger":{"enabledWorkflows":[]},"_links":{"self":[{"href":"https:\/\/blogdoeloiltoncajuhy.com.br\/site\/wp-json\/wp\/v2\/posts\/69978","targetHints":{"allow":["GET"]}}],"collection":[{"href":"https:\/\/blogdoeloiltoncajuhy.com.br\/site\/wp-json\/wp\/v2\/posts"}],"about":[{"href":"https:\/\/blogdoeloiltoncajuhy.com.br\/site\/wp-json\/wp\/v2\/types\/post"}],"author":[{"embeddable":true,"href":"https:\/\/blogdoeloiltoncajuhy.com.br\/site\/wp-json\/wp\/v2\/users\/2"}],"replies":[{"embeddable":true,"href":"https:\/\/blogdoeloiltoncajuhy.com.br\/site\/wp-json\/wp\/v2\/comments?post=69978"}],"version-history":[{"count":1,"href":"https:\/\/blogdoeloiltoncajuhy.com.br\/site\/wp-json\/wp\/v2\/posts\/69978\/revisions"}],"predecessor-version":[{"id":69979,"href":"https:\/\/blogdoeloiltoncajuhy.com.br\/site\/wp-json\/wp\/v2\/posts\/69978\/revisions\/69979"}],"wp:featuredmedia":[{"embeddable":true,"href":"https:\/\/blogdoeloiltoncajuhy.com.br\/site\/wp-json\/wp\/v2\/media\/62961"}],"wp:attachment":[{"href":"https:\/\/blogdoeloiltoncajuhy.com.br\/site\/wp-json\/wp\/v2\/media?parent=69978"}],"wp:term":[{"taxonomy":"category","embeddable":true,"href":"https:\/\/blogdoeloiltoncajuhy.com.br\/site\/wp-json\/wp\/v2\/categories?post=69978"},{"taxonomy":"post_tag","embeddable":true,"href":"https:\/\/blogdoeloiltoncajuhy.com.br\/site\/wp-json\/wp\/v2\/tags?post=69978"}],"curies":[{"name":"wp","href":"https:\/\/api.w.org\/{rel}","templated":true}]}}