{"id":69972,"date":"2022-11-08T16:56:56","date_gmt":"2022-11-08T19:56:56","guid":{"rendered":"http:\/\/blogdoeloiltoncajuhy.com.br\/site\/?p=69972"},"modified":"2022-11-08T16:56:59","modified_gmt":"2022-11-08T19:56:59","slug":"morre-aos-68-anos-o-cantor-e-compositor-bebeto-alves","status":"publish","type":"post","link":"https:\/\/blogdoeloiltoncajuhy.com.br\/site\/morre-aos-68-anos-o-cantor-e-compositor-bebeto-alves\/","title":{"rendered":"Morre, aos 68 anos, o cantor e compositor Bebeto Alves"},"content":{"rendered":"\n<p class=\"has-text-align-center has-medium-font-size\"><em>Falecimento ocorreu na madrugada desta segunda-feira (7). Expoente da m\u00fasica ga\u00facha, artista estava hospitalizado em Porto Alegre, onde recebia tratamento para um c\u00e2ncer.<\/em><\/p>\n\n\n\n<p><strong>Por RBS TV e g1 RS<\/strong><\/p>\n\n\n\n<figure class=\"wp-block-image aligncenter size-full is-resized\"><a href=\"https:\/\/i0.wp.com\/blogdoeloiltoncajuhy.com.br\/site\/wp-content\/uploads\/2022\/11\/Bebeto-Alves-01.webp\"><img data-recalc-dims=\"1\" fetchpriority=\"high\" decoding=\"async\" src=\"https:\/\/i0.wp.com\/blogdoeloiltoncajuhy.com.br\/site\/wp-content\/uploads\/2022\/11\/Bebeto-Alves-01.webp?resize=738%2C416\" alt=\"\" class=\"wp-image-69973\" width=\"738\" height=\"416\" srcset=\"https:\/\/i0.wp.com\/blogdoeloiltoncajuhy.com.br\/site\/wp-content\/uploads\/2022\/11\/Bebeto-Alves-01.webp?w=984&amp;ssl=1 984w, https:\/\/i0.wp.com\/blogdoeloiltoncajuhy.com.br\/site\/wp-content\/uploads\/2022\/11\/Bebeto-Alves-01.webp?resize=300%2C169&amp;ssl=1 300w, https:\/\/i0.wp.com\/blogdoeloiltoncajuhy.com.br\/site\/wp-content\/uploads\/2022\/11\/Bebeto-Alves-01.webp?resize=768%2C432&amp;ssl=1 768w\" sizes=\"(max-width: 738px) 100vw, 738px\" \/><\/a><figcaption class=\"wp-element-caption\"><sub>Bebeto Alves \u2014 Foto: RBS TV\/Reprodu\u00e7\u00e3o<\/sub><\/figcaption><\/figure>\n\n\n\n<p>O cantor e compositor Bebeto Alves morreu, aos 68 anos, na madrugada desta segunda-feira (7) em Porto Alegre. Ele estava internado no Hospital Dom Vicente Scherer, onde recebia tratamento para um c\u00e2ncer de pulm\u00e3o.<\/p>\n\n\n\n<p>Um dos expoentes da m\u00fasica ga\u00facha, teve mais de 30 discos lan\u00e7ados. Um dos seus maiores sucessos foi &#8220;Quando eu chegar&#8221;, de 1984. Teve can\u00e7\u00f5es gravadas por grandes nomes da m\u00fasica brasileira, como Ana Carolina, Belchior e Kleiton e Kledir. Seu primeiro disco solo foi lan\u00e7ado em 1981.<\/p>\n\n\n\n<p>Nos \u00faltimos meses, Bebeto lidava com problemas de sa\u00fade. Sofreu dois acidentes vasculares cerebrais (AVCs) em agosto deste ano e foi internado na Unidade de Tratamento Intensivo (UTI) do hospital Santa Casa de Porto Alegre. Dois meses antes, em junho, foi hospitalizado devido a uma trombose pulmonar.<\/p>\n\n\n\n<p>Bebeto era natural de Uruguaiana, na Fronteira Oeste do estado. Deixa a esposa, Simone Schlindwein, tr\u00eas filhas, Kim Bins, Luna Lisboa Alves e a atriz Mel Lisboa, e quatro netos.<\/p>\n\n\n\n<figure class=\"wp-block-image aligncenter size-full is-resized\"><a href=\"https:\/\/i0.wp.com\/blogdoeloiltoncajuhy.com.br\/site\/wp-content\/uploads\/2022\/11\/Bebeto-Alves-02.webp\"><img data-recalc-dims=\"1\" decoding=\"async\" src=\"https:\/\/i0.wp.com\/blogdoeloiltoncajuhy.com.br\/site\/wp-content\/uploads\/2022\/11\/Bebeto-Alves-02.webp?resize=738%2C416\" alt=\"\" class=\"wp-image-69974\" width=\"738\" height=\"416\" srcset=\"https:\/\/i0.wp.com\/blogdoeloiltoncajuhy.com.br\/site\/wp-content\/uploads\/2022\/11\/Bebeto-Alves-02.webp?w=984&amp;ssl=1 984w, https:\/\/i0.wp.com\/blogdoeloiltoncajuhy.com.br\/site\/wp-content\/uploads\/2022\/11\/Bebeto-Alves-02.webp?resize=300%2C169&amp;ssl=1 300w, https:\/\/i0.wp.com\/blogdoeloiltoncajuhy.com.br\/site\/wp-content\/uploads\/2022\/11\/Bebeto-Alves-02.webp?resize=768%2C432&amp;ssl=1 768w\" sizes=\"(max-width: 738px) 100vw, 738px\" \/><\/a><figcaption class=\"wp-element-caption\"><sub>Bebeto Alves durante apresenta\u00e7\u00e3o \u2014 Foto: RBS TV\/Reprodu\u00e7\u00e3o<\/sub><\/figcaption><\/figure>\n","protected":false},"excerpt":{"rendered":"<p>Falecimento ocorreu na madrugada desta segunda-feira (7). Expoente da m\u00fasica ga\u00facha, artista estava hospitalizado em Porto Alegre, onde recebia tratamento para um c\u00e2ncer. Por RBS TV e g1 RS O cantor e compositor Bebeto Alves morreu, aos 68 anos, na madrugada desta segunda-feira (7) em Porto Alegre. Ele estava internado no Hospital Dom Vicente Scherer, [&hellip;]<\/p>\n","protected":false},"author":2,"featured_media":69974,"comment_status":"open","ping_status":"open","sticky":false,"template":"","format":"standard","meta":{"_acf_changed":false,"_monsterinsights_skip_tracking":false,"_monsterinsights_sitenote_active":false,"_monsterinsights_sitenote_note":"","_monsterinsights_sitenote_category":0,"_jetpack_memberships_contains_paid_content":false,"footnotes":"","jetpack_publicize_message":"","jetpack_publicize_feature_enabled":true,"jetpack_social_post_already_shared":true,"jetpack_social_options":{"image_generator_settings":{"template":"highway","default_image_id":0,"font":"","enabled":false},"version":2}},"categories":[8],"tags":[],"class_list":["post-69972","post","type-post","status-publish","format-standard","has-post-thumbnail","hentry","category-cultura"],"acf":[],"jetpack_publicize_connections":[],"jetpack_featured_media_url":"https:\/\/i0.wp.com\/blogdoeloiltoncajuhy.com.br\/site\/wp-content\/uploads\/2022\/11\/Bebeto-Alves-02.webp?fit=984%2C554&ssl=1","jetpack_sharing_enabled":true,"publishpress_future_workflow_manual_trigger":{"enabledWorkflows":[]},"_links":{"self":[{"href":"https:\/\/blogdoeloiltoncajuhy.com.br\/site\/wp-json\/wp\/v2\/posts\/69972","targetHints":{"allow":["GET"]}}],"collection":[{"href":"https:\/\/blogdoeloiltoncajuhy.com.br\/site\/wp-json\/wp\/v2\/posts"}],"about":[{"href":"https:\/\/blogdoeloiltoncajuhy.com.br\/site\/wp-json\/wp\/v2\/types\/post"}],"author":[{"embeddable":true,"href":"https:\/\/blogdoeloiltoncajuhy.com.br\/site\/wp-json\/wp\/v2\/users\/2"}],"replies":[{"embeddable":true,"href":"https:\/\/blogdoeloiltoncajuhy.com.br\/site\/wp-json\/wp\/v2\/comments?post=69972"}],"version-history":[{"count":1,"href":"https:\/\/blogdoeloiltoncajuhy.com.br\/site\/wp-json\/wp\/v2\/posts\/69972\/revisions"}],"predecessor-version":[{"id":69975,"href":"https:\/\/blogdoeloiltoncajuhy.com.br\/site\/wp-json\/wp\/v2\/posts\/69972\/revisions\/69975"}],"wp:featuredmedia":[{"embeddable":true,"href":"https:\/\/blogdoeloiltoncajuhy.com.br\/site\/wp-json\/wp\/v2\/media\/69974"}],"wp:attachment":[{"href":"https:\/\/blogdoeloiltoncajuhy.com.br\/site\/wp-json\/wp\/v2\/media?parent=69972"}],"wp:term":[{"taxonomy":"category","embeddable":true,"href":"https:\/\/blogdoeloiltoncajuhy.com.br\/site\/wp-json\/wp\/v2\/categories?post=69972"},{"taxonomy":"post_tag","embeddable":true,"href":"https:\/\/blogdoeloiltoncajuhy.com.br\/site\/wp-json\/wp\/v2\/tags?post=69972"}],"curies":[{"name":"wp","href":"https:\/\/api.w.org\/{rel}","templated":true}]}}