{"id":69963,"date":"2022-11-08T14:24:00","date_gmt":"2022-11-08T17:24:00","guid":{"rendered":"http:\/\/blogdoeloiltoncajuhy.com.br\/site\/?p=69963"},"modified":"2022-11-08T14:24:03","modified_gmt":"2022-11-08T17:24:03","slug":"equipe-de-transicao-tem-primeiros-nomes-tebet-persio-e-andre-lara-estao-na-lista","status":"publish","type":"post","link":"https:\/\/blogdoeloiltoncajuhy.com.br\/site\/equipe-de-transicao-tem-primeiros-nomes-tebet-persio-e-andre-lara-estao-na-lista\/","title":{"rendered":"Equipe de transi\u00e7\u00e3o tem primeiros nomes; Tebet, P\u00e9rsio e Andr\u00e9 Lara est\u00e3o na lista"},"content":{"rendered":"\n<p><strong>BRAS\u00cdLIA, DF (FOLHAPRESS)<\/strong> &#8211; Os economistas P\u00e9rsio Arida e Andr\u00e9 Lara Resende v\u00e3o participar formalmente da equipe de transi\u00e7\u00e3o do presidente eleito Luiz In\u00e1cio Lula da Silva (PT), afirmou o vice-presidente eleito Geraldo Alckmin (PSB) a pessoas pr\u00f3ximas.<\/p>\n\n\n\n<figure class=\"wp-block-image aligncenter size-large\"><a href=\"https:\/\/i0.wp.com\/blogdoeloiltoncajuhy.com.br\/site\/wp-content\/uploads\/2022\/11\/coletiva-reuniao-orcamento.jpg\"><img data-recalc-dims=\"1\" fetchpriority=\"high\" decoding=\"async\" width=\"800\" height=\"479\" src=\"https:\/\/i0.wp.com\/blogdoeloiltoncajuhy.com.br\/site\/wp-content\/uploads\/2022\/11\/coletiva-reuniao-orcamento.jpg?resize=800%2C479\" alt=\"\" class=\"wp-image-69964\" srcset=\"https:\/\/i0.wp.com\/blogdoeloiltoncajuhy.com.br\/site\/wp-content\/uploads\/2022\/11\/coletiva-reuniao-orcamento.jpg?resize=1024%2C613&amp;ssl=1 1024w, https:\/\/i0.wp.com\/blogdoeloiltoncajuhy.com.br\/site\/wp-content\/uploads\/2022\/11\/coletiva-reuniao-orcamento.jpg?resize=300%2C179&amp;ssl=1 300w, https:\/\/i0.wp.com\/blogdoeloiltoncajuhy.com.br\/site\/wp-content\/uploads\/2022\/11\/coletiva-reuniao-orcamento.jpg?resize=768%2C459&amp;ssl=1 768w, https:\/\/i0.wp.com\/blogdoeloiltoncajuhy.com.br\/site\/wp-content\/uploads\/2022\/11\/coletiva-reuniao-orcamento.jpg?w=1170&amp;ssl=1 1170w\" sizes=\"(max-width: 800px) 100vw, 800px\" \/><\/a><figcaption class=\"wp-element-caption\"><sub>O vice-presidente eleito, Geraldo Alckmin, durante entrevista coletiva ap\u00f3s reuni\u00e3o com o relator-geral do Or\u00e7amento 2023, senador Marcelo Castro, e equipe de transi\u00e7\u00e3o &#8211; Foto: Marcelo Camargo\/Ag\u00eancia Brasil<\/sub><\/figcaption><\/figure>\n\n\n\n<p>A senadora Simone Tebet (MDB-MS) tamb\u00e9m participar\u00e1 do grupo que vai fazer o processo de troca entre governos, colaborando na \u00e1rea de desenvolvimento social. Ela se reuniu com Alckmin nesta ter\u00e7a-feira (8).<\/p>\n\n\n\n<p>Na segunda-feira (7), a <em>Folha<\/em> mostrou que a parlamentar j\u00e1 havia sido sondada pelo vice-presidente eleito. Durante o encontro, Alckmin disse a Tebet que ela poderia atuar e opinar na \u00e1rea que quisesse durante a transi\u00e7\u00e3o. A senadora afirmou, ent\u00e3o, que gostaria de trabalhar com temas ligados \u00e0 assist\u00eancia social.<\/p>\n\n\n\n<p>A equipe de transi\u00e7\u00e3o dever\u00e1 ter at\u00e9 cinco grandes comiss\u00f5es, que ser\u00e3o subdivididas em grupos menores.<\/p>\n\n\n\n<p>O setor que tratar\u00e1 de economia deve ter quatro nomes principais. Al\u00e9m de P\u00e9rsio e Andr\u00e9 Lara, o economista Guilherme Mello, professor da Unicamp e ligado ao PT, tamb\u00e9m far\u00e1 parte da equipe. O quarto nome ainda est\u00e1 em defini\u00e7\u00e3o.<\/p>\n\n\n\n<p>P\u00e9rsio Arida chegou a ser citado entre os nomes considerados para assumir a economia. Ele \u00e9 pr\u00f3ximo de Alckmin, vice-presidente eleito e coordenador da transi\u00e7\u00e3o.<\/p>\n\n\n\n<p>O economista \u00e9 um dos pais do Plano Real &#8211; medida que acabou com o cen\u00e1rio de hiperinfla\u00e7\u00e3o nos anos 90, na transi\u00e7\u00e3o dos governos Itamar Franco (1992-1994) e Fernando Henrique Cardoso (1995-2002) &#8211; e declarou voto em Lula no segundo turno.<\/p>\n\n\n\n<p>J\u00e1 o economista Andr\u00e9 Lara Resende, outro integrante da equipe pai do Real que apoiou Lula, n\u00e3o deve ter cargo de gest\u00e3o. Pode ser indicado para representar o Brasil em algum organismo internacional, como o Banco Mundial ou o FMI (Fundo Monet\u00e1rio Internacional), ou atuar como um formulador de pol\u00edticas p\u00fablicas.<\/p>\n\n\n\n<p>O PSB indicou para a equipe o pr\u00f3prio presidente da sigla, Carlos Siqueira, o prefeito de Recife, Jo\u00e3o Campos, e o ex-governador de S\u00e3o Paulo M\u00e1rcio Fran\u00e7a. O objetivo foi contemplar dois estados em que o PSB tem for\u00e7a.<\/p>\n\n\n\n<p>Fran\u00e7a tamb\u00e9m \u00e9 cotado para ocupar algum minist\u00e9rio de Lula. S\u00e3o citadas como op\u00e7\u00f5es a pasta de Ci\u00eancia e Tecnologia, Desenvolvimento Ind\u00fastria e Com\u00e9rcio, al\u00e9m de Cidades.<\/p>\n\n\n\n<p>No desenho j\u00e1 definido da transi\u00e7\u00e3o, a soci\u00f3loga Ros\u00e2ngela da Silva, a Janja, esposa do petista, dever\u00e1 atuar na organiza\u00e7\u00e3o da cerim\u00f4nia de posse.<\/p>\n\n\n\n<p>Aloizio Mercadante deve coordenar esses n\u00facleos de discuss\u00e3o tem\u00e1tica. A deputada Gleisi Hoffmann (PT-PR) dever\u00e1 coordenar as rela\u00e7\u00f5es institucionais da transi\u00e7\u00e3o<\/p>\n\n\n\n<p>Lula deve ir a Bras\u00edlia na noite desta ter\u00e7a (8), onde se reunir\u00e1 com a presidente do STF (Supremo Tribunal Federal), Rosa Weber, o presidente da C\u00e2mara, Arthur Lira, e o presidente do Senado, Rodrigo Pacheco.<\/p>\n\n\n\n<p>O p\u00e9riplo serviria como demonstra\u00e7\u00e3o de respeito \u00e0s institui\u00e7\u00f5es.<\/p>\n","protected":false},"excerpt":{"rendered":"<p>BRAS\u00cdLIA, DF (FOLHAPRESS) &#8211; Os economistas P\u00e9rsio Arida e Andr\u00e9 Lara Resende v\u00e3o participar formalmente da equipe de transi\u00e7\u00e3o do presidente eleito Luiz In\u00e1cio Lula da Silva (PT), afirmou o vice-presidente eleito Geraldo Alckmin (PSB) a pessoas pr\u00f3ximas. A senadora Simone Tebet (MDB-MS) tamb\u00e9m participar\u00e1 do grupo que vai fazer o processo de troca entre [&hellip;]<\/p>\n","protected":false},"author":2,"featured_media":69964,"comment_status":"open","ping_status":"open","sticky":false,"template":"","format":"standard","meta":{"_acf_changed":false,"_monsterinsights_skip_tracking":false,"_monsterinsights_sitenote_active":false,"_monsterinsights_sitenote_note":"","_monsterinsights_sitenote_category":0,"_jetpack_memberships_contains_paid_content":false,"footnotes":"","jetpack_publicize_message":"","jetpack_publicize_feature_enabled":true,"jetpack_social_post_already_shared":true,"jetpack_social_options":{"image_generator_settings":{"template":"highway","default_image_id":0,"font":"","enabled":false},"version":2}},"categories":[3],"tags":[],"class_list":["post-69963","post","type-post","status-publish","format-standard","has-post-thumbnail","hentry","category-politica"],"acf":[],"jetpack_publicize_connections":[],"jetpack_featured_media_url":"https:\/\/i0.wp.com\/blogdoeloiltoncajuhy.com.br\/site\/wp-content\/uploads\/2022\/11\/coletiva-reuniao-orcamento.jpg?fit=1170%2C700&ssl=1","jetpack_sharing_enabled":true,"publishpress_future_workflow_manual_trigger":{"enabledWorkflows":[]},"_links":{"self":[{"href":"https:\/\/blogdoeloiltoncajuhy.com.br\/site\/wp-json\/wp\/v2\/posts\/69963","targetHints":{"allow":["GET"]}}],"collection":[{"href":"https:\/\/blogdoeloiltoncajuhy.com.br\/site\/wp-json\/wp\/v2\/posts"}],"about":[{"href":"https:\/\/blogdoeloiltoncajuhy.com.br\/site\/wp-json\/wp\/v2\/types\/post"}],"author":[{"embeddable":true,"href":"https:\/\/blogdoeloiltoncajuhy.com.br\/site\/wp-json\/wp\/v2\/users\/2"}],"replies":[{"embeddable":true,"href":"https:\/\/blogdoeloiltoncajuhy.com.br\/site\/wp-json\/wp\/v2\/comments?post=69963"}],"version-history":[{"count":1,"href":"https:\/\/blogdoeloiltoncajuhy.com.br\/site\/wp-json\/wp\/v2\/posts\/69963\/revisions"}],"predecessor-version":[{"id":69965,"href":"https:\/\/blogdoeloiltoncajuhy.com.br\/site\/wp-json\/wp\/v2\/posts\/69963\/revisions\/69965"}],"wp:featuredmedia":[{"embeddable":true,"href":"https:\/\/blogdoeloiltoncajuhy.com.br\/site\/wp-json\/wp\/v2\/media\/69964"}],"wp:attachment":[{"href":"https:\/\/blogdoeloiltoncajuhy.com.br\/site\/wp-json\/wp\/v2\/media?parent=69963"}],"wp:term":[{"taxonomy":"category","embeddable":true,"href":"https:\/\/blogdoeloiltoncajuhy.com.br\/site\/wp-json\/wp\/v2\/categories?post=69963"},{"taxonomy":"post_tag","embeddable":true,"href":"https:\/\/blogdoeloiltoncajuhy.com.br\/site\/wp-json\/wp\/v2\/tags?post=69963"}],"curies":[{"name":"wp","href":"https:\/\/api.w.org\/{rel}","templated":true}]}}