{"id":69952,"date":"2022-11-08T08:09:55","date_gmt":"2022-11-08T11:09:55","guid":{"rendered":"http:\/\/blogdoeloiltoncajuhy.com.br\/site\/?p=69952"},"modified":"2022-11-08T08:09:58","modified_gmt":"2022-11-08T11:09:58","slug":"ao-lado-de-lewis-hamilton-valmir-defende-ampliacao-de-politicas-para-o-povo-negro-no-governo-lula","status":"publish","type":"post","link":"https:\/\/blogdoeloiltoncajuhy.com.br\/site\/ao-lado-de-lewis-hamilton-valmir-defende-ampliacao-de-politicas-para-o-povo-negro-no-governo-lula\/","title":{"rendered":"<strong>Ao lado de Lewis Hamilton, Valmir defende amplia\u00e7\u00e3o de pol\u00edticas para o povo negro no governo Lula<\/strong>"},"content":{"rendered":"\n<p><strong>Blog do Eloilton Cajuhy<\/strong><\/p>\n\n\n\n<figure class=\"wp-block-image aligncenter size-full\"><a href=\"https:\/\/i0.wp.com\/blogdoeloiltoncajuhy.com.br\/site\/wp-content\/uploads\/2022\/11\/Valmir-Assuncao-e-o-piloto-de-Formula-1-Lewis-Hamilton-FOTO-Divulgacao.jpg\"><img data-recalc-dims=\"1\" fetchpriority=\"high\" decoding=\"async\" width=\"800\" height=\"412\" src=\"https:\/\/i0.wp.com\/blogdoeloiltoncajuhy.com.br\/site\/wp-content\/uploads\/2022\/11\/Valmir-Assuncao-e-o-piloto-de-Formula-1-Lewis-Hamilton-FOTO-Divulgacao.jpg?resize=800%2C412\" alt=\"\" class=\"wp-image-69953\" srcset=\"https:\/\/i0.wp.com\/blogdoeloiltoncajuhy.com.br\/site\/wp-content\/uploads\/2022\/11\/Valmir-Assuncao-e-o-piloto-de-Formula-1-Lewis-Hamilton-FOTO-Divulgacao.jpg?w=800&amp;ssl=1 800w, https:\/\/i0.wp.com\/blogdoeloiltoncajuhy.com.br\/site\/wp-content\/uploads\/2022\/11\/Valmir-Assuncao-e-o-piloto-de-Formula-1-Lewis-Hamilton-FOTO-Divulgacao.jpg?resize=300%2C155&amp;ssl=1 300w, https:\/\/i0.wp.com\/blogdoeloiltoncajuhy.com.br\/site\/wp-content\/uploads\/2022\/11\/Valmir-Assuncao-e-o-piloto-de-Formula-1-Lewis-Hamilton-FOTO-Divulgacao.jpg?resize=768%2C396&amp;ssl=1 768w\" sizes=\"(max-width: 800px) 100vw, 800px\" \/><\/a><figcaption class=\"wp-element-caption\"><sub>Foto: Divulga\u00e7\u00e3o<\/sub><\/figcaption><\/figure>\n\n\n\n<p>Heptacampe\u00e3o mundial de F\u00f3rmula 1, o piloto ingl\u00eas Lewis Hamilton foi homenageado e recebeu o t\u00edtulo de cidad\u00e3o honor\u00e1rio brasileiro durante sess\u00e3o, em Bras\u00edlia, nesta segunda-feira (7). O atleta foi recebido por parlamentares na C\u00e2mara Federal, entre eles o baiano Valmir Assun\u00e7\u00e3o (PT-BA), que participou diretamente do processo e defendeu a amplia\u00e7\u00e3o de pol\u00edticas p\u00fablicas para o povo negro do Brasil em janeiro de 2023 com o novo governo Lula.<\/p>\n\n\n\n<p>\u201cA C\u00e2mara dos Deputados ficou lotada para essa sess\u00e3o solene em homenagem ao piloto que \u00e9 uma voz potente e internacional do povo preto. Reconhece o Brasil como um de suas refer\u00eancias de vida. E sabemos que o governo Lula vai dar espa\u00e7o para os povos tradicionais e tamb\u00e9m para o povo negro. Esse t\u00edtulo, antes de tudo, tem um peso enorme para o exemplo que esse atleta campe\u00e3o \u00e9 para a comunidade negra global\u201d, salienta o petista.<\/p>\n\n\n\n<p>Hamilton est\u00e1 no Brasil para a disputa do Grande Pr\u00eamio (GP) de Interlagos, que acontece no pr\u00f3ximo final de semana. Nos bastidores, o piloto foi recebido pelo presidente da C\u00e2mara, Arthur Lira (PP), e por membros da mesa diretora da Casa. Esse t\u00edtulo de cidad\u00e3o honor\u00e1rio foi aprovado em plen\u00e1rio, a partir do Projeto de Resolu\u00e7\u00e3o 79\/2021, de autoria do deputado Andr\u00e9 Figueiredo (PDT-CE).<\/p>\n\n\n\n<p>Conforme justificativa do projeto original, a honraria foi dada ap\u00f3s o piloto de F\u00f3rmula 1 homenagear Ayrton Senna no GP de Interlagos em 2021. \u201cAgora, posso finalmente dizer que sou um de voc\u00eas\u201d, disse Hamilton durante a solenidade. O atleta voltou a homenagear Senna e o chamou de her\u00f3i. \u201cGostaria de dedicar essa honraria ao meu her\u00f3i Ayrton Senna\u201d.<\/p>\n\n\n\n<p class=\"has-black-color has-text-color\"><strong>Ascom do deputado Valmir Assun\u00e7\u00e3o<\/strong><\/p>\n","protected":false},"excerpt":{"rendered":"<p>Blog do Eloilton Cajuhy Heptacampe\u00e3o mundial de F\u00f3rmula 1, o piloto ingl\u00eas Lewis Hamilton foi homenageado e recebeu o t\u00edtulo de cidad\u00e3o honor\u00e1rio brasileiro durante sess\u00e3o, em Bras\u00edlia, nesta segunda-feira (7). O atleta foi recebido por parlamentares na C\u00e2mara Federal, entre eles o baiano Valmir Assun\u00e7\u00e3o (PT-BA), que participou diretamente do processo e defendeu a [&hellip;]<\/p>\n","protected":false},"author":2,"featured_media":69953,"comment_status":"open","ping_status":"open","sticky":false,"template":"","format":"standard","meta":{"_acf_changed":false,"_monsterinsights_skip_tracking":false,"_monsterinsights_sitenote_active":false,"_monsterinsights_sitenote_note":"","_monsterinsights_sitenote_category":0,"_jetpack_memberships_contains_paid_content":false,"footnotes":"","jetpack_publicize_message":"","jetpack_publicize_feature_enabled":true,"jetpack_social_post_already_shared":true,"jetpack_social_options":{"image_generator_settings":{"template":"highway","default_image_id":0,"font":"","enabled":false},"version":2}},"categories":[3],"tags":[],"class_list":["post-69952","post","type-post","status-publish","format-standard","has-post-thumbnail","hentry","category-politica"],"acf":[],"jetpack_publicize_connections":[],"jetpack_featured_media_url":"https:\/\/i0.wp.com\/blogdoeloiltoncajuhy.com.br\/site\/wp-content\/uploads\/2022\/11\/Valmir-Assuncao-e-o-piloto-de-Formula-1-Lewis-Hamilton-FOTO-Divulgacao.jpg?fit=800%2C412&ssl=1","jetpack_sharing_enabled":true,"publishpress_future_workflow_manual_trigger":{"enabledWorkflows":[]},"_links":{"self":[{"href":"https:\/\/blogdoeloiltoncajuhy.com.br\/site\/wp-json\/wp\/v2\/posts\/69952","targetHints":{"allow":["GET"]}}],"collection":[{"href":"https:\/\/blogdoeloiltoncajuhy.com.br\/site\/wp-json\/wp\/v2\/posts"}],"about":[{"href":"https:\/\/blogdoeloiltoncajuhy.com.br\/site\/wp-json\/wp\/v2\/types\/post"}],"author":[{"embeddable":true,"href":"https:\/\/blogdoeloiltoncajuhy.com.br\/site\/wp-json\/wp\/v2\/users\/2"}],"replies":[{"embeddable":true,"href":"https:\/\/blogdoeloiltoncajuhy.com.br\/site\/wp-json\/wp\/v2\/comments?post=69952"}],"version-history":[{"count":1,"href":"https:\/\/blogdoeloiltoncajuhy.com.br\/site\/wp-json\/wp\/v2\/posts\/69952\/revisions"}],"predecessor-version":[{"id":69954,"href":"https:\/\/blogdoeloiltoncajuhy.com.br\/site\/wp-json\/wp\/v2\/posts\/69952\/revisions\/69954"}],"wp:featuredmedia":[{"embeddable":true,"href":"https:\/\/blogdoeloiltoncajuhy.com.br\/site\/wp-json\/wp\/v2\/media\/69953"}],"wp:attachment":[{"href":"https:\/\/blogdoeloiltoncajuhy.com.br\/site\/wp-json\/wp\/v2\/media?parent=69952"}],"wp:term":[{"taxonomy":"category","embeddable":true,"href":"https:\/\/blogdoeloiltoncajuhy.com.br\/site\/wp-json\/wp\/v2\/categories?post=69952"},{"taxonomy":"post_tag","embeddable":true,"href":"https:\/\/blogdoeloiltoncajuhy.com.br\/site\/wp-json\/wp\/v2\/tags?post=69952"}],"curies":[{"name":"wp","href":"https:\/\/api.w.org\/{rel}","templated":true}]}}