{"id":69949,"date":"2022-11-08T08:00:16","date_gmt":"2022-11-08T11:00:16","guid":{"rendered":"http:\/\/blogdoeloiltoncajuhy.com.br\/site\/?p=69949"},"modified":"2022-11-08T08:00:48","modified_gmt":"2022-11-08T11:00:48","slug":"policias-militar-e-civil-alcancam-reducao-de-52-dos-roubos-a-onibus-no-mes-de-outubro","status":"publish","type":"post","link":"https:\/\/blogdoeloiltoncajuhy.com.br\/site\/policias-militar-e-civil-alcancam-reducao-de-52-dos-roubos-a-onibus-no-mes-de-outubro\/","title":{"rendered":"Pol\u00edcias Militar e Civil alcan\u00e7am redu\u00e7\u00e3o de 52% dos roubos a \u00f4nibus no m\u00eas de outubro"},"content":{"rendered":"\n<p><strong>Blog do Eloilton Cajuhy<\/strong><\/p>\n\n\n\n<figure class=\"wp-block-image aligncenter size-full\"><a href=\"https:\/\/i0.wp.com\/blogdoeloiltoncajuhy.com.br\/site\/wp-content\/uploads\/2022\/11\/SSA_Combate-a-assaltos-foto-Vitor-Barreto-SSP-BA.jpg\"><img data-recalc-dims=\"1\" fetchpriority=\"high\" decoding=\"async\" width=\"768\" height=\"512\" src=\"https:\/\/i0.wp.com\/blogdoeloiltoncajuhy.com.br\/site\/wp-content\/uploads\/2022\/11\/SSA_Combate-a-assaltos-foto-Vitor-Barreto-SSP-BA.jpg?resize=768%2C512\" alt=\"\" class=\"wp-image-69950\" srcset=\"https:\/\/i0.wp.com\/blogdoeloiltoncajuhy.com.br\/site\/wp-content\/uploads\/2022\/11\/SSA_Combate-a-assaltos-foto-Vitor-Barreto-SSP-BA.jpg?w=768&amp;ssl=1 768w, https:\/\/i0.wp.com\/blogdoeloiltoncajuhy.com.br\/site\/wp-content\/uploads\/2022\/11\/SSA_Combate-a-assaltos-foto-Vitor-Barreto-SSP-BA.jpg?resize=300%2C200&amp;ssl=1 300w\" sizes=\"(max-width: 768px) 100vw, 768px\" \/><\/a><figcaption class=\"wp-element-caption\"><sub>Foto: Vitor Barreto\/SSP-BA<\/sub><\/figcaption><\/figure>\n\n\n\n<p>O trabalho conjunto das pol\u00edcias Militar e Civil resultou na redu\u00e7\u00e3o de 52% dos roubos a \u00f4nibus na capital baiana, no m\u00eas de outubro. Em n\u00fameros absolutos foram registrados 45 casos este ano, contra 94 ocorr\u00eancias em 2021. O balan\u00e7o corresponde ao per\u00edodo de 1 a 31 de outubro de 2022, comparando com o mesmo per\u00edodo do ano passado. No acumulado do ano, as ocorr\u00eancias de roubos a \u00f4nibus apresentam diminui\u00e7\u00e3o de 34%.<\/p>\n\n\n\n<p>O Grupo Especial de Repress\u00e3o a Roubos em Coletivos (Gerrc) da Pol\u00edcia Civil autuou, no m\u00eas de outubro, 19 assaltantes. Em parceria com a Opera\u00e7\u00e3o G\u00eameos da Pol\u00edcia Militar foram recuperados 40 celulares.<\/p>\n\n\n\n<p>Durante as opera\u00e7\u00f5es foram localizados tamb\u00e9m um ve\u00edculo modelo Corsa e apreendidos muni\u00e7\u00f5es e balan\u00e7as para com\u00e9rcio de entorpecentes.<\/p>\n\n\n\n<p class=\"has-black-color has-text-color\"><strong>Fonte: Ascom\/SSP<\/strong><\/p>\n","protected":false},"excerpt":{"rendered":"<p>Blog do Eloilton Cajuhy O trabalho conjunto das pol\u00edcias Militar e Civil resultou na redu\u00e7\u00e3o de 52% dos roubos a \u00f4nibus na capital baiana, no m\u00eas de outubro. Em n\u00fameros absolutos foram registrados 45 casos este ano, contra 94 ocorr\u00eancias em 2021. O balan\u00e7o corresponde ao per\u00edodo de 1 a 31 de outubro de 2022, [&hellip;]<\/p>\n","protected":false},"author":2,"featured_media":69950,"comment_status":"open","ping_status":"open","sticky":false,"template":"","format":"standard","meta":{"_acf_changed":false,"_monsterinsights_skip_tracking":false,"_monsterinsights_sitenote_active":false,"_monsterinsights_sitenote_note":"","_monsterinsights_sitenote_category":0,"_jetpack_memberships_contains_paid_content":false,"footnotes":"","jetpack_publicize_message":"","jetpack_publicize_feature_enabled":true,"jetpack_social_post_already_shared":true,"jetpack_social_options":{"image_generator_settings":{"template":"highway","default_image_id":0,"font":"","enabled":false},"version":2}},"categories":[15],"tags":[],"class_list":["post-69949","post","type-post","status-publish","format-standard","has-post-thumbnail","hentry","category-policia"],"acf":[],"jetpack_publicize_connections":[],"jetpack_featured_media_url":"https:\/\/i0.wp.com\/blogdoeloiltoncajuhy.com.br\/site\/wp-content\/uploads\/2022\/11\/SSA_Combate-a-assaltos-foto-Vitor-Barreto-SSP-BA.jpg?fit=768%2C512&ssl=1","jetpack_sharing_enabled":true,"publishpress_future_workflow_manual_trigger":{"enabledWorkflows":[]},"_links":{"self":[{"href":"https:\/\/blogdoeloiltoncajuhy.com.br\/site\/wp-json\/wp\/v2\/posts\/69949","targetHints":{"allow":["GET"]}}],"collection":[{"href":"https:\/\/blogdoeloiltoncajuhy.com.br\/site\/wp-json\/wp\/v2\/posts"}],"about":[{"href":"https:\/\/blogdoeloiltoncajuhy.com.br\/site\/wp-json\/wp\/v2\/types\/post"}],"author":[{"embeddable":true,"href":"https:\/\/blogdoeloiltoncajuhy.com.br\/site\/wp-json\/wp\/v2\/users\/2"}],"replies":[{"embeddable":true,"href":"https:\/\/blogdoeloiltoncajuhy.com.br\/site\/wp-json\/wp\/v2\/comments?post=69949"}],"version-history":[{"count":1,"href":"https:\/\/blogdoeloiltoncajuhy.com.br\/site\/wp-json\/wp\/v2\/posts\/69949\/revisions"}],"predecessor-version":[{"id":69951,"href":"https:\/\/blogdoeloiltoncajuhy.com.br\/site\/wp-json\/wp\/v2\/posts\/69949\/revisions\/69951"}],"wp:featuredmedia":[{"embeddable":true,"href":"https:\/\/blogdoeloiltoncajuhy.com.br\/site\/wp-json\/wp\/v2\/media\/69950"}],"wp:attachment":[{"href":"https:\/\/blogdoeloiltoncajuhy.com.br\/site\/wp-json\/wp\/v2\/media?parent=69949"}],"wp:term":[{"taxonomy":"category","embeddable":true,"href":"https:\/\/blogdoeloiltoncajuhy.com.br\/site\/wp-json\/wp\/v2\/categories?post=69949"},{"taxonomy":"post_tag","embeddable":true,"href":"https:\/\/blogdoeloiltoncajuhy.com.br\/site\/wp-json\/wp\/v2\/tags?post=69949"}],"curies":[{"name":"wp","href":"https:\/\/api.w.org\/{rel}","templated":true}]}}