{"id":69947,"date":"2022-11-08T01:20:00","date_gmt":"2022-11-08T04:20:00","guid":{"rendered":"http:\/\/blogdoeloiltoncajuhy.com.br\/site\/?p=69947"},"modified":"2022-11-07T22:56:48","modified_gmt":"2022-11-08T01:56:48","slug":"assai-abre-mais-de-100-vagas-temporarias-para-o-fim-de-ano-em-senhor-do-bonfim-e-outras-cidades-da-bahia","status":"publish","type":"post","link":"https:\/\/blogdoeloiltoncajuhy.com.br\/site\/assai-abre-mais-de-100-vagas-temporarias-para-o-fim-de-ano-em-senhor-do-bonfim-e-outras-cidades-da-bahia\/","title":{"rendered":"Assa\u00ed abre mais de 100 vagas tempor\u00e1rias para o fim de ano em Senhor do Bonfim e outras cidades da Bahia"},"content":{"rendered":"\n<p><strong>Por Comunicativa<\/strong><\/p>\n\n\n\n<figure class=\"wp-block-image aligncenter size-full is-resized\"><a href=\"https:\/\/i0.wp.com\/blogdoeloiltoncajuhy.com.br\/site\/wp-content\/uploads\/2019\/12\/PMSB_Inaugura%C3%A7%C3%A3oAssa%C3%AD_02.jpg\"><img data-recalc-dims=\"1\" fetchpriority=\"high\" decoding=\"async\" src=\"https:\/\/i0.wp.com\/blogdoeloiltoncajuhy.com.br\/site\/wp-content\/uploads\/2019\/12\/PMSB_Inaugura%C3%A7%C3%A3oAssa%C3%AD_02.jpg?resize=720%2C479\" alt=\"\" class=\"wp-image-39597\" width=\"720\" height=\"479\" srcset=\"https:\/\/i0.wp.com\/blogdoeloiltoncajuhy.com.br\/site\/wp-content\/uploads\/2019\/12\/PMSB_Inaugura%C3%A7%C3%A3oAssa%C3%AD_02.jpg?w=960&amp;ssl=1 960w, https:\/\/i0.wp.com\/blogdoeloiltoncajuhy.com.br\/site\/wp-content\/uploads\/2019\/12\/PMSB_Inaugura%C3%A7%C3%A3oAssa%C3%AD_02.jpg?resize=300%2C200&amp;ssl=1 300w, https:\/\/i0.wp.com\/blogdoeloiltoncajuhy.com.br\/site\/wp-content\/uploads\/2019\/12\/PMSB_Inaugura%C3%A7%C3%A3oAssa%C3%AD_02.jpg?resize=768%2C511&amp;ssl=1 768w, https:\/\/i0.wp.com\/blogdoeloiltoncajuhy.com.br\/site\/wp-content\/uploads\/2019\/12\/PMSB_Inaugura%C3%A7%C3%A3oAssa%C3%AD_02.jpg?resize=250%2C166&amp;ssl=1 250w\" sizes=\"(max-width: 720px) 100vw, 720px\" \/><\/a><figcaption class=\"wp-element-caption\"><sub>Assa\u00ed Atacadista Senhor do Bonfim &#8211; Foto: Jeferson Ribeiro<\/sub><\/figcaption><\/figure>\n\n\n\n<p>O Assa\u00ed Atacadista est\u00e1 com mais de 100 vagas tempor\u00e1rias para atua\u00e7\u00e3o no seu parque de lojas da Bahia. As oportunidades de atua\u00e7\u00e3o no per\u00edodo de festas representam uma possibilidade de renda nos \u00faltimos meses do ano e contam com possibilidade de efetiva\u00e7\u00e3o.<\/p>\n\n\n\n<p>Entre as fun\u00e7\u00f5es dispon\u00edveis no processo seletivo est\u00e3o a de Operador(a) de Caixa, Repositor(a) de Mercearia e Repositor(a) de Perec\u00edveis. Os(as) candidatos(as) devem ter mais de 18 anos, ensino m\u00e9dio completo e disponibilidade para trabalhar em escala 6&#215;1 &#8211; inclusive aos finais de semana e no per\u00edodo tarde e noite &#8211; entre 22 de novembro e 31 de dezembro.<\/p>\n\n\n\n<p>O processo seletivo \u00e9 h\u00edbrido e, para participar, \u00e9 necess\u00e1rio ter em m\u00e3os, RG, CPF, n\u00famero de telefone, endere\u00e7o de e-mail e se cadastrar, at\u00e9 o dia 13 de novembro, exclusivamente nos links abaixo:<\/p>\n\n\n\n<ul class=\"wp-block-list\">\n<li>Feira de Santana, Ilh\u00e9us, Paulo Afonso e Senhor do Bonfim &#8211; <a rel=\"noreferrer noopener\" href=\"https:\/\/click.cse360.com.br\/Click\/AddCampaignEmailClick\/69d8ba4e-53c4-444c-084f-08dabe752f40\/https%253a%252f%252fnam12.safelinks.protection.outlook.com%252f%253furl%253dhttps%25253A%25252F%25252Fmyrandstad.randstad.com.br%25252F%252523%25252F%2526data%253d05%25257C01%25257Cvitoria.jesus1%252540assai.com.br%25257C453894a9472f4169d34508dac0bf3914%25257C23d8a8782d25445b80a35c2e51962b7c%25257C0%25257C0%25257C638034224787853637%25257CUnknown%25257CTWFpbGZsb3d8eyJWIjoiMC4wLjAwMDAiLCJQIjoiV2luMzIiLCJBTiI6Ik1haWwiLCJXVCI6Mn0%25253D%25257C3000%25257C%25257C%25257C%2526sdata%253do%25252Fz7N0TOOqsZOPo9ANT6WEKcd8eBSResdIzPx8ffd6w%25253D%2526reserved%253d0\/d45d2c11-ad47-4305-8833-7ebab591b358\/eloilto.ferreiracajuhy@gmail.com\/True\" target=\"_blank\">https:\/\/myrandstad.randstad.com.br\/#\/<\/a><\/li>\n<\/ul>\n\n\n\n<ul class=\"wp-block-list\">\n<li>Salvador, Cama\u00e7ari, Juazeiro, Lauro de Freitas e Vit\u00f3ria da Conquista &#8211; <a href=\"https:\/\/candidato.luandre.com.br\/cadastro\" target=\"_blank\" rel=\"noreferrer noopener\">https:\/\/candidato.luandre.com.br\/cadastro<\/a><\/li>\n<\/ul>\n","protected":false},"excerpt":{"rendered":"<p>Por Comunicativa O Assa\u00ed Atacadista est\u00e1 com mais de 100 vagas tempor\u00e1rias para atua\u00e7\u00e3o no seu parque de lojas da Bahia. As oportunidades de atua\u00e7\u00e3o no per\u00edodo de festas representam uma possibilidade de renda nos \u00faltimos meses do ano e contam com possibilidade de efetiva\u00e7\u00e3o. Entre as fun\u00e7\u00f5es dispon\u00edveis no processo seletivo est\u00e3o a de [&hellip;]<\/p>\n","protected":false},"author":2,"featured_media":35444,"comment_status":"open","ping_status":"open","sticky":false,"template":"","format":"standard","meta":{"_acf_changed":false,"_monsterinsights_skip_tracking":false,"_monsterinsights_sitenote_active":false,"_monsterinsights_sitenote_note":"","_monsterinsights_sitenote_category":0,"_jetpack_memberships_contains_paid_content":false,"footnotes":"","jetpack_publicize_message":"","jetpack_publicize_feature_enabled":true,"jetpack_social_post_already_shared":true,"jetpack_social_options":{"image_generator_settings":{"template":"highway","default_image_id":0,"font":"","enabled":false},"version":2}},"categories":[1],"tags":[],"class_list":["post-69947","post","type-post","status-publish","format-standard","has-post-thumbnail","hentry","category-noticias"],"acf":[],"jetpack_publicize_connections":[],"jetpack_featured_media_url":"https:\/\/i0.wp.com\/blogdoeloiltoncajuhy.com.br\/site\/wp-content\/uploads\/2019\/07\/Assai_03.jpg?fit=960%2C405&ssl=1","jetpack_sharing_enabled":true,"publishpress_future_workflow_manual_trigger":{"enabledWorkflows":[]},"_links":{"self":[{"href":"https:\/\/blogdoeloiltoncajuhy.com.br\/site\/wp-json\/wp\/v2\/posts\/69947","targetHints":{"allow":["GET"]}}],"collection":[{"href":"https:\/\/blogdoeloiltoncajuhy.com.br\/site\/wp-json\/wp\/v2\/posts"}],"about":[{"href":"https:\/\/blogdoeloiltoncajuhy.com.br\/site\/wp-json\/wp\/v2\/types\/post"}],"author":[{"embeddable":true,"href":"https:\/\/blogdoeloiltoncajuhy.com.br\/site\/wp-json\/wp\/v2\/users\/2"}],"replies":[{"embeddable":true,"href":"https:\/\/blogdoeloiltoncajuhy.com.br\/site\/wp-json\/wp\/v2\/comments?post=69947"}],"version-history":[{"count":1,"href":"https:\/\/blogdoeloiltoncajuhy.com.br\/site\/wp-json\/wp\/v2\/posts\/69947\/revisions"}],"predecessor-version":[{"id":69948,"href":"https:\/\/blogdoeloiltoncajuhy.com.br\/site\/wp-json\/wp\/v2\/posts\/69947\/revisions\/69948"}],"wp:featuredmedia":[{"embeddable":true,"href":"https:\/\/blogdoeloiltoncajuhy.com.br\/site\/wp-json\/wp\/v2\/media\/35444"}],"wp:attachment":[{"href":"https:\/\/blogdoeloiltoncajuhy.com.br\/site\/wp-json\/wp\/v2\/media?parent=69947"}],"wp:term":[{"taxonomy":"category","embeddable":true,"href":"https:\/\/blogdoeloiltoncajuhy.com.br\/site\/wp-json\/wp\/v2\/categories?post=69947"},{"taxonomy":"post_tag","embeddable":true,"href":"https:\/\/blogdoeloiltoncajuhy.com.br\/site\/wp-json\/wp\/v2\/tags?post=69947"}],"curies":[{"name":"wp","href":"https:\/\/api.w.org\/{rel}","templated":true}]}}