{"id":69904,"date":"2022-11-04T21:12:14","date_gmt":"2022-11-05T00:12:14","guid":{"rendered":"http:\/\/blogdoeloiltoncajuhy.com.br\/site\/?p=69904"},"modified":"2022-11-04T21:12:16","modified_gmt":"2022-11-05T00:12:16","slug":"prefeitura-de-andorinha-vai-realizar-exposicao-de-caprinos-e-ovinos","status":"publish","type":"post","link":"https:\/\/blogdoeloiltoncajuhy.com.br\/site\/prefeitura-de-andorinha-vai-realizar-exposicao-de-caprinos-e-ovinos\/","title":{"rendered":"Prefeitura de Andorinha vai realizar exposi\u00e7\u00e3o de caprinos e ovinos"},"content":{"rendered":"\n<p><strong>Ascom Prefeitura de Andorinha<\/strong><\/p>\n\n\n\n<figure class=\"wp-block-image aligncenter size-large is-resized\"><a href=\"https:\/\/i0.wp.com\/blogdoeloiltoncajuhy.com.br\/site\/wp-content\/uploads\/2022\/11\/PMA_Exposicao-Caprinos-Ovinos-2022.jpeg\"><img data-recalc-dims=\"1\" fetchpriority=\"high\" decoding=\"async\" src=\"https:\/\/i0.wp.com\/blogdoeloiltoncajuhy.com.br\/site\/wp-content\/uploads\/2022\/11\/PMA_Exposicao-Caprinos-Ovinos-2022.jpeg?resize=543%2C768\" alt=\"\" class=\"wp-image-69905\" width=\"543\" height=\"768\" srcset=\"https:\/\/i0.wp.com\/blogdoeloiltoncajuhy.com.br\/site\/wp-content\/uploads\/2022\/11\/PMA_Exposicao-Caprinos-Ovinos-2022.jpeg?resize=724%2C1024&amp;ssl=1 724w, https:\/\/i0.wp.com\/blogdoeloiltoncajuhy.com.br\/site\/wp-content\/uploads\/2022\/11\/PMA_Exposicao-Caprinos-Ovinos-2022.jpeg?resize=212%2C300&amp;ssl=1 212w, https:\/\/i0.wp.com\/blogdoeloiltoncajuhy.com.br\/site\/wp-content\/uploads\/2022\/11\/PMA_Exposicao-Caprinos-Ovinos-2022.jpeg?resize=768%2C1086&amp;ssl=1 768w, https:\/\/i0.wp.com\/blogdoeloiltoncajuhy.com.br\/site\/wp-content\/uploads\/2022\/11\/PMA_Exposicao-Caprinos-Ovinos-2022.jpeg?w=905&amp;ssl=1 905w\" sizes=\"(max-width: 543px) 100vw, 543px\" \/><\/a><\/figure>\n\n\n\n<p>A Prefeitura Municipal de Andorinha, em parceria com a Central das Associa\u00e7\u00f5es, convida toda a popula\u00e7\u00e3o para participar da grande Exposi\u00e7\u00e3o de Caprinos e Ovinos.<\/p>\n\n\n\n<p>O evento acontecer\u00e1 nos dias 12 e 13 de novembro, no Centro de Comercializa\u00e7\u00e3o e Reprodu\u00e7\u00e3o de Animais, e \u00e9 uma parceria do Governo do Estado, por meio da Secretaria de Desenvolvimento Rural (SDR), CAR, Pr\u00f3-Semi\u00e1rido, Funda\u00e7\u00e3o Luiz Eduardo Magalh\u00e3es (FLEM), Central da Caatinga e Fida.<\/p>\n","protected":false},"excerpt":{"rendered":"<p>Ascom Prefeitura de Andorinha A Prefeitura Municipal de Andorinha, em parceria com a Central das Associa\u00e7\u00f5es, convida toda a popula\u00e7\u00e3o para participar da grande Exposi\u00e7\u00e3o de Caprinos e Ovinos. O evento acontecer\u00e1 nos dias 12 e 13 de novembro, no Centro de Comercializa\u00e7\u00e3o e Reprodu\u00e7\u00e3o de Animais, e \u00e9 uma parceria do Governo do Estado, [&hellip;]<\/p>\n","protected":false},"author":2,"featured_media":69905,"comment_status":"open","ping_status":"open","sticky":false,"template":"","format":"standard","meta":{"_acf_changed":false,"_monsterinsights_skip_tracking":false,"_monsterinsights_sitenote_active":false,"_monsterinsights_sitenote_note":"","_monsterinsights_sitenote_category":0,"_jetpack_memberships_contains_paid_content":false,"footnotes":"","jetpack_publicize_message":"","jetpack_publicize_feature_enabled":true,"jetpack_social_post_already_shared":true,"jetpack_social_options":{"image_generator_settings":{"template":"highway","default_image_id":0,"font":"","enabled":false},"version":2}},"categories":[11],"tags":[],"class_list":["post-69904","post","type-post","status-publish","format-standard","has-post-thumbnail","hentry","category-regional"],"acf":[],"jetpack_publicize_connections":[],"jetpack_featured_media_url":"https:\/\/i0.wp.com\/blogdoeloiltoncajuhy.com.br\/site\/wp-content\/uploads\/2022\/11\/PMA_Exposicao-Caprinos-Ovinos-2022.jpeg?fit=905%2C1280&ssl=1","jetpack_sharing_enabled":true,"publishpress_future_workflow_manual_trigger":{"enabledWorkflows":[]},"_links":{"self":[{"href":"https:\/\/blogdoeloiltoncajuhy.com.br\/site\/wp-json\/wp\/v2\/posts\/69904","targetHints":{"allow":["GET"]}}],"collection":[{"href":"https:\/\/blogdoeloiltoncajuhy.com.br\/site\/wp-json\/wp\/v2\/posts"}],"about":[{"href":"https:\/\/blogdoeloiltoncajuhy.com.br\/site\/wp-json\/wp\/v2\/types\/post"}],"author":[{"embeddable":true,"href":"https:\/\/blogdoeloiltoncajuhy.com.br\/site\/wp-json\/wp\/v2\/users\/2"}],"replies":[{"embeddable":true,"href":"https:\/\/blogdoeloiltoncajuhy.com.br\/site\/wp-json\/wp\/v2\/comments?post=69904"}],"version-history":[{"count":1,"href":"https:\/\/blogdoeloiltoncajuhy.com.br\/site\/wp-json\/wp\/v2\/posts\/69904\/revisions"}],"predecessor-version":[{"id":69906,"href":"https:\/\/blogdoeloiltoncajuhy.com.br\/site\/wp-json\/wp\/v2\/posts\/69904\/revisions\/69906"}],"wp:featuredmedia":[{"embeddable":true,"href":"https:\/\/blogdoeloiltoncajuhy.com.br\/site\/wp-json\/wp\/v2\/media\/69905"}],"wp:attachment":[{"href":"https:\/\/blogdoeloiltoncajuhy.com.br\/site\/wp-json\/wp\/v2\/media?parent=69904"}],"wp:term":[{"taxonomy":"category","embeddable":true,"href":"https:\/\/blogdoeloiltoncajuhy.com.br\/site\/wp-json\/wp\/v2\/categories?post=69904"},{"taxonomy":"post_tag","embeddable":true,"href":"https:\/\/blogdoeloiltoncajuhy.com.br\/site\/wp-json\/wp\/v2\/tags?post=69904"}],"curies":[{"name":"wp","href":"https:\/\/api.w.org\/{rel}","templated":true}]}}