{"id":69890,"date":"2022-11-04T08:29:16","date_gmt":"2022-11-04T11:29:16","guid":{"rendered":"http:\/\/blogdoeloiltoncajuhy.com.br\/site\/?p=69890"},"modified":"2022-11-04T08:29:19","modified_gmt":"2022-11-04T11:29:19","slug":"mais-de-200-mil-pessoas-foram-afastadas-do-emprego-em-2021-via-inss-por-transtornos-mentais","status":"publish","type":"post","link":"https:\/\/blogdoeloiltoncajuhy.com.br\/site\/mais-de-200-mil-pessoas-foram-afastadas-do-emprego-em-2021-via-inss-por-transtornos-mentais\/","title":{"rendered":"Mais de 200 mil pessoas foram afastadas do emprego em 2021 via INSS por transtornos mentais"},"content":{"rendered":"\n<p class=\"has-text-align-center has-medium-font-size\"><em>M\u00e9dico psiquiatra avalia que tend\u00eancia de pacientes \u00e9 procurar tratamento em est\u00e1gio avan\u00e7ado das doen\u00e7as.<\/em><\/p>\n\n\n\n<p><strong>Por g1 PR<\/strong> \u2014 Londrina<\/p>\n\n\n\n<figure class=\"wp-block-image aligncenter size-full is-resized\"><a href=\"https:\/\/i0.wp.com\/blogdoeloiltoncajuhy.com.br\/site\/wp-content\/uploads\/2021\/11\/Saude-Mental-18112021.jpeg\"><img data-recalc-dims=\"1\" fetchpriority=\"high\" decoding=\"async\" src=\"https:\/\/i0.wp.com\/blogdoeloiltoncajuhy.com.br\/site\/wp-content\/uploads\/2021\/11\/Saude-Mental-18112021.jpeg?resize=697%2C391\" alt=\"\" class=\"wp-image-60963\" width=\"697\" height=\"391\" srcset=\"https:\/\/i0.wp.com\/blogdoeloiltoncajuhy.com.br\/site\/wp-content\/uploads\/2021\/11\/Saude-Mental-18112021.jpeg?w=640&amp;ssl=1 640w, https:\/\/i0.wp.com\/blogdoeloiltoncajuhy.com.br\/site\/wp-content\/uploads\/2021\/11\/Saude-Mental-18112021.jpeg?resize=300%2C168&amp;ssl=1 300w\" sizes=\"(max-width: 697px) 100vw, 697px\" \/><\/a><\/figure>\n\n\n\n<p>Mais de 200 mil pessoas no Brasil foram afastadas do trabalho por transtornos mentais em 2021. O dado \u00e9 do Instituto Nacional do Seguro Social (INSS) e contempla desde doen\u00e7as mentais, como o Alzheimer, passando por depress\u00e3o e dist\u00farbios emocionais provocados por diferentes motivos.<\/p>\n\n\n\n<p>Os n\u00fameros s\u00e3o menores do que os de 2020, no auge da pandemia de Covid-19, quando 291.390 trabalhadores foram afastados. Em 2019, foram 241.992 pessoas.<\/p>\n\n\n\n<p class=\"has-black-color has-text-color has-medium-font-size\"><strong>&#8220;Tinha dor de cabe\u00e7a, n\u00e1useas e chorava muito f\u00e1cil. Entrava em p\u00e2nico quando pisava no hospital. Nos dias de folga, n\u00e3o conseguia aproveitar minha fam\u00edlia. Foram seis anos assim, totalmente conturbados&#8221;.<\/strong><\/p>\n\n\n\n<p>Esse \u00e9 o relato da curitibana Jully Anne Priscilla Zink Moreno, que trabalhou como secret\u00e1ria administrativa no setor operacional de um hospital por seis anos.<\/p>\n\n\n\n<p>Por tr\u00e1s dos n\u00fameros do INSS, est\u00e3o escondidas hist\u00f3rias de dor e tristeza. Hoje, com 36 anos, Jully fala na condi\u00e7\u00e3o de quem superou as dificuldade.<\/p>\n\n\n\n<p class=\"has-black-color has-text-color has-medium-font-size\"><strong>&#8216;Tinha p\u00e2nico quando chegava ao trabalho&#8217;<\/strong><\/p>\n\n\n\n<p>Pelas m\u00e3os e ombros dela pesava uma grande responsabilidade: a log\u00edstica de materiais e cadastros em sistemas internos para mais de 1,5 mil m\u00e9dicos. Quando a sa\u00fade f\u00edsica e mental come\u00e7ou a ser afetadas, ela percebeu que algo estava errado.<\/p>\n\n\n\n<p>Sobrecarregada, Jully procurou um psic\u00f3logo, de quem ouviu as primeiras orienta\u00e7\u00f5es para superar o problema.<\/p>\n\n\n\n<p>&#8220;Ele me falou da S\u00edndrome de Burnout . Comecei a tomar uma medica\u00e7\u00e3o, me afastei por uns dias e, no final, fiz um acordo com o hospital para rescindirmos o contrato. Me recuperei depois de muito tempo, engravidei, troquei de emprego&#8221;.<\/p>\n\n\n\n<p>A s\u00edndrome de burnout, conforme especialistas, \u00e9 desencadeada pelo estresse cr\u00f4nico no trabalho e se caracteriza pela tens\u00e3o resultante do excesso de atividade profissional. O esgotamento f\u00edsico e mental, a perda de interesse no trabalho, a ansiedade e a depress\u00e3o est\u00e3o entre os sintomas.<\/p>\n\n\n\n<p>Ela passou a ser considerada doen\u00e7a ocupacional em 1\u00ba de janeiro de 2022, ap\u00f3s a inclus\u00e3o na Classifica\u00e7\u00e3o Internacional de Doen\u00e7as (CID) da Organiza\u00e7\u00e3o Mundial da Sa\u00fade (OMS).<\/p>\n\n\n\n<p class=\"has-black-color has-text-color has-medium-font-size\"><strong>Como identificar<\/strong><\/p>\n\n\n\n<p>Para o psiquiatra J\u00falio C\u00e9sar Nogueira Dutra, presidente da Associa\u00e7\u00e3o Paranaense de Psiquiatria (APPSIQ), a busca por tratamento m\u00e9dico de quem enfrenta dificuldades na \u00e1rea da sa\u00fade mental geralmente acontece na fase em que as doen\u00e7as est\u00e3o bem avan\u00e7adas.<\/p>\n\n\n\n<p>&#8220;Elas est\u00e3o estafadas, cansadas, sem esperan\u00e7a. Isso acontece porque n\u00e3o conseguem identificar os sinais iniciais, e chegam para o psiquiatria com a doen\u00e7a consolidada. Esse sofrimento ps\u00edquico \u00e9 constante, parece que n\u00e3o ter\u00e1 fim&#8221;, explicou.<\/p>\n\n\n\n<p>Segundo Dutra, h\u00e1 alguns ind\u00edcios para perceber que algo n\u00e3o anda bem:<\/p>\n\n\n\n<ul class=\"wp-block-list\">\n<li><strong>N\u00e3o dorme bem<\/strong><\/li>\n<\/ul>\n\n\n\n<ul class=\"wp-block-list\">\n<li><strong>Chega cabisbaixo<\/strong><\/li>\n<\/ul>\n\n\n\n<ul class=\"wp-block-list\">\n<li><strong>Prefere ficar isolado<\/strong><\/li>\n<\/ul>\n\n\n\n<ul class=\"wp-block-list\">\n<li><strong>Evita conversas ou se relacionar com outras pessoas<\/strong><\/li>\n<\/ul>\n\n\n\n<p><\/p>\n\n\n\n<p class=\"has-black-color has-text-color has-medium-font-size\"><strong>Como ajudar<\/strong><\/p>\n\n\n\n<p>De acordo com o psiquiatra, as dicas tamb\u00e9m valem para quem convive com essas pessoas e s\u00e3o determinantes no diagn\u00f3stico precoce do transtorno.<\/p>\n\n\n\n<p>&#8220;A primeira atitude \u00e9 largar o celular e agir olho no olho, se prontificando a ajudar. Ter um tempo para conversar, s\u00f3 ouvir as dores. \u00c9 o primeiro passo para a recupera\u00e7\u00e3o&#8221;, completou.<\/p>\n","protected":false},"excerpt":{"rendered":"<p>M\u00e9dico psiquiatra avalia que tend\u00eancia de pacientes \u00e9 procurar tratamento em est\u00e1gio avan\u00e7ado das doen\u00e7as. Por g1 PR \u2014 Londrina Mais de 200 mil pessoas no Brasil foram afastadas do trabalho por transtornos mentais em 2021. O dado \u00e9 do Instituto Nacional do Seguro Social (INSS) e contempla desde doen\u00e7as mentais, como o Alzheimer, passando [&hellip;]<\/p>\n","protected":false},"author":2,"featured_media":37566,"comment_status":"open","ping_status":"open","sticky":false,"template":"","format":"standard","meta":{"_acf_changed":false,"_monsterinsights_skip_tracking":false,"_monsterinsights_sitenote_active":false,"_monsterinsights_sitenote_note":"","_monsterinsights_sitenote_category":0,"_jetpack_memberships_contains_paid_content":false,"footnotes":"","jetpack_publicize_message":"","jetpack_publicize_feature_enabled":true,"jetpack_social_post_already_shared":true,"jetpack_social_options":{"image_generator_settings":{"template":"highway","default_image_id":0,"font":"","enabled":false},"version":2}},"categories":[7],"tags":[],"class_list":["post-69890","post","type-post","status-publish","format-standard","has-post-thumbnail","hentry","category-saude"],"acf":[],"jetpack_publicize_connections":[],"jetpack_featured_media_url":"https:\/\/i0.wp.com\/blogdoeloiltoncajuhy.com.br\/site\/wp-content\/uploads\/2019\/09\/Depress%C3%A3o.jpg?fit=1920%2C1439&ssl=1","jetpack_sharing_enabled":true,"publishpress_future_workflow_manual_trigger":{"enabledWorkflows":[]},"_links":{"self":[{"href":"https:\/\/blogdoeloiltoncajuhy.com.br\/site\/wp-json\/wp\/v2\/posts\/69890","targetHints":{"allow":["GET"]}}],"collection":[{"href":"https:\/\/blogdoeloiltoncajuhy.com.br\/site\/wp-json\/wp\/v2\/posts"}],"about":[{"href":"https:\/\/blogdoeloiltoncajuhy.com.br\/site\/wp-json\/wp\/v2\/types\/post"}],"author":[{"embeddable":true,"href":"https:\/\/blogdoeloiltoncajuhy.com.br\/site\/wp-json\/wp\/v2\/users\/2"}],"replies":[{"embeddable":true,"href":"https:\/\/blogdoeloiltoncajuhy.com.br\/site\/wp-json\/wp\/v2\/comments?post=69890"}],"version-history":[{"count":1,"href":"https:\/\/blogdoeloiltoncajuhy.com.br\/site\/wp-json\/wp\/v2\/posts\/69890\/revisions"}],"predecessor-version":[{"id":69891,"href":"https:\/\/blogdoeloiltoncajuhy.com.br\/site\/wp-json\/wp\/v2\/posts\/69890\/revisions\/69891"}],"wp:featuredmedia":[{"embeddable":true,"href":"https:\/\/blogdoeloiltoncajuhy.com.br\/site\/wp-json\/wp\/v2\/media\/37566"}],"wp:attachment":[{"href":"https:\/\/blogdoeloiltoncajuhy.com.br\/site\/wp-json\/wp\/v2\/media?parent=69890"}],"wp:term":[{"taxonomy":"category","embeddable":true,"href":"https:\/\/blogdoeloiltoncajuhy.com.br\/site\/wp-json\/wp\/v2\/categories?post=69890"},{"taxonomy":"post_tag","embeddable":true,"href":"https:\/\/blogdoeloiltoncajuhy.com.br\/site\/wp-json\/wp\/v2\/tags?post=69890"}],"curies":[{"name":"wp","href":"https:\/\/api.w.org\/{rel}","templated":true}]}}