{"id":69877,"date":"2022-11-04T00:15:00","date_gmt":"2022-11-04T03:15:00","guid":{"rendered":"http:\/\/blogdoeloiltoncajuhy.com.br\/site\/?p=69877"},"modified":"2022-11-03T21:00:55","modified_gmt":"2022-11-04T00:00:55","slug":"em-04-de-novembro-morria-rachel-de-queiroz-a-primeira-mulher-a-ingressar-na-academia-brasileira-de-letras","status":"publish","type":"post","link":"https:\/\/blogdoeloiltoncajuhy.com.br\/site\/em-04-de-novembro-morria-rachel-de-queiroz-a-primeira-mulher-a-ingressar-na-academia-brasileira-de-letras\/","title":{"rendered":"Em 04 de novembro morria Rachel de Queiroz, a primeira mulher a ingressar na Academia Brasileira de Letras"},"content":{"rendered":"\n<p><strong>Blog do Eloilton Cajuhy<\/strong><\/p>\n\n\n\n<figure class=\"wp-block-image aligncenter size-large\"><a href=\"https:\/\/i0.wp.com\/blogdoeloiltoncajuhy.com.br\/site\/wp-content\/uploads\/2022\/11\/Rachel-de-Queiroz-_1920.jpg\"><img data-recalc-dims=\"1\" fetchpriority=\"high\" decoding=\"async\" width=\"800\" height=\"450\" src=\"https:\/\/i0.wp.com\/blogdoeloiltoncajuhy.com.br\/site\/wp-content\/uploads\/2022\/11\/Rachel-de-Queiroz-_1920.jpg?resize=800%2C450\" alt=\"\" class=\"wp-image-69878\" srcset=\"https:\/\/i0.wp.com\/blogdoeloiltoncajuhy.com.br\/site\/wp-content\/uploads\/2022\/11\/Rachel-de-Queiroz-_1920.jpg?resize=1024%2C576&amp;ssl=1 1024w, https:\/\/i0.wp.com\/blogdoeloiltoncajuhy.com.br\/site\/wp-content\/uploads\/2022\/11\/Rachel-de-Queiroz-_1920.jpg?resize=300%2C169&amp;ssl=1 300w, https:\/\/i0.wp.com\/blogdoeloiltoncajuhy.com.br\/site\/wp-content\/uploads\/2022\/11\/Rachel-de-Queiroz-_1920.jpg?resize=768%2C432&amp;ssl=1 768w, https:\/\/i0.wp.com\/blogdoeloiltoncajuhy.com.br\/site\/wp-content\/uploads\/2022\/11\/Rachel-de-Queiroz-_1920.jpg?resize=1536%2C864&amp;ssl=1 1536w, https:\/\/i0.wp.com\/blogdoeloiltoncajuhy.com.br\/site\/wp-content\/uploads\/2022\/11\/Rachel-de-Queiroz-_1920.jpg?w=1920&amp;ssl=1 1920w, https:\/\/i0.wp.com\/blogdoeloiltoncajuhy.com.br\/site\/wp-content\/uploads\/2022\/11\/Rachel-de-Queiroz-_1920.jpg?w=1600 1600w\" sizes=\"(max-width: 800px) 100vw, 800px\" \/><\/a><\/figure>\n\n\n\n<p><strong>Rachel de Queiroz<\/strong> nasceu em Fortaleza-CE, em 17 de novembro de 1910. Foi tradutora, romancista, escritora, jornalista, cronista e dramaturga brasileira. A informa\u00e7\u00e3o \u00e9 da enciclop\u00e9dia virtual <strong>Wikip\u00e9dia<\/strong>. Ela morreu no Rio de Janeiro, em 4 de novembro de 2003.<\/p>\n\n\n\n<p>Autora de destaque na fic\u00e7\u00e3o social nordestina, foi a primeira mulher a ingressar na Academia Brasileira de Letras em 1977, e tamb\u00e9m a primeira mulher a ganhar o Pr\u00eamio Cam\u00f5es. Ingressou na Academia Cearense de Letras no dia 15 de agosto de 1994, na ocasi\u00e3o do centen\u00e1rio da institui\u00e7\u00e3o.<\/p>\n\n\n\n<p>No dia 4 de dezembro de 2003, um m\u00eas depois de sua morte, foi lan\u00e7ado na Academia Brasileira de Letras o livro <em>Rachel de Queiroz<\/em>, um perfil biogr\u00e1fico da escritora, fruto de uma longa pesquisa realizada pela jornalista Socorro Acioli, publicado pelas Edi\u00e7\u00f5es Dem\u00f3crito Rocha.<\/p>\n\n\n\n<p>Sua biografia foi narrada no livro <em>No Alpendre com Rachel<\/em>, de autoria de Jos\u00e9 Lu\u00eds Lira, lan\u00e7ado na Academia Brasileira de Letras em 10 de julho de 2003, poucos meses antes do falecimento da escritora.<\/p>\n\n\n\n<figure class=\"wp-block-image aligncenter size-full is-resized\"><a href=\"https:\/\/i0.wp.com\/blogdoeloiltoncajuhy.com.br\/site\/wp-content\/uploads\/2022\/11\/Rachel-de-Queiroz-01.png\"><img data-recalc-dims=\"1\" decoding=\"async\" src=\"https:\/\/i0.wp.com\/blogdoeloiltoncajuhy.com.br\/site\/wp-content\/uploads\/2022\/11\/Rachel-de-Queiroz-01.png?resize=721%2C381\" alt=\"\" class=\"wp-image-69879\" width=\"721\" height=\"381\" srcset=\"https:\/\/i0.wp.com\/blogdoeloiltoncajuhy.com.br\/site\/wp-content\/uploads\/2022\/11\/Rachel-de-Queiroz-01.png?w=600&amp;ssl=1 600w, https:\/\/i0.wp.com\/blogdoeloiltoncajuhy.com.br\/site\/wp-content\/uploads\/2022\/11\/Rachel-de-Queiroz-01.png?resize=300%2C159&amp;ssl=1 300w\" sizes=\"(max-width: 721px) 100vw, 721px\" \/><\/a><\/figure>\n","protected":false},"excerpt":{"rendered":"<p>Blog do Eloilton Cajuhy Rachel de Queiroz nasceu em Fortaleza-CE, em 17 de novembro de 1910. Foi tradutora, romancista, escritora, jornalista, cronista e dramaturga brasileira. A informa\u00e7\u00e3o \u00e9 da enciclop\u00e9dia virtual Wikip\u00e9dia. Ela morreu no Rio de Janeiro, em 4 de novembro de 2003. Autora de destaque na fic\u00e7\u00e3o social nordestina, foi a primeira mulher [&hellip;]<\/p>\n","protected":false},"author":2,"featured_media":69878,"comment_status":"open","ping_status":"open","sticky":false,"template":"","format":"standard","meta":{"_acf_changed":false,"_monsterinsights_skip_tracking":false,"_monsterinsights_sitenote_active":false,"_monsterinsights_sitenote_note":"","_monsterinsights_sitenote_category":0,"_jetpack_memberships_contains_paid_content":false,"footnotes":"","jetpack_publicize_message":"","jetpack_publicize_feature_enabled":true,"jetpack_social_post_already_shared":true,"jetpack_social_options":{"image_generator_settings":{"template":"highway","default_image_id":0,"font":"","enabled":false},"version":2}},"categories":[12],"tags":[],"class_list":["post-69877","post","type-post","status-publish","format-standard","has-post-thumbnail","hentry","category-gente-que-faz-a-nossa-historia"],"acf":[],"jetpack_publicize_connections":[],"jetpack_featured_media_url":"https:\/\/i0.wp.com\/blogdoeloiltoncajuhy.com.br\/site\/wp-content\/uploads\/2022\/11\/Rachel-de-Queiroz-_1920.jpg?fit=1920%2C1080&ssl=1","jetpack_sharing_enabled":true,"publishpress_future_workflow_manual_trigger":{"enabledWorkflows":[]},"_links":{"self":[{"href":"https:\/\/blogdoeloiltoncajuhy.com.br\/site\/wp-json\/wp\/v2\/posts\/69877","targetHints":{"allow":["GET"]}}],"collection":[{"href":"https:\/\/blogdoeloiltoncajuhy.com.br\/site\/wp-json\/wp\/v2\/posts"}],"about":[{"href":"https:\/\/blogdoeloiltoncajuhy.com.br\/site\/wp-json\/wp\/v2\/types\/post"}],"author":[{"embeddable":true,"href":"https:\/\/blogdoeloiltoncajuhy.com.br\/site\/wp-json\/wp\/v2\/users\/2"}],"replies":[{"embeddable":true,"href":"https:\/\/blogdoeloiltoncajuhy.com.br\/site\/wp-json\/wp\/v2\/comments?post=69877"}],"version-history":[{"count":1,"href":"https:\/\/blogdoeloiltoncajuhy.com.br\/site\/wp-json\/wp\/v2\/posts\/69877\/revisions"}],"predecessor-version":[{"id":69880,"href":"https:\/\/blogdoeloiltoncajuhy.com.br\/site\/wp-json\/wp\/v2\/posts\/69877\/revisions\/69880"}],"wp:featuredmedia":[{"embeddable":true,"href":"https:\/\/blogdoeloiltoncajuhy.com.br\/site\/wp-json\/wp\/v2\/media\/69878"}],"wp:attachment":[{"href":"https:\/\/blogdoeloiltoncajuhy.com.br\/site\/wp-json\/wp\/v2\/media?parent=69877"}],"wp:term":[{"taxonomy":"category","embeddable":true,"href":"https:\/\/blogdoeloiltoncajuhy.com.br\/site\/wp-json\/wp\/v2\/categories?post=69877"},{"taxonomy":"post_tag","embeddable":true,"href":"https:\/\/blogdoeloiltoncajuhy.com.br\/site\/wp-json\/wp\/v2\/tags?post=69877"}],"curies":[{"name":"wp","href":"https:\/\/api.w.org\/{rel}","templated":true}]}}