{"id":69843,"date":"2022-11-02T12:10:58","date_gmt":"2022-11-02T15:10:58","guid":{"rendered":"http:\/\/blogdoeloiltoncajuhy.com.br\/site\/?p=69843"},"modified":"2022-11-03T15:47:31","modified_gmt":"2022-11-03T18:47:31","slug":"luto-morre-jaime-mendes-eletricista-aposentado","status":"publish","type":"post","link":"https:\/\/blogdoeloiltoncajuhy.com.br\/site\/luto-morre-jaime-mendes-eletricista-aposentado\/","title":{"rendered":"Luto: Morre Jaime Mendes, eletricista aposentado"},"content":{"rendered":"\n<p><strong>Blog do Eloilton Cajuhy<\/strong><br><em>Atualizado em 03 de novembro de 2022<\/em><\/p>\n\n\n\n<figure class=\"wp-block-image aligncenter size-full\"><a href=\"https:\/\/i0.wp.com\/blogdoeloiltoncajuhy.com.br\/site\/wp-content\/uploads\/2022\/11\/Jaime-Mendes.png\"><img data-recalc-dims=\"1\" fetchpriority=\"high\" decoding=\"async\" width=\"563\" height=\"564\" src=\"https:\/\/i0.wp.com\/blogdoeloiltoncajuhy.com.br\/site\/wp-content\/uploads\/2022\/11\/Jaime-Mendes.png?resize=563%2C564\" alt=\"\" class=\"wp-image-69844\" srcset=\"https:\/\/i0.wp.com\/blogdoeloiltoncajuhy.com.br\/site\/wp-content\/uploads\/2022\/11\/Jaime-Mendes.png?w=563&amp;ssl=1 563w, https:\/\/i0.wp.com\/blogdoeloiltoncajuhy.com.br\/site\/wp-content\/uploads\/2022\/11\/Jaime-Mendes.png?resize=300%2C300&amp;ssl=1 300w, https:\/\/i0.wp.com\/blogdoeloiltoncajuhy.com.br\/site\/wp-content\/uploads\/2022\/11\/Jaime-Mendes.png?resize=150%2C150&amp;ssl=1 150w\" sizes=\"(max-width: 563px) 100vw, 563px\" \/><\/a><figcaption class=\"wp-element-caption\"><sub>Foto: Redes Sociais<\/sub><\/figcaption><\/figure>\n\n\n\n<p>A tradicional Rua Dr. Costa Pinto est\u00e1 de luto. Faleceu <strong>Jaime Novaes Mendes<\/strong>, aos 68 anos de idade. Amante da &#8220;Guerra de Espadas&#8221;, eletricit\u00e1rio aposentado da Coelba, Jaime era uma figura bastante conhecida em nossa cidade. Tamb\u00e9m trabalhou no setor el\u00e9trico da prefeitura de Senhor do Bonfim por v\u00e1rios anos.<\/p>\n\n\n\n<p>Jaime estava internado no Hospital Metropolitano de Lauro de Freitas e morreu de fal\u00eancia m\u00faltipla dos \u00f3rg\u00e3os ap\u00f3s complica\u00e7\u00f5es hep\u00e1ticas. Ele faleceu por volta das 7h desta quarta-feira (02).<\/p>\n\n\n\n<p>Seu corpo foi velado no Memorial Vila Nova. O sepultamento aconteceu \u00e0s 10h da manh\u00e3 de quinta-feira (03), no Cemit\u00e9rio Parque Vila Nova, em nossa cidade.<\/p>\n","protected":false},"excerpt":{"rendered":"<p>Blog do Eloilton CajuhyAtualizado em 03 de novembro de 2022 A tradicional Rua Dr. Costa Pinto est\u00e1 de luto. Faleceu Jaime Novaes Mendes, aos 68 anos de idade. Amante da &#8220;Guerra de Espadas&#8221;, eletricit\u00e1rio aposentado da Coelba, Jaime era uma figura bastante conhecida em nossa cidade. Tamb\u00e9m trabalhou no setor el\u00e9trico da prefeitura de Senhor [&hellip;]<\/p>\n","protected":false},"author":2,"featured_media":69844,"comment_status":"open","ping_status":"open","sticky":false,"template":"","format":"standard","meta":{"_acf_changed":false,"_monsterinsights_skip_tracking":false,"_monsterinsights_sitenote_active":false,"_monsterinsights_sitenote_note":"","_monsterinsights_sitenote_category":0,"_jetpack_memberships_contains_paid_content":false,"footnotes":"","jetpack_publicize_message":"","jetpack_publicize_feature_enabled":true,"jetpack_social_post_already_shared":true,"jetpack_social_options":{"image_generator_settings":{"template":"highway","default_image_id":0,"font":"","enabled":false},"version":2}},"categories":[4],"tags":[],"class_list":["post-69843","post","type-post","status-publish","format-standard","has-post-thumbnail","hentry","category-local"],"acf":[],"jetpack_publicize_connections":[],"jetpack_featured_media_url":"https:\/\/i0.wp.com\/blogdoeloiltoncajuhy.com.br\/site\/wp-content\/uploads\/2022\/11\/Jaime-Mendes.png?fit=563%2C564&ssl=1","jetpack_sharing_enabled":true,"publishpress_future_workflow_manual_trigger":{"enabledWorkflows":[]},"_links":{"self":[{"href":"https:\/\/blogdoeloiltoncajuhy.com.br\/site\/wp-json\/wp\/v2\/posts\/69843","targetHints":{"allow":["GET"]}}],"collection":[{"href":"https:\/\/blogdoeloiltoncajuhy.com.br\/site\/wp-json\/wp\/v2\/posts"}],"about":[{"href":"https:\/\/blogdoeloiltoncajuhy.com.br\/site\/wp-json\/wp\/v2\/types\/post"}],"author":[{"embeddable":true,"href":"https:\/\/blogdoeloiltoncajuhy.com.br\/site\/wp-json\/wp\/v2\/users\/2"}],"replies":[{"embeddable":true,"href":"https:\/\/blogdoeloiltoncajuhy.com.br\/site\/wp-json\/wp\/v2\/comments?post=69843"}],"version-history":[{"count":3,"href":"https:\/\/blogdoeloiltoncajuhy.com.br\/site\/wp-json\/wp\/v2\/posts\/69843\/revisions"}],"predecessor-version":[{"id":69856,"href":"https:\/\/blogdoeloiltoncajuhy.com.br\/site\/wp-json\/wp\/v2\/posts\/69843\/revisions\/69856"}],"wp:featuredmedia":[{"embeddable":true,"href":"https:\/\/blogdoeloiltoncajuhy.com.br\/site\/wp-json\/wp\/v2\/media\/69844"}],"wp:attachment":[{"href":"https:\/\/blogdoeloiltoncajuhy.com.br\/site\/wp-json\/wp\/v2\/media?parent=69843"}],"wp:term":[{"taxonomy":"category","embeddable":true,"href":"https:\/\/blogdoeloiltoncajuhy.com.br\/site\/wp-json\/wp\/v2\/categories?post=69843"},{"taxonomy":"post_tag","embeddable":true,"href":"https:\/\/blogdoeloiltoncajuhy.com.br\/site\/wp-json\/wp\/v2\/tags?post=69843"}],"curies":[{"name":"wp","href":"https:\/\/api.w.org\/{rel}","templated":true}]}}