{"id":69836,"date":"2022-11-02T02:15:00","date_gmt":"2022-11-02T05:15:00","guid":{"rendered":"http:\/\/blogdoeloiltoncajuhy.com.br\/site\/?p=69836"},"modified":"2022-11-01T20:31:17","modified_gmt":"2022-11-01T23:31:17","slug":"em-02-de-novembro-nasceu-a-atriz-marieta-severo","status":"publish","type":"post","link":"https:\/\/blogdoeloiltoncajuhy.com.br\/site\/em-02-de-novembro-nasceu-a-atriz-marieta-severo\/","title":{"rendered":"Em 02 de novembro nasceu a atriz Marieta Severo"},"content":{"rendered":"\n<p><strong>Blog do Eloilton Cajuhy<\/strong><\/p>\n\n\n\n<figure class=\"wp-block-image aligncenter size-full\"><a href=\"https:\/\/i0.wp.com\/blogdoeloiltoncajuhy.com.br\/site\/wp-content\/uploads\/2020\/12\/marieta-severo-1.jpg\"><img data-recalc-dims=\"1\" fetchpriority=\"high\" decoding=\"async\" width=\"620\" height=\"466\" src=\"https:\/\/i0.wp.com\/blogdoeloiltoncajuhy.com.br\/site\/wp-content\/uploads\/2020\/12\/marieta-severo-1.jpg?resize=620%2C466\" alt=\"\" class=\"wp-image-51649\" srcset=\"https:\/\/i0.wp.com\/blogdoeloiltoncajuhy.com.br\/site\/wp-content\/uploads\/2020\/12\/marieta-severo-1.jpg?w=620&amp;ssl=1 620w, https:\/\/i0.wp.com\/blogdoeloiltoncajuhy.com.br\/site\/wp-content\/uploads\/2020\/12\/marieta-severo-1.jpg?resize=300%2C225&amp;ssl=1 300w\" sizes=\"(max-width: 620px) 100vw, 620px\" \/><\/a><\/figure>\n\n\n\n<p><strong>Marieta Severo da Costa<\/strong> nasceu no Rio de Janeiro, em 2 de novembro de 1946, segundo a <strong><em>Wikip\u00e9dia<\/em><\/strong>. \u00c9 atriz, roteirista e produtora teatral brasileira, conhecida pelos diversos trabalhos que realiza no cinema, televis\u00e3o e teatro. Marieta \u00e9 uma das atrizes mais premiadas do pa\u00eds. Entre seus reconhecimentos incluem quatro estatuetas da APCA, tr\u00eas Pr\u00eamios Guarani, um Kikito, dois pr\u00eamios Shell e dois Moli\u00e8res, al\u00e9m de receber duas indica\u00e7\u00f5es ao Grande Otelo. Em 2012, foi agraciada com a Ordem do M\u00e9rito Cultural por sua contribui\u00e7\u00e3o \u00e0 cultura nacional.<\/p>\n\n\n\n<p>Marieta iniciou sua carreira teatral em 1965 e estreou na televis\u00e3o no ano seguinte, na telenovela <em>O Sheik de Agadir<\/em>, exibida pela Rede Globo. A partir da\u00ed, atuou em diversas telenovelas e programas da emissora &#8211; sobretudo interpretando vil\u00e3s em novelas como <em>Vereda Tropical<\/em>, <em>Deus Nos Acuda<\/em>, <em>P\u00e1tria Minha<\/em>, <em>La\u00e7os de Fam\u00edlia<\/em>, <em>Verdades Secretas<\/em> e <em>O Outro Lado do Para\u00edso<\/em>.<\/p>\n\n\n\n<figure class=\"wp-block-image aligncenter size-full is-resized\"><a href=\"https:\/\/i0.wp.com\/blogdoeloiltoncajuhy.com.br\/site\/wp-content\/uploads\/2022\/11\/Marieta-Severo-02112022.webp\"><img data-recalc-dims=\"1\" decoding=\"async\" src=\"https:\/\/i0.wp.com\/blogdoeloiltoncajuhy.com.br\/site\/wp-content\/uploads\/2022\/11\/Marieta-Severo-02112022.webp?resize=548%2C548\" alt=\"\" class=\"wp-image-69837\" width=\"548\" height=\"548\" srcset=\"https:\/\/i0.wp.com\/blogdoeloiltoncajuhy.com.br\/site\/wp-content\/uploads\/2022\/11\/Marieta-Severo-02112022.webp?w=900&amp;ssl=1 900w, https:\/\/i0.wp.com\/blogdoeloiltoncajuhy.com.br\/site\/wp-content\/uploads\/2022\/11\/Marieta-Severo-02112022.webp?resize=300%2C300&amp;ssl=1 300w, https:\/\/i0.wp.com\/blogdoeloiltoncajuhy.com.br\/site\/wp-content\/uploads\/2022\/11\/Marieta-Severo-02112022.webp?resize=150%2C150&amp;ssl=1 150w, https:\/\/i0.wp.com\/blogdoeloiltoncajuhy.com.br\/site\/wp-content\/uploads\/2022\/11\/Marieta-Severo-02112022.webp?resize=768%2C768&amp;ssl=1 768w\" sizes=\"(max-width: 548px) 100vw, 548px\" \/><\/a><\/figure>\n\n\n\n<p>Entre 2001 e 2014, interpretou a divertida <em>Dona Nen\u00ea<\/em> no seriado <em>A Grande Fam\u00edlia<\/em>, papel que lhe rendeu diversos pr\u00eamios e elogios da cr\u00edtica e p\u00fablico. No cinema, atuou em mais de 30 produ\u00e7\u00f5es, destacando-se: <em>Com Licen\u00e7a<\/em>, <em>Eu Vou \u00e0 Luta<\/em>, <em>O Corpo<\/em>, <em>Carlota Joaquina<\/em>, <em>Princesa do Brazil<\/em>, <em>Castelo R\u00e1-Tim-Bum<\/em>, <em>As Tr\u00eas Marias<\/em>, <em>Cazuza &#8211; O Tempo N\u00e3o Para<\/em>, <em>A Dona da Hist\u00f3ria<\/em> e <em>Vendo ou Alugo<\/em>.<\/p>\n\n\n\n<p>Foi casada por 33 anos com o cantor e compositor Chico Buarque de Hollanda, com quem teve tr\u00eas filhas: S\u00edlvia, Helena e Lu\u00edsa. Em 2005, fundou, ao lado da amiga Andrea Beltr\u00e3o, o Teatro Poeira no Rio de Janeiro.<\/p>\n","protected":false},"excerpt":{"rendered":"<p>Blog do Eloilton Cajuhy Marieta Severo da Costa nasceu no Rio de Janeiro, em 2 de novembro de 1946, segundo a Wikip\u00e9dia. \u00c9 atriz, roteirista e produtora teatral brasileira, conhecida pelos diversos trabalhos que realiza no cinema, televis\u00e3o e teatro. Marieta \u00e9 uma das atrizes mais premiadas do pa\u00eds. Entre seus reconhecimentos incluem quatro estatuetas [&hellip;]<\/p>\n","protected":false},"author":2,"featured_media":69837,"comment_status":"open","ping_status":"open","sticky":false,"template":"","format":"standard","meta":{"_acf_changed":false,"_monsterinsights_skip_tracking":false,"_monsterinsights_sitenote_active":false,"_monsterinsights_sitenote_note":"","_monsterinsights_sitenote_category":0,"_jetpack_memberships_contains_paid_content":false,"footnotes":"","jetpack_publicize_message":"","jetpack_publicize_feature_enabled":true,"jetpack_social_post_already_shared":true,"jetpack_social_options":{"image_generator_settings":{"template":"highway","default_image_id":0,"font":"","enabled":false},"version":2}},"categories":[12],"tags":[],"class_list":["post-69836","post","type-post","status-publish","format-standard","has-post-thumbnail","hentry","category-gente-que-faz-a-nossa-historia"],"acf":[],"jetpack_publicize_connections":[],"jetpack_featured_media_url":"https:\/\/i0.wp.com\/blogdoeloiltoncajuhy.com.br\/site\/wp-content\/uploads\/2022\/11\/Marieta-Severo-02112022.webp?fit=900%2C900&ssl=1","jetpack_sharing_enabled":true,"publishpress_future_workflow_manual_trigger":{"enabledWorkflows":[]},"_links":{"self":[{"href":"https:\/\/blogdoeloiltoncajuhy.com.br\/site\/wp-json\/wp\/v2\/posts\/69836","targetHints":{"allow":["GET"]}}],"collection":[{"href":"https:\/\/blogdoeloiltoncajuhy.com.br\/site\/wp-json\/wp\/v2\/posts"}],"about":[{"href":"https:\/\/blogdoeloiltoncajuhy.com.br\/site\/wp-json\/wp\/v2\/types\/post"}],"author":[{"embeddable":true,"href":"https:\/\/blogdoeloiltoncajuhy.com.br\/site\/wp-json\/wp\/v2\/users\/2"}],"replies":[{"embeddable":true,"href":"https:\/\/blogdoeloiltoncajuhy.com.br\/site\/wp-json\/wp\/v2\/comments?post=69836"}],"version-history":[{"count":1,"href":"https:\/\/blogdoeloiltoncajuhy.com.br\/site\/wp-json\/wp\/v2\/posts\/69836\/revisions"}],"predecessor-version":[{"id":69838,"href":"https:\/\/blogdoeloiltoncajuhy.com.br\/site\/wp-json\/wp\/v2\/posts\/69836\/revisions\/69838"}],"wp:featuredmedia":[{"embeddable":true,"href":"https:\/\/blogdoeloiltoncajuhy.com.br\/site\/wp-json\/wp\/v2\/media\/69837"}],"wp:attachment":[{"href":"https:\/\/blogdoeloiltoncajuhy.com.br\/site\/wp-json\/wp\/v2\/media?parent=69836"}],"wp:term":[{"taxonomy":"category","embeddable":true,"href":"https:\/\/blogdoeloiltoncajuhy.com.br\/site\/wp-json\/wp\/v2\/categories?post=69836"},{"taxonomy":"post_tag","embeddable":true,"href":"https:\/\/blogdoeloiltoncajuhy.com.br\/site\/wp-json\/wp\/v2\/tags?post=69836"}],"curies":[{"name":"wp","href":"https:\/\/api.w.org\/{rel}","templated":true}]}}