{"id":69832,"date":"2022-11-02T01:15:00","date_gmt":"2022-11-02T04:15:00","guid":{"rendered":"http:\/\/blogdoeloiltoncajuhy.com.br\/site\/?p=69832"},"modified":"2022-11-01T20:08:06","modified_gmt":"2022-11-01T23:08:06","slug":"dia-de-finados-entenda-a-origem-e-o-significado-do-feriado","status":"publish","type":"post","link":"https:\/\/blogdoeloiltoncajuhy.com.br\/site\/dia-de-finados-entenda-a-origem-e-o-significado-do-feriado\/","title":{"rendered":"Dia de Finados: entenda a origem e o significado do feriado"},"content":{"rendered":"\n<p class=\"has-text-align-center has-medium-font-size\"><em>O Dia dos Finados (2\/11) \u00e9 uma data marcante para milhares de pessoas no Brasil, mas a origem da celebra\u00e7\u00e3o \u00e9 desconhecida para muitos.<\/em><\/p>\n\n\n\n<p><strong>Por Isto \u00c9 Dinheiro<\/strong><\/p>\n\n\n\n<figure class=\"wp-block-image aligncenter size-full is-resized\"><a href=\"https:\/\/i0.wp.com\/blogdoeloiltoncajuhy.com.br\/site\/wp-content\/uploads\/2022\/11\/Dia-de-Finados-00226644.jpg\"><img data-recalc-dims=\"1\" fetchpriority=\"high\" decoding=\"async\" src=\"https:\/\/i0.wp.com\/blogdoeloiltoncajuhy.com.br\/site\/wp-content\/uploads\/2022\/11\/Dia-de-Finados-00226644.jpg?resize=690%2C459\" alt=\"\" class=\"wp-image-69833\" width=\"690\" height=\"459\" srcset=\"https:\/\/i0.wp.com\/blogdoeloiltoncajuhy.com.br\/site\/wp-content\/uploads\/2022\/11\/Dia-de-Finados-00226644.jpg?w=580&amp;ssl=1 580w, https:\/\/i0.wp.com\/blogdoeloiltoncajuhy.com.br\/site\/wp-content\/uploads\/2022\/11\/Dia-de-Finados-00226644.jpg?resize=300%2C200&amp;ssl=1 300w\" sizes=\"(max-width: 690px) 100vw, 690px\" \/><\/a><figcaption><sub>Foto: Katja Fissel\/Pixabay<\/sub><\/figcaption><\/figure>\n\n\n\n<p>Na tradi\u00e7\u00e3o da Igreja Cat\u00f3lica, no dia 1\u00ba de novembro \u00e9 celebrado o <em>Dia de Todos os Santos<\/em>, quando se reza por aqueles que morreram em estado de gra\u00e7a, com os pecados perdoados.<\/p>\n\n\n\n<p>O dia seguinte foi considerado o mais apropriado para fazer ora\u00e7\u00f5es por todos os demais falecidos, que precisam de ajuda para serem aceitos no c\u00e9u. \u00c9 por isso que no dia 2 de novembro se celebra o <strong>Dia de Finados<\/strong>.<\/p>\n\n\n\n<p class=\"has-black-color has-text-color has-medium-font-size\"><strong>Origem do Dia de Finados<\/strong><\/p>\n\n\n\n<p>Os primeiros registros de ora\u00e7\u00f5es pelos crist\u00e3os falecidos datam do s\u00e9culo 1, quando era costume visitar t\u00famulos de m\u00e1rtires.<\/p>\n\n\n\n<p>No ano 732, o papa Greg\u00f3rio III autorizou os padres a realizar missas em mem\u00f3ria dos falecidos. N\u00e3o demorou para o 2 de novembro ser adotado em toda a Europa.<\/p>\n\n\n\n<p>Com a chegada do ano 1.000, acreditava-se que o mundo acabaria, por isso era preciso rezar para as almas sa\u00edrem do purgat\u00f3rio antes disso.<\/p>\n\n\n\n<p>A partir do s\u00e9culo 15, o feriado se espalhou pelo mundo. Cada parte do mundo celebra esta data a seu modo.<\/p>\n\n\n\n<p>No M\u00e9xico, por exemplo, existe a chamada \u201cFesta dos Mortos\u201d que une a celebra\u00e7\u00e3o cat\u00f3lica a antigos rituais astecas.<\/p>\n\n\n\n<p>J\u00e1 no Brasil, a tradi\u00e7\u00e3o \u00e9 ir aos cemit\u00e9rios levar flores, acender velas e rezar pelos entes queridos que j\u00e1 morreram.<\/p>\n","protected":false},"excerpt":{"rendered":"<p>O Dia dos Finados (2\/11) \u00e9 uma data marcante para milhares de pessoas no Brasil, mas a origem da celebra\u00e7\u00e3o \u00e9 desconhecida para muitos. Por Isto \u00c9 Dinheiro Na tradi\u00e7\u00e3o da Igreja Cat\u00f3lica, no dia 1\u00ba de novembro \u00e9 celebrado o Dia de Todos os Santos, quando se reza por aqueles que morreram em estado [&hellip;]<\/p>\n","protected":false},"author":2,"featured_media":69833,"comment_status":"open","ping_status":"open","sticky":false,"template":"","format":"standard","meta":{"_acf_changed":false,"_monsterinsights_skip_tracking":false,"_monsterinsights_sitenote_active":false,"_monsterinsights_sitenote_note":"","_monsterinsights_sitenote_category":0,"_jetpack_memberships_contains_paid_content":false,"footnotes":"","jetpack_publicize_message":"","jetpack_publicize_feature_enabled":true,"jetpack_social_post_already_shared":true,"jetpack_social_options":{"image_generator_settings":{"template":"highway","default_image_id":0,"font":"","enabled":false},"version":2}},"categories":[5],"tags":[],"class_list":["post-69832","post","type-post","status-publish","format-standard","has-post-thumbnail","hentry","category-cotidiano"],"acf":[],"jetpack_publicize_connections":[],"jetpack_featured_media_url":"https:\/\/i0.wp.com\/blogdoeloiltoncajuhy.com.br\/site\/wp-content\/uploads\/2022\/11\/Dia-de-Finados-00226644.jpg?fit=580%2C386&ssl=1","jetpack_sharing_enabled":true,"publishpress_future_workflow_manual_trigger":{"enabledWorkflows":[]},"_links":{"self":[{"href":"https:\/\/blogdoeloiltoncajuhy.com.br\/site\/wp-json\/wp\/v2\/posts\/69832","targetHints":{"allow":["GET"]}}],"collection":[{"href":"https:\/\/blogdoeloiltoncajuhy.com.br\/site\/wp-json\/wp\/v2\/posts"}],"about":[{"href":"https:\/\/blogdoeloiltoncajuhy.com.br\/site\/wp-json\/wp\/v2\/types\/post"}],"author":[{"embeddable":true,"href":"https:\/\/blogdoeloiltoncajuhy.com.br\/site\/wp-json\/wp\/v2\/users\/2"}],"replies":[{"embeddable":true,"href":"https:\/\/blogdoeloiltoncajuhy.com.br\/site\/wp-json\/wp\/v2\/comments?post=69832"}],"version-history":[{"count":1,"href":"https:\/\/blogdoeloiltoncajuhy.com.br\/site\/wp-json\/wp\/v2\/posts\/69832\/revisions"}],"predecessor-version":[{"id":69834,"href":"https:\/\/blogdoeloiltoncajuhy.com.br\/site\/wp-json\/wp\/v2\/posts\/69832\/revisions\/69834"}],"wp:featuredmedia":[{"embeddable":true,"href":"https:\/\/blogdoeloiltoncajuhy.com.br\/site\/wp-json\/wp\/v2\/media\/69833"}],"wp:attachment":[{"href":"https:\/\/blogdoeloiltoncajuhy.com.br\/site\/wp-json\/wp\/v2\/media?parent=69832"}],"wp:term":[{"taxonomy":"category","embeddable":true,"href":"https:\/\/blogdoeloiltoncajuhy.com.br\/site\/wp-json\/wp\/v2\/categories?post=69832"},{"taxonomy":"post_tag","embeddable":true,"href":"https:\/\/blogdoeloiltoncajuhy.com.br\/site\/wp-json\/wp\/v2\/tags?post=69832"}],"curies":[{"name":"wp","href":"https:\/\/api.w.org\/{rel}","templated":true}]}}