{"id":69821,"date":"2022-11-01T18:55:14","date_gmt":"2022-11-01T21:55:14","guid":{"rendered":"http:\/\/blogdoeloiltoncajuhy.com.br\/site\/?p=69821"},"modified":"2022-11-01T18:55:17","modified_gmt":"2022-11-01T21:55:17","slug":"uneb-vai-ofertar-5-396-vagas-presenciais-e-ead-no-vestibular-2023-inscricoes-abrem-sexta-feira-04","status":"publish","type":"post","link":"https:\/\/blogdoeloiltoncajuhy.com.br\/site\/uneb-vai-ofertar-5-396-vagas-presenciais-e-ead-no-vestibular-2023-inscricoes-abrem-sexta-feira-04\/","title":{"rendered":"UNEB vai ofertar 5.396 vagas (presenciais e EaD) no Vestibular 2023; inscri\u00e7\u00f5es abrem sexta-feira (04)"},"content":{"rendered":"\n<p><strong>Blog do Eloilton Cajuhy<\/strong><\/p>\n\n\n\n<figure class=\"wp-block-image aligncenter size-full is-resized\"><a href=\"https:\/\/i0.wp.com\/blogdoeloiltoncajuhy.com.br\/site\/wp-content\/uploads\/2022\/11\/Uneb-Vestibular2023.jpeg\"><img data-recalc-dims=\"1\" fetchpriority=\"high\" decoding=\"async\" src=\"https:\/\/i0.wp.com\/blogdoeloiltoncajuhy.com.br\/site\/wp-content\/uploads\/2022\/11\/Uneb-Vestibular2023.jpeg?resize=800%2C353\" alt=\"\" class=\"wp-image-69822\" width=\"800\" height=\"353\" srcset=\"https:\/\/i0.wp.com\/blogdoeloiltoncajuhy.com.br\/site\/wp-content\/uploads\/2022\/11\/Uneb-Vestibular2023.jpeg?w=770&amp;ssl=1 770w, https:\/\/i0.wp.com\/blogdoeloiltoncajuhy.com.br\/site\/wp-content\/uploads\/2022\/11\/Uneb-Vestibular2023.jpeg?resize=300%2C132&amp;ssl=1 300w, https:\/\/i0.wp.com\/blogdoeloiltoncajuhy.com.br\/site\/wp-content\/uploads\/2022\/11\/Uneb-Vestibular2023.jpeg?resize=768%2C339&amp;ssl=1 768w\" sizes=\"(max-width: 800px) 100vw, 800px\" \/><\/a><\/figure>\n\n\n\n<p>A Universidade do Estado da Bahia lan\u00e7ou os editais de inscri\u00e7\u00e3o e para solicita\u00e7\u00e3o de isen\u00e7\u00e3o da taxa do Vestibular UNEB 2023. Os interessados devem se inscrever de 4 a 30 de novembro, exclusivamente, pelo site <a href=\"http:\/\/www.vestibular2023.uneb.br\/\" target=\"_blank\" rel=\"noreferrer noopener\">vestibular2023.uneb.br.<\/a><\/p>\n\n\n\n<p>De acordo com a universidade, est\u00e3o sendo ofertadas 5.396 vagas pelo processo seletivo, para cursos de gradua\u00e7\u00e3o na modalidade presencial (4.396) e na modalidade a dist\u00e2ncia (EaD), oferecidos pela institui\u00e7\u00e3o (650) e pelo Sistema Universidade Aberta do Brasil (UAB), ministrados pela UNEB (350).<\/p>\n\n\n\n<p>Ainda segundo a Uneb, conforme <a href=\"https:\/\/vestibular2023.uneb.br\/wp-content\/uploads\/2022\/10\/Edital_119_2022_Aviso_202_2022_Vestibular_presencial_e_EAD_2023.pdf\" target=\"_blank\" rel=\"noreferrer noopener\">edital do vestibular<\/a>, ser\u00e1 feita a reserva de 40% do total de vagas para negros. A pol\u00edtica de cotas da universidade tamb\u00e9m prev\u00ea o direito a 5% de sobrevagas para ind\u00edgenas; quilombolas; ciganos; transexuais, travestis e transg\u00eaneros; pessoas com defici\u00eancia, com transtorno do espectro autista e com altas habilidades. Cada grupo contar\u00e1 com essa porcentagem em todos os cursos.<\/p>\n\n\n\n<p>Est\u00e3o habilitados a concorrer \u00e0s vagas ou sobrevagas reservadas, os candidatos que autodeclarem fazer parte dos grupos citados; tenham cursado todo o Ensino Fundamental II e todo o Ensino M\u00e9dio exclusivamente em escola p\u00fablica; registrem o valor m\u00e1ximo de renda bruta familiar e que se enquadrem nos requisitos previstos pelo edital do processo seletivo.<\/p>\n\n\n\n<p>Os interessados devem acessar o <a href=\"http:\/\/vestibular2023.uneb.br\/\" target=\"_blank\" rel=\"noreferrer noopener\">site do processo seletivo<\/a>, clicar no link para inscri\u00e7\u00e3o, identificar o seu grupo de pertencimento, escolher a modalidade de ensino desejada, primeira e segunda op\u00e7\u00f5es de curso, l\u00edngua estrangeira, optar ou n\u00e3o pelas cotas e definir local onde realizar\u00e1 as provas. A taxa \u00e9 de R$ 90 e deve ser paga at\u00e9 a data apresentada pelo boleto banc\u00e1rio.<\/p>\n\n\n\n<p>As provas ser\u00e3o aplicadas nos dias 8 e 9 de janeiro. A rela\u00e7\u00e3o de cursos, quadro de vagas, informa\u00e7\u00f5es sobre as provas, documenta\u00e7\u00e3o solicitada e cronograma da sele\u00e7\u00e3o constam no <a href=\"https:\/\/vestibular2023.uneb.br\/wp-content\/uploads\/2022\/10\/Edital_119_2022_Aviso_202_2022_Vestibular_presencial_e_EAD_2023.pdf\" target=\"_blank\" rel=\"noreferrer noopener\">edital do Vestibular UNEB 2023.<\/a><\/p>\n\n\n\n<p class=\"has-black-color has-text-color has-medium-font-size\"><strong>Isen\u00e7\u00e3o da taxa de inscri\u00e7\u00e3o<\/strong><\/p>\n\n\n\n<p>O Centro de Processo Seletivo (CPS) da UNEB vai abrir tamb\u00e9m, nos dias 4 e 5 de novembro, o per\u00edodo para solicita\u00e7\u00e3o geral de isen\u00e7\u00e3o do pagamento da taxa de inscri\u00e7\u00e3o do Vestibular 2023.<\/p>\n\n\n\n<p>De acordo com o <a href=\"https:\/\/vestibular2023.uneb.br\/wp-content\/uploads\/2022\/10\/Edital_120_2022_Aviso_203_2022_Isencao_de_tava_do_vestibular_2023.pdf\" target=\"_blank\" rel=\"noreferrer noopener\">edital de isen\u00e7\u00e3o<\/a>, podem ser beneficiados candidatos concluintes ou egressos do Ensino M\u00e9dio, em estabelecimento de ensino das redes p\u00fablicas da Bahia ou municipais do estado, ou que tenham cursado o Ensino M\u00e9dio atrav\u00e9s de Exames Supletivos ou curso equivalente, tamb\u00e9m das redes p\u00fablicas.<\/p>\n\n\n\n<p>A rela\u00e7\u00e3o dos candidatos selecionados na primeira etapa da Pol\u00edtica de Isen\u00e7\u00e3o ser\u00e1 divulgada, no dia 8 de novembro, no <a href=\"https:\/\/vestibular2023.uneb.br\/\" target=\"_blank\" rel=\"noreferrer noopener\">site do Vestibular UNEB 2023.<\/a> Os candidatos selecionados para participa\u00e7\u00e3o na segunda etapa dever\u00e3o apresentar, no per\u00edodo de 10 a 11, original e c\u00f3pia dos documentos solicitados. A rela\u00e7\u00e3o dos candidatos beneficiados ser\u00e1 divulgada at\u00e9 o dia 17 do mesmo m\u00eas.<\/p>\n\n\n\n<p>Tamb\u00e9m podem solicitar o benef\u00edcio, servidores das Universidades P\u00fablicas Estaduais (UNEB, UEFS, UESC, UESB) ou seus filhos, c\u00f4njuges e dependentes judiciais de primeiro grau. Nesses casos, o processo para solicita\u00e7\u00e3o se inicia nos dias 7 e 8 de novembro, conforme especifica o edital.<\/p>\n\n\n\n<p>O candidato que solicitou e n\u00e3o foi contemplado com a isen\u00e7\u00e3o, mas, desejar realizar as provas do processo seletivo dever\u00e1, no per\u00edodo de inscri\u00e7\u00e3o, acessar o m\u00f3dulo de consulta no site do vestibular, utilizando o seu c\u00f3digo ou CPF e data de nascimento, e imprimir o boleto para realizar o pagamento da taxa.<\/p>\n\n\n\n<p>\u2013 <a href=\"https:\/\/vestibular2023.uneb.br\/wp-content\/uploads\/2022\/10\/Edital_120_2022_Aviso_203_2022_Isencao_de_tava_do_vestibular_2023.pdf\" target=\"_blank\" rel=\"noreferrer noopener\">Veja o Edital de Isen\u00e7\u00e3o<\/a><\/p>\n","protected":false},"excerpt":{"rendered":"<p>Blog do Eloilton Cajuhy A Universidade do Estado da Bahia lan\u00e7ou os editais de inscri\u00e7\u00e3o e para solicita\u00e7\u00e3o de isen\u00e7\u00e3o da taxa do Vestibular UNEB 2023. Os interessados devem se inscrever de 4 a 30 de novembro, exclusivamente, pelo site vestibular2023.uneb.br. De acordo com a universidade, est\u00e3o sendo ofertadas 5.396 vagas pelo processo seletivo, para [&hellip;]<\/p>\n","protected":false},"author":2,"featured_media":69822,"comment_status":"open","ping_status":"open","sticky":false,"template":"","format":"standard","meta":{"_acf_changed":false,"_monsterinsights_skip_tracking":false,"_monsterinsights_sitenote_active":false,"_monsterinsights_sitenote_note":"","_monsterinsights_sitenote_category":0,"_jetpack_memberships_contains_paid_content":false,"footnotes":"","jetpack_publicize_message":"","jetpack_publicize_feature_enabled":true,"jetpack_social_post_already_shared":true,"jetpack_social_options":{"image_generator_settings":{"template":"highway","default_image_id":0,"font":"","enabled":false},"version":2}},"categories":[14],"tags":[],"class_list":["post-69821","post","type-post","status-publish","format-standard","has-post-thumbnail","hentry","category-educacao"],"acf":[],"jetpack_publicize_connections":[],"jetpack_featured_media_url":"https:\/\/i0.wp.com\/blogdoeloiltoncajuhy.com.br\/site\/wp-content\/uploads\/2022\/11\/Uneb-Vestibular2023.jpeg?fit=770%2C340&ssl=1","jetpack_sharing_enabled":true,"publishpress_future_workflow_manual_trigger":{"enabledWorkflows":[]},"_links":{"self":[{"href":"https:\/\/blogdoeloiltoncajuhy.com.br\/site\/wp-json\/wp\/v2\/posts\/69821","targetHints":{"allow":["GET"]}}],"collection":[{"href":"https:\/\/blogdoeloiltoncajuhy.com.br\/site\/wp-json\/wp\/v2\/posts"}],"about":[{"href":"https:\/\/blogdoeloiltoncajuhy.com.br\/site\/wp-json\/wp\/v2\/types\/post"}],"author":[{"embeddable":true,"href":"https:\/\/blogdoeloiltoncajuhy.com.br\/site\/wp-json\/wp\/v2\/users\/2"}],"replies":[{"embeddable":true,"href":"https:\/\/blogdoeloiltoncajuhy.com.br\/site\/wp-json\/wp\/v2\/comments?post=69821"}],"version-history":[{"count":1,"href":"https:\/\/blogdoeloiltoncajuhy.com.br\/site\/wp-json\/wp\/v2\/posts\/69821\/revisions"}],"predecessor-version":[{"id":69823,"href":"https:\/\/blogdoeloiltoncajuhy.com.br\/site\/wp-json\/wp\/v2\/posts\/69821\/revisions\/69823"}],"wp:featuredmedia":[{"embeddable":true,"href":"https:\/\/blogdoeloiltoncajuhy.com.br\/site\/wp-json\/wp\/v2\/media\/69822"}],"wp:attachment":[{"href":"https:\/\/blogdoeloiltoncajuhy.com.br\/site\/wp-json\/wp\/v2\/media?parent=69821"}],"wp:term":[{"taxonomy":"category","embeddable":true,"href":"https:\/\/blogdoeloiltoncajuhy.com.br\/site\/wp-json\/wp\/v2\/categories?post=69821"},{"taxonomy":"post_tag","embeddable":true,"href":"https:\/\/blogdoeloiltoncajuhy.com.br\/site\/wp-json\/wp\/v2\/tags?post=69821"}],"curies":[{"name":"wp","href":"https:\/\/api.w.org\/{rel}","templated":true}]}}