{"id":69817,"date":"2022-11-01T18:36:20","date_gmt":"2022-11-01T21:36:20","guid":{"rendered":"http:\/\/blogdoeloiltoncajuhy.com.br\/site\/?p=69817"},"modified":"2022-11-01T18:36:23","modified_gmt":"2022-11-01T21:36:23","slug":"jeronimo-vai-ao-bonfim-agradecer-vitoria-nas-urnas-e-pede-construcao-de-unidade-na-bahia","status":"publish","type":"post","link":"https:\/\/blogdoeloiltoncajuhy.com.br\/site\/jeronimo-vai-ao-bonfim-agradecer-vitoria-nas-urnas-e-pede-construcao-de-unidade-na-bahia\/","title":{"rendered":"Jer\u00f4nimo vai ao Bonfim agradecer vit\u00f3ria nas urnas e pede constru\u00e7\u00e3o de unidade na Bahia"},"content":{"rendered":"\n<figure class=\"wp-block-image aligncenter size-large\"><a href=\"https:\/\/i0.wp.com\/blogdoeloiltoncajuhy.com.br\/site\/wp-content\/uploads\/2022\/11\/Jeronimo_Missa-no-Bonfim-01.jpeg\"><img data-recalc-dims=\"1\" fetchpriority=\"high\" decoding=\"async\" width=\"800\" height=\"533\" src=\"https:\/\/i0.wp.com\/blogdoeloiltoncajuhy.com.br\/site\/wp-content\/uploads\/2022\/11\/Jeronimo_Missa-no-Bonfim-01.jpeg?resize=800%2C533\" alt=\"\" class=\"wp-image-69818\" srcset=\"https:\/\/i0.wp.com\/blogdoeloiltoncajuhy.com.br\/site\/wp-content\/uploads\/2022\/11\/Jeronimo_Missa-no-Bonfim-01.jpeg?resize=1024%2C682&amp;ssl=1 1024w, https:\/\/i0.wp.com\/blogdoeloiltoncajuhy.com.br\/site\/wp-content\/uploads\/2022\/11\/Jeronimo_Missa-no-Bonfim-01.jpeg?resize=300%2C200&amp;ssl=1 300w, https:\/\/i0.wp.com\/blogdoeloiltoncajuhy.com.br\/site\/wp-content\/uploads\/2022\/11\/Jeronimo_Missa-no-Bonfim-01.jpeg?resize=768%2C512&amp;ssl=1 768w, https:\/\/i0.wp.com\/blogdoeloiltoncajuhy.com.br\/site\/wp-content\/uploads\/2022\/11\/Jeronimo_Missa-no-Bonfim-01.jpeg?w=1280&amp;ssl=1 1280w\" sizes=\"(max-width: 800px) 100vw, 800px\" \/><\/a><\/figure>\n\n\n\n<p>O governador eleito da Bahia, Jer\u00f4nimo Rodrigues (PT), foi at\u00e9 a Igreja do Bonfim, em Salvador, na tarde desta segunda-feira (31), primeiro compromisso p\u00fablico ap\u00f3s vencer as elei\u00e7\u00f5es no estado. O pr\u00f3ximo chefe do Executivo baiano repetiu a peregrina\u00e7\u00e3o que fez durante a pr\u00e9-campanha e campanha quando foi pedir for\u00e7as ao Senhor do Bonfim, padroeiro da Bahia e, agora, ainda mais for\u00e7a e sabedoria para que possa conduzir os destinos dos baianos e baianas, a partir de janeiro de 2023.<\/p>\n\n\n\n<p>\u201cComo \u00e9 de todo bom crist\u00e3o, quem pede, agradece, mas agradece pedindo mais. Pedindo que a paz continue no nosso pa\u00eds, que acabe essa divis\u00e3o perversa de dois brasis que n\u00e3o existem, \u00e9 um Brasil s\u00f3, um povo s\u00f3, e pedir para que Deus ilumine Lula para que ele possa conduzir pelo caminho da unidade um pa\u00eds, ferido por conta da fome e do desemprego, mas aben\u00e7oado por Deus\u201d, afirmou o petista durante conversa com a imprensa na entrada da bas\u00edlica. &#8220;Eu quero fazer um apelo para que a gente possa construir uma unidade na Bahia&#8221;, acrescentou o petista ao destacar que as elei\u00e7\u00f5es j\u00e1 foram conclu\u00eddas e o momento \u00e9 de uni\u00e3o.<\/p>\n\n\n\n<figure class=\"wp-block-image aligncenter size-large\"><a href=\"https:\/\/i0.wp.com\/blogdoeloiltoncajuhy.com.br\/site\/wp-content\/uploads\/2022\/11\/Jeronimo_Missa-no-Bonfim-02.jpeg\"><img data-recalc-dims=\"1\" decoding=\"async\" width=\"800\" height=\"533\" src=\"https:\/\/i0.wp.com\/blogdoeloiltoncajuhy.com.br\/site\/wp-content\/uploads\/2022\/11\/Jeronimo_Missa-no-Bonfim-02.jpeg?resize=800%2C533\" alt=\"\" class=\"wp-image-69819\" srcset=\"https:\/\/i0.wp.com\/blogdoeloiltoncajuhy.com.br\/site\/wp-content\/uploads\/2022\/11\/Jeronimo_Missa-no-Bonfim-02.jpeg?resize=1024%2C682&amp;ssl=1 1024w, https:\/\/i0.wp.com\/blogdoeloiltoncajuhy.com.br\/site\/wp-content\/uploads\/2022\/11\/Jeronimo_Missa-no-Bonfim-02.jpeg?resize=300%2C200&amp;ssl=1 300w, https:\/\/i0.wp.com\/blogdoeloiltoncajuhy.com.br\/site\/wp-content\/uploads\/2022\/11\/Jeronimo_Missa-no-Bonfim-02.jpeg?resize=768%2C512&amp;ssl=1 768w, https:\/\/i0.wp.com\/blogdoeloiltoncajuhy.com.br\/site\/wp-content\/uploads\/2022\/11\/Jeronimo_Missa-no-Bonfim-02.jpeg?w=1280&amp;ssl=1 1280w\" sizes=\"(max-width: 800px) 100vw, 800px\" \/><\/a><\/figure>\n\n\n\n<p>Jer\u00f4nimo agradeceu ainda aos eleitores baianos pelo reconhecimento do trabalho realizado pelos governos Jaques Wagner e Rui Costa e que depositaram nele a confian\u00e7a de dar continuidade ao projeto que tem transformado a Bahia nesses \u00faltimos 16 anos. \u201cA vota\u00e7\u00e3o serviu para decidir quem ir\u00e1 governar, mas a elei\u00e7\u00e3o passou e os quase 4,5 milh\u00f5es de votos, agora, se multiplicam para quase 16 milh\u00f5es de pessoas, que \u00e9 o povo baiano. Saberemos tratar cada canto, cada munic\u00edpio, independente da vota\u00e7\u00e3o que tivemos. Iremos governar para toda a Bahia\u201d, disse.<\/p>\n\n\n\n<p>O governador eleito participou da missa na Igreja do Bonfim acompanhado da futura primeira-dama da Bahia, Tatiana Veloso, do filho Jo\u00e3o Gabriel, do vice-governador eleito, Geraldo J\u00fanior (MDB), do senador Otto Alencar (PSD), al\u00e9m de prefeitos, deputados, vereadores e lideran\u00e7as pol\u00edticas.<\/p>\n","protected":false},"excerpt":{"rendered":"<p>O governador eleito da Bahia, Jer\u00f4nimo Rodrigues (PT), foi at\u00e9 a Igreja do Bonfim, em Salvador, na tarde desta segunda-feira (31), primeiro compromisso p\u00fablico ap\u00f3s vencer as elei\u00e7\u00f5es no estado. O pr\u00f3ximo chefe do Executivo baiano repetiu a peregrina\u00e7\u00e3o que fez durante a pr\u00e9-campanha e campanha quando foi pedir for\u00e7as ao Senhor do Bonfim, padroeiro [&hellip;]<\/p>\n","protected":false},"author":2,"featured_media":69818,"comment_status":"open","ping_status":"open","sticky":false,"template":"","format":"standard","meta":{"_acf_changed":false,"_monsterinsights_skip_tracking":false,"_monsterinsights_sitenote_active":false,"_monsterinsights_sitenote_note":"","_monsterinsights_sitenote_category":0,"_jetpack_memberships_contains_paid_content":false,"footnotes":"","jetpack_publicize_message":"","jetpack_publicize_feature_enabled":true,"jetpack_social_post_already_shared":true,"jetpack_social_options":{"image_generator_settings":{"template":"highway","default_image_id":0,"font":"","enabled":false},"version":2}},"categories":[3],"tags":[],"class_list":["post-69817","post","type-post","status-publish","format-standard","has-post-thumbnail","hentry","category-politica"],"acf":[],"jetpack_publicize_connections":[],"jetpack_featured_media_url":"https:\/\/i0.wp.com\/blogdoeloiltoncajuhy.com.br\/site\/wp-content\/uploads\/2022\/11\/Jeronimo_Missa-no-Bonfim-01.jpeg?fit=1280%2C853&ssl=1","jetpack_sharing_enabled":true,"publishpress_future_workflow_manual_trigger":{"enabledWorkflows":[]},"_links":{"self":[{"href":"https:\/\/blogdoeloiltoncajuhy.com.br\/site\/wp-json\/wp\/v2\/posts\/69817","targetHints":{"allow":["GET"]}}],"collection":[{"href":"https:\/\/blogdoeloiltoncajuhy.com.br\/site\/wp-json\/wp\/v2\/posts"}],"about":[{"href":"https:\/\/blogdoeloiltoncajuhy.com.br\/site\/wp-json\/wp\/v2\/types\/post"}],"author":[{"embeddable":true,"href":"https:\/\/blogdoeloiltoncajuhy.com.br\/site\/wp-json\/wp\/v2\/users\/2"}],"replies":[{"embeddable":true,"href":"https:\/\/blogdoeloiltoncajuhy.com.br\/site\/wp-json\/wp\/v2\/comments?post=69817"}],"version-history":[{"count":1,"href":"https:\/\/blogdoeloiltoncajuhy.com.br\/site\/wp-json\/wp\/v2\/posts\/69817\/revisions"}],"predecessor-version":[{"id":69820,"href":"https:\/\/blogdoeloiltoncajuhy.com.br\/site\/wp-json\/wp\/v2\/posts\/69817\/revisions\/69820"}],"wp:featuredmedia":[{"embeddable":true,"href":"https:\/\/blogdoeloiltoncajuhy.com.br\/site\/wp-json\/wp\/v2\/media\/69818"}],"wp:attachment":[{"href":"https:\/\/blogdoeloiltoncajuhy.com.br\/site\/wp-json\/wp\/v2\/media?parent=69817"}],"wp:term":[{"taxonomy":"category","embeddable":true,"href":"https:\/\/blogdoeloiltoncajuhy.com.br\/site\/wp-json\/wp\/v2\/categories?post=69817"},{"taxonomy":"post_tag","embeddable":true,"href":"https:\/\/blogdoeloiltoncajuhy.com.br\/site\/wp-json\/wp\/v2\/tags?post=69817"}],"curies":[{"name":"wp","href":"https:\/\/api.w.org\/{rel}","templated":true}]}}