{"id":69808,"date":"2022-11-01T08:18:21","date_gmt":"2022-11-01T11:18:21","guid":{"rendered":"http:\/\/blogdoeloiltoncajuhy.com.br\/site\/?p=69808"},"modified":"2022-11-01T08:18:25","modified_gmt":"2022-11-01T11:18:25","slug":"apos-vitoria-de-lula-pt-monta-grupo-de-trabalho-para-apresentar-nova-proposta-de-orcamento","status":"publish","type":"post","link":"https:\/\/blogdoeloiltoncajuhy.com.br\/site\/apos-vitoria-de-lula-pt-monta-grupo-de-trabalho-para-apresentar-nova-proposta-de-orcamento\/","title":{"rendered":"Ap\u00f3s vit\u00f3ria de Lula, PT monta grupo de trabalho para apresentar nova proposta de Or\u00e7amento"},"content":{"rendered":"\n<p class=\"has-text-align-center has-medium-font-size\"><em>Para petistas, conte\u00fado encaminhado pelo governo Jair Bolsonaro (PL) para 2023 n\u00e3o \u00e9 vi\u00e1vel para executar todos os programas sociais.<\/em><\/p>\n\n\n\n<p><strong>Por Gustavo Schmitt e S\u00e9rgio Roxo\/O Globo<\/strong> \u2014 S\u00e3o Paulo<\/p>\n\n\n\n<figure class=\"wp-block-image aligncenter size-full is-resized\"><a href=\"https:\/\/i0.wp.com\/blogdoeloiltoncajuhy.com.br\/site\/wp-content\/uploads\/2022\/11\/2022-04-08-CongressoNacional.webp\"><img data-recalc-dims=\"1\" fetchpriority=\"high\" decoding=\"async\" src=\"https:\/\/i0.wp.com\/blogdoeloiltoncajuhy.com.br\/site\/wp-content\/uploads\/2022\/11\/2022-04-08-CongressoNacional.webp?resize=693%2C417\" alt=\"\" class=\"wp-image-69809\" width=\"693\" height=\"417\" srcset=\"https:\/\/i0.wp.com\/blogdoeloiltoncajuhy.com.br\/site\/wp-content\/uploads\/2022\/11\/2022-04-08-CongressoNacional.webp?w=924&amp;ssl=1 924w, https:\/\/i0.wp.com\/blogdoeloiltoncajuhy.com.br\/site\/wp-content\/uploads\/2022\/11\/2022-04-08-CongressoNacional.webp?resize=300%2C181&amp;ssl=1 300w, https:\/\/i0.wp.com\/blogdoeloiltoncajuhy.com.br\/site\/wp-content\/uploads\/2022\/11\/2022-04-08-CongressoNacional.webp?resize=768%2C462&amp;ssl=1 768w\" sizes=\"(max-width: 693px) 100vw, 693px\" \/><\/a><figcaption><sub>O Congresso Nacional &#8211; Foto: Jefferson Rudy\/Ag\u00eancia Senado<\/sub><\/figcaption><\/figure>\n\n\n\n<p>Ap\u00f3s a vit\u00f3ria do ex-presidente Lula, o PT montou um grupo de trabalho nesta segunda-feira (31) para fazer uma nova proposta de Or\u00e7amento ao Congresso Nacional. A proposta encaminhada pelo governo Jair Bolsonaro (PL) para 2023 \u00e9 vista pelos petistas como uma esp\u00e9cie de pe\u00e7a de fic\u00e7\u00e3o e n\u00e3o seria poss\u00edvel executar todos os programas sociais. Faltam recursos, por exemplo, para compromissos de Lula na \u00e1rea social como a Farm\u00e1cia Popular, merenda escolar, combate \u00e0 fome e \u00e0 viol\u00eancia contra a mulher, entre outras a\u00e7\u00f5es.<\/p>\n\n\n\n<p>Segundo o ex-ministro Aloyzio Mercadante, o senador eleito Wellington Dias (PT-PI) ficar\u00e1 respons\u00e1vel por apresentar a proposta do novo governo ao relator Marcelo Castro ( MDB-PI), que \u00e9 apoiador de Lula e ex-ministro de Dilma Rousseff.<\/p>\n\n\n\n<p>\u2014 A prioridade \u00e9 discutir o or\u00e7amento. Vamos come\u00e7ar o di\u00e1logo com os parlamentares \u2014 disse Mercadante, que, ao longo do dia, participou de uma s\u00e9rie de tratativas sobre o novo governo com aliados de Lula num hotel na regi\u00e3o central da capital paulista.<\/p>\n\n\n\n<p>Wellington Dias afirmou que a primeira agenda com o relator do or\u00e7amento ser\u00e1 na quinta-feira em Bras\u00edlia. Ele tamb\u00e9m afirmou que articula mudan\u00e7as na pe\u00e7a por meio de di\u00e1logo com o presidente da C\u00e2mara dos Deputados, Arthur Lira (PP-AL), e o presidente do Senado Rodrigo Pacheco (PSD-MG).<\/p>\n\n\n\n<p>\u2014 Vamos atualizar a execu\u00e7\u00e3o do or\u00e7amento de 2022 e entendimentos para elabora\u00e7\u00e3o do or\u00e7amento para 2023. O objetivo \u00e9 assegurar propostas que est\u00e3o no programa vitorioso nas elei\u00e7\u00f5es \u2014 disse Dias.<\/p>\n","protected":false},"excerpt":{"rendered":"<p>Para petistas, conte\u00fado encaminhado pelo governo Jair Bolsonaro (PL) para 2023 n\u00e3o \u00e9 vi\u00e1vel para executar todos os programas sociais. Por Gustavo Schmitt e S\u00e9rgio Roxo\/O Globo \u2014 S\u00e3o Paulo Ap\u00f3s a vit\u00f3ria do ex-presidente Lula, o PT montou um grupo de trabalho nesta segunda-feira (31) para fazer uma nova proposta de Or\u00e7amento ao Congresso [&hellip;]<\/p>\n","protected":false},"author":2,"featured_media":69809,"comment_status":"open","ping_status":"open","sticky":false,"template":"","format":"standard","meta":{"_acf_changed":false,"_monsterinsights_skip_tracking":false,"_monsterinsights_sitenote_active":false,"_monsterinsights_sitenote_note":"","_monsterinsights_sitenote_category":0,"_jetpack_memberships_contains_paid_content":false,"footnotes":"","jetpack_publicize_message":"","jetpack_publicize_feature_enabled":true,"jetpack_social_post_already_shared":true,"jetpack_social_options":{"image_generator_settings":{"template":"highway","default_image_id":0,"font":"","enabled":false},"version":2}},"categories":[3],"tags":[],"class_list":["post-69808","post","type-post","status-publish","format-standard","has-post-thumbnail","hentry","category-politica"],"acf":[],"jetpack_publicize_connections":[],"jetpack_featured_media_url":"https:\/\/i0.wp.com\/blogdoeloiltoncajuhy.com.br\/site\/wp-content\/uploads\/2022\/11\/2022-04-08-CongressoNacional.webp?fit=924%2C556&ssl=1","jetpack_sharing_enabled":true,"publishpress_future_workflow_manual_trigger":{"enabledWorkflows":[]},"_links":{"self":[{"href":"https:\/\/blogdoeloiltoncajuhy.com.br\/site\/wp-json\/wp\/v2\/posts\/69808","targetHints":{"allow":["GET"]}}],"collection":[{"href":"https:\/\/blogdoeloiltoncajuhy.com.br\/site\/wp-json\/wp\/v2\/posts"}],"about":[{"href":"https:\/\/blogdoeloiltoncajuhy.com.br\/site\/wp-json\/wp\/v2\/types\/post"}],"author":[{"embeddable":true,"href":"https:\/\/blogdoeloiltoncajuhy.com.br\/site\/wp-json\/wp\/v2\/users\/2"}],"replies":[{"embeddable":true,"href":"https:\/\/blogdoeloiltoncajuhy.com.br\/site\/wp-json\/wp\/v2\/comments?post=69808"}],"version-history":[{"count":1,"href":"https:\/\/blogdoeloiltoncajuhy.com.br\/site\/wp-json\/wp\/v2\/posts\/69808\/revisions"}],"predecessor-version":[{"id":69810,"href":"https:\/\/blogdoeloiltoncajuhy.com.br\/site\/wp-json\/wp\/v2\/posts\/69808\/revisions\/69810"}],"wp:featuredmedia":[{"embeddable":true,"href":"https:\/\/blogdoeloiltoncajuhy.com.br\/site\/wp-json\/wp\/v2\/media\/69809"}],"wp:attachment":[{"href":"https:\/\/blogdoeloiltoncajuhy.com.br\/site\/wp-json\/wp\/v2\/media?parent=69808"}],"wp:term":[{"taxonomy":"category","embeddable":true,"href":"https:\/\/blogdoeloiltoncajuhy.com.br\/site\/wp-json\/wp\/v2\/categories?post=69808"},{"taxonomy":"post_tag","embeddable":true,"href":"https:\/\/blogdoeloiltoncajuhy.com.br\/site\/wp-json\/wp\/v2\/tags?post=69808"}],"curies":[{"name":"wp","href":"https:\/\/api.w.org\/{rel}","templated":true}]}}