{"id":69804,"date":"2022-11-01T07:59:27","date_gmt":"2022-11-01T10:59:27","guid":{"rendered":"http:\/\/blogdoeloiltoncajuhy.com.br\/site\/?p=69804"},"modified":"2022-11-01T07:59:30","modified_gmt":"2022-11-01T10:59:30","slug":"valmir-diz-que-lula-e-jeronimo-serao-parceiros-para-mudar-a-vida-do-povo-pobre-deste-pais","status":"publish","type":"post","link":"https:\/\/blogdoeloiltoncajuhy.com.br\/site\/valmir-diz-que-lula-e-jeronimo-serao-parceiros-para-mudar-a-vida-do-povo-pobre-deste-pais\/","title":{"rendered":"Valmir diz que Lula e Jer\u00f4nimo ser\u00e3o parceiros \u201cpara mudar a vida do povo pobre deste pa\u00eds\u201d"},"content":{"rendered":"\n<p><strong>Blog do Eloilton Cajuhy<\/strong><\/p>\n\n\n\n<figure class=\"wp-block-image aligncenter size-full is-resized\"><a href=\"https:\/\/i0.wp.com\/blogdoeloiltoncajuhy.com.br\/site\/wp-content\/uploads\/2022\/11\/Lula-e-Jeronimo-ao-lado-de-Valmir-Assuncao.jpg\"><img data-recalc-dims=\"1\" fetchpriority=\"high\" decoding=\"async\" src=\"https:\/\/i0.wp.com\/blogdoeloiltoncajuhy.com.br\/site\/wp-content\/uploads\/2022\/11\/Lula-e-Jeronimo-ao-lado-de-Valmir-Assuncao.jpg?resize=732%2C496\" alt=\"\" class=\"wp-image-69805\" width=\"732\" height=\"496\" srcset=\"https:\/\/i0.wp.com\/blogdoeloiltoncajuhy.com.br\/site\/wp-content\/uploads\/2022\/11\/Lula-e-Jeronimo-ao-lado-de-Valmir-Assuncao.jpg?w=976&amp;ssl=1 976w, https:\/\/i0.wp.com\/blogdoeloiltoncajuhy.com.br\/site\/wp-content\/uploads\/2022\/11\/Lula-e-Jeronimo-ao-lado-de-Valmir-Assuncao.jpg?resize=300%2C203&amp;ssl=1 300w, https:\/\/i0.wp.com\/blogdoeloiltoncajuhy.com.br\/site\/wp-content\/uploads\/2022\/11\/Lula-e-Jeronimo-ao-lado-de-Valmir-Assuncao.jpg?resize=768%2C520&amp;ssl=1 768w\" sizes=\"(max-width: 732px) 100vw, 732px\" \/><\/a><figcaption><sub>Valmir Assun\u00e7\u00e3o ao lado de Jer\u00f4nimo e Lula &#8211; Foto: Divulga\u00e7\u00e3o<\/sub><\/figcaption><\/figure>\n\n\n\n<p>\u201cAs vit\u00f3rias de Lula para presidente e Jer\u00f4nimo para governador da Bahia reafirmaram a vontade das ruas por mudan\u00e7a no Brasil e por continuidade no estado do projeto de gest\u00e3o implantado pelo PT h\u00e1 16 anos\u201d. A fala \u00e9 do deputado federal reeleito Valmir Assun\u00e7\u00e3o (PT-BA), que comentou o resultado das elei\u00e7\u00f5es neste domingo (30), ap\u00f3s uma semana intensa de agendas na capital Salvador e em munic\u00edpios de diferentes regi\u00f5es do estado.<\/p>\n\n\n\n<p>De acordo com o parlamentar, o resultado das elei\u00e7\u00f5es \u201creflete o que o povo brasileiro quer: mudan\u00e7a\u201d. Na Bahia, Jer\u00f4nimo foi eleito com mais de 4,3 milh\u00f5es de votos e Lula retoma o posto de presidente com mais de 59 milh\u00f5es de votos.<\/p>\n\n\n\n<p>\u201cLula e Jer\u00f4nimo ser\u00e3o parceiros para mudar a realidade da vida do povo pobre deste pa\u00eds. Vamos continuar com a atua\u00e7\u00e3o na Bahia com ainda mais empenho com Lula na presid\u00eancia. Ser\u00e1 uma parceira fundamental para que o Nordeste volte a ter desenvolvimento e a\u00e7\u00f5es que ajudem as pessoas a conviverem com a seca, a plantarem seus alimentos saud\u00e1veis livres de venenos, al\u00e9m de criar meios para que possamos ampliar a reforma agr\u00e1ria e as pol\u00edticas para as fam\u00edlias que vivem no campo com seguran\u00e7a e fomento\u201d, salienta Valmir, que acompanhou a vota\u00e7\u00e3o do novo governador da Bahia com familiares e correligion\u00e1rios em Salvador.<\/p>\n\n\n\n<figure class=\"wp-block-image aligncenter size-large is-resized\"><a href=\"https:\/\/i0.wp.com\/blogdoeloiltoncajuhy.com.br\/site\/wp-content\/uploads\/2022\/11\/Valmir-com-Jeronimo-e-Geraldinho-apos-o-resultado-das-eleicoes-FOTO-Luciano-Carcara.jpg\"><img data-recalc-dims=\"1\" decoding=\"async\" src=\"https:\/\/i0.wp.com\/blogdoeloiltoncajuhy.com.br\/site\/wp-content\/uploads\/2022\/11\/Valmir-com-Jeronimo-e-Geraldinho-apos-o-resultado-das-eleicoes-FOTO-Luciano-Carcara.jpg?resize=768%2C511\" alt=\"\" class=\"wp-image-69806\" width=\"768\" height=\"511\" srcset=\"https:\/\/i0.wp.com\/blogdoeloiltoncajuhy.com.br\/site\/wp-content\/uploads\/2022\/11\/Valmir-com-Jeronimo-e-Geraldinho-apos-o-resultado-das-eleicoes-FOTO-Luciano-Carcara.jpg?resize=1024%2C681&amp;ssl=1 1024w, https:\/\/i0.wp.com\/blogdoeloiltoncajuhy.com.br\/site\/wp-content\/uploads\/2022\/11\/Valmir-com-Jeronimo-e-Geraldinho-apos-o-resultado-das-eleicoes-FOTO-Luciano-Carcara.jpg?resize=300%2C199&amp;ssl=1 300w, https:\/\/i0.wp.com\/blogdoeloiltoncajuhy.com.br\/site\/wp-content\/uploads\/2022\/11\/Valmir-com-Jeronimo-e-Geraldinho-apos-o-resultado-das-eleicoes-FOTO-Luciano-Carcara.jpg?resize=768%2C511&amp;ssl=1 768w, https:\/\/i0.wp.com\/blogdoeloiltoncajuhy.com.br\/site\/wp-content\/uploads\/2022\/11\/Valmir-com-Jeronimo-e-Geraldinho-apos-o-resultado-das-eleicoes-FOTO-Luciano-Carcara.jpg?w=1080&amp;ssl=1 1080w\" sizes=\"(max-width: 768px) 100vw, 768px\" \/><\/a><figcaption><sub>Valmir com Jer\u00f4nimo e Geraldinho ap\u00f3s o resultado das elei\u00e7\u00f5es &#8211; Foto: Luciano Carcar\u00e1<\/sub><\/figcaption><\/figure>\n\n\n\n<p>Ainda segundo Assun\u00e7\u00e3o, as elei\u00e7\u00f5es foram dif\u00edceis com n\u00famero alto de not\u00edcias falsas e considerou que o PT foi o grande prejudicado nesse processo. O deputado federal afirma tamb\u00e9m que o uso da m\u00e1quina p\u00fablica por Bolsonaro foi acintoso e que isso n\u00e3o pode ficar impune. \u201cUsaram at\u00e9 os policiais rodovi\u00e1rios federais para tentar barrar os eleitores de votar neste domingo no Nordeste. Em mais um ato de desespero, porque sabia que n\u00e3o tinha como vencer Lula na regi\u00e3o. Vamos acompanhar essa investiga\u00e7\u00e3o. Nosso mandato recebeu in\u00fameras den\u00fancias e vamos formalizar todas. O importante \u00e9 que nada disso adiantou, Lula \u00e9 presidente e Jer\u00f4nimo \u00e9 governador\u201d, completa.<\/p>\n\n\n\n<p class=\"has-black-color has-text-color\"><strong>Ascom do deputado Valmir Assun\u00e7\u00e3o<\/strong><\/p>\n","protected":false},"excerpt":{"rendered":"<p>Blog do Eloilton Cajuhy \u201cAs vit\u00f3rias de Lula para presidente e Jer\u00f4nimo para governador da Bahia reafirmaram a vontade das ruas por mudan\u00e7a no Brasil e por continuidade no estado do projeto de gest\u00e3o implantado pelo PT h\u00e1 16 anos\u201d. A fala \u00e9 do deputado federal reeleito Valmir Assun\u00e7\u00e3o (PT-BA), que comentou o resultado das [&hellip;]<\/p>\n","protected":false},"author":2,"featured_media":69806,"comment_status":"open","ping_status":"open","sticky":false,"template":"","format":"standard","meta":{"_acf_changed":false,"_monsterinsights_skip_tracking":false,"_monsterinsights_sitenote_active":false,"_monsterinsights_sitenote_note":"","_monsterinsights_sitenote_category":0,"_jetpack_memberships_contains_paid_content":false,"footnotes":"","jetpack_publicize_message":"","jetpack_publicize_feature_enabled":true,"jetpack_social_post_already_shared":true,"jetpack_social_options":{"image_generator_settings":{"template":"highway","default_image_id":0,"font":"","enabled":false},"version":2}},"categories":[3],"tags":[],"class_list":["post-69804","post","type-post","status-publish","format-standard","has-post-thumbnail","hentry","category-politica"],"acf":[],"jetpack_publicize_connections":[],"jetpack_featured_media_url":"https:\/\/i0.wp.com\/blogdoeloiltoncajuhy.com.br\/site\/wp-content\/uploads\/2022\/11\/Valmir-com-Jeronimo-e-Geraldinho-apos-o-resultado-das-eleicoes-FOTO-Luciano-Carcara.jpg?fit=1080%2C718&ssl=1","jetpack_sharing_enabled":true,"publishpress_future_workflow_manual_trigger":{"enabledWorkflows":[]},"_links":{"self":[{"href":"https:\/\/blogdoeloiltoncajuhy.com.br\/site\/wp-json\/wp\/v2\/posts\/69804","targetHints":{"allow":["GET"]}}],"collection":[{"href":"https:\/\/blogdoeloiltoncajuhy.com.br\/site\/wp-json\/wp\/v2\/posts"}],"about":[{"href":"https:\/\/blogdoeloiltoncajuhy.com.br\/site\/wp-json\/wp\/v2\/types\/post"}],"author":[{"embeddable":true,"href":"https:\/\/blogdoeloiltoncajuhy.com.br\/site\/wp-json\/wp\/v2\/users\/2"}],"replies":[{"embeddable":true,"href":"https:\/\/blogdoeloiltoncajuhy.com.br\/site\/wp-json\/wp\/v2\/comments?post=69804"}],"version-history":[{"count":1,"href":"https:\/\/blogdoeloiltoncajuhy.com.br\/site\/wp-json\/wp\/v2\/posts\/69804\/revisions"}],"predecessor-version":[{"id":69807,"href":"https:\/\/blogdoeloiltoncajuhy.com.br\/site\/wp-json\/wp\/v2\/posts\/69804\/revisions\/69807"}],"wp:featuredmedia":[{"embeddable":true,"href":"https:\/\/blogdoeloiltoncajuhy.com.br\/site\/wp-json\/wp\/v2\/media\/69806"}],"wp:attachment":[{"href":"https:\/\/blogdoeloiltoncajuhy.com.br\/site\/wp-json\/wp\/v2\/media?parent=69804"}],"wp:term":[{"taxonomy":"category","embeddable":true,"href":"https:\/\/blogdoeloiltoncajuhy.com.br\/site\/wp-json\/wp\/v2\/categories?post=69804"},{"taxonomy":"post_tag","embeddable":true,"href":"https:\/\/blogdoeloiltoncajuhy.com.br\/site\/wp-json\/wp\/v2\/tags?post=69804"}],"curies":[{"name":"wp","href":"https:\/\/api.w.org\/{rel}","templated":true}]}}