{"id":69796,"date":"2022-11-01T00:15:00","date_gmt":"2022-11-01T03:15:00","guid":{"rendered":"http:\/\/blogdoeloiltoncajuhy.com.br\/site\/?p=69796"},"modified":"2022-10-31T19:20:20","modified_gmt":"2022-10-31T22:20:20","slug":"1o-de-novembro-dia-de-todos-os-santos","status":"publish","type":"post","link":"https:\/\/blogdoeloiltoncajuhy.com.br\/site\/1o-de-novembro-dia-de-todos-os-santos\/","title":{"rendered":"1\u00ba de novembro &#8211; Dia de Todos os Santos"},"content":{"rendered":"\n<p><strong>Blog do Eloilton Cajuhy<\/strong><\/p>\n\n\n\n<figure class=\"wp-block-image aligncenter size-full is-resized\"><a href=\"https:\/\/i0.wp.com\/blogdoeloiltoncajuhy.com.br\/site\/wp-content\/uploads\/2022\/10\/Todos-os-Santos.jpg\"><img data-recalc-dims=\"1\" fetchpriority=\"high\" decoding=\"async\" src=\"https:\/\/i0.wp.com\/blogdoeloiltoncajuhy.com.br\/site\/wp-content\/uploads\/2022\/10\/Todos-os-Santos.jpg?resize=768%2C432\" alt=\"\" class=\"wp-image-69797\" width=\"768\" height=\"432\" srcset=\"https:\/\/i0.wp.com\/blogdoeloiltoncajuhy.com.br\/site\/wp-content\/uploads\/2022\/10\/Todos-os-Santos.jpg?w=1024&amp;ssl=1 1024w, https:\/\/i0.wp.com\/blogdoeloiltoncajuhy.com.br\/site\/wp-content\/uploads\/2022\/10\/Todos-os-Santos.jpg?resize=300%2C169&amp;ssl=1 300w, https:\/\/i0.wp.com\/blogdoeloiltoncajuhy.com.br\/site\/wp-content\/uploads\/2022\/10\/Todos-os-Santos.jpg?resize=768%2C432&amp;ssl=1 768w\" sizes=\"(max-width: 768px) 100vw, 768px\" \/><\/a><\/figure>\n\n\n\n<p>De acordo com o <strong><em>Calendarr<\/em><\/strong>, esta data \u00e9 dedicada \u00e0 celebra\u00e7\u00e3o e homenagem de todos os santos e m\u00e1rtires das igrejas crist\u00e3s, garantindo que aqueles que n\u00e3o t\u00eam uma data pr\u00f3pria de festejo n\u00e3o sejam esquecidos.<\/p>\n\n\n\n<p>Ao longo do ano, todos os dias h\u00e1 a comemora\u00e7\u00e3o de um santo. Por exemplo, 4 de outubro \u00e9 o Dia de Francisco de Assis, 28 de outubro \u00e9 o Dia de S\u00e3o Judas Tadeu, mas h\u00e1 muitos santos que n\u00e3o s\u00e3o conhecidos.<\/p>\n\n\n\n<p>Assim, o dia 1\u00ba de novembro serve para homenagear esses santos. Santos s\u00e3o pessoas que praticaram o bem, que dedicaram a sua vida pelos outros e, por isso, a Igreja acredita que estejam junto de Deus.<\/p>\n\n\n\n<p>A celebra\u00e7\u00e3o \u00e9 reconhecida por v\u00e1rias denomina\u00e7\u00f5es crist\u00e3s, como cat\u00f3licos romanos, ortodoxos, anglicanos e luteranos.<\/p>\n\n\n\n<p class=\"has-black-color has-text-color has-medium-font-size\"><strong>Origem do Dia de Todos os Santos<\/strong><\/p>\n\n\n\n<p>A ideia de homenagear todos os santos teria come\u00e7ado por volta do s\u00e9culo IV, na Antioquia, quando se recordavam os santos m\u00e1rtires no primeiro domingo ap\u00f3s Pentecostes. Nos primeiros anos da Igreja Cat\u00f3lica, estima-se que mais de seis mil santos e beatos foram mortos pelos romanos.<\/p>\n\n\n\n<p>Mais tarde, no ano 835 d.C, o papa Greg\u00f3rio IV decidiu dedicar o dia 1\u00ba de novembro a todos aqueles que tiveram uma vida santa, mas n\u00e3o foram lembrados ao longo do ano, ou mesmo n\u00e3o foram reconhecidos como santos oficialmente pela Igreja.<\/p>\n\n\n\n<p>De acordo com as tradi\u00e7\u00f5es da Igreja Cat\u00f3lica, ap\u00f3s a celebra\u00e7\u00e3o da Festa de Todos os Santos (<em>Festum Omnium Sanctorum<\/em>, em latim) em 1\u00ba de novembro, celebra-se o Dia de Finados, em 2 de novembro.<\/p>\n\n\n\n<p class=\"has-black-color has-text-color has-medium-font-size\"><strong>Ora\u00e7\u00e3o do Dia de Todos os Santos<\/strong><\/p>\n\n\n\n<p><em>\u201cQuerido Pai,<\/em><\/p>\n\n\n\n<p><em>Voc\u00ea tem dado aos santos do c\u00e9u a felicidade eterna que vivem agora na plenitude de Sua gl\u00f3ria. Devido ao Seu santo amor, eles tamb\u00e9m se preocupam comigo e minha fam\u00edlia, meus amigos, minha igreja, meus vizinhos.<\/em><\/p>\n\n\n\n<p><em>Obrigado pelo dom da sua amizade e do testemunho de uma vida santa.<\/em><\/p>\n\n\n\n<p><em>Eu pe\u00e7o aos nossos santos padroeiros e todos os santos que se tornaram particularmente queridos para mim, a intercess\u00e3o por n\u00f3s. Pe\u00e7o-lhes que nos ajude a caminhar com seguran\u00e7a no caminho estreito que conduz ao c\u00e9u.<\/em><\/p>\n\n\n\n<p><em>Oh Senhor, dai-nos a sua prote\u00e7\u00e3o. Dai-nos a sua assist\u00eancia para vencer a tenta\u00e7\u00e3o, ganhando a plenitude da vida.<\/em><\/p>\n\n\n\n<p><em>Am\u00e9m!\u201d<\/em><\/p>\n","protected":false},"excerpt":{"rendered":"<p>Blog do Eloilton Cajuhy De acordo com o Calendarr, esta data \u00e9 dedicada \u00e0 celebra\u00e7\u00e3o e homenagem de todos os santos e m\u00e1rtires das igrejas crist\u00e3s, garantindo que aqueles que n\u00e3o t\u00eam uma data pr\u00f3pria de festejo n\u00e3o sejam esquecidos. Ao longo do ano, todos os dias h\u00e1 a comemora\u00e7\u00e3o de um santo. Por exemplo, [&hellip;]<\/p>\n","protected":false},"author":2,"featured_media":69798,"comment_status":"open","ping_status":"open","sticky":false,"template":"","format":"standard","meta":{"_acf_changed":false,"_monsterinsights_skip_tracking":false,"_monsterinsights_sitenote_active":false,"_monsterinsights_sitenote_note":"","_monsterinsights_sitenote_category":0,"_jetpack_memberships_contains_paid_content":false,"footnotes":"","jetpack_publicize_message":"","jetpack_publicize_feature_enabled":true,"jetpack_social_post_already_shared":true,"jetpack_social_options":{"image_generator_settings":{"template":"highway","default_image_id":0,"font":"","enabled":false},"version":2}},"categories":[5],"tags":[],"class_list":["post-69796","post","type-post","status-publish","format-standard","has-post-thumbnail","hentry","category-cotidiano"],"acf":[],"jetpack_publicize_connections":[],"jetpack_featured_media_url":"https:\/\/i0.wp.com\/blogdoeloiltoncajuhy.com.br\/site\/wp-content\/uploads\/2022\/10\/Todos-os-Santos-2.jpg?fit=1600%2C1198&ssl=1","jetpack_sharing_enabled":true,"publishpress_future_workflow_manual_trigger":{"enabledWorkflows":[]},"_links":{"self":[{"href":"https:\/\/blogdoeloiltoncajuhy.com.br\/site\/wp-json\/wp\/v2\/posts\/69796","targetHints":{"allow":["GET"]}}],"collection":[{"href":"https:\/\/blogdoeloiltoncajuhy.com.br\/site\/wp-json\/wp\/v2\/posts"}],"about":[{"href":"https:\/\/blogdoeloiltoncajuhy.com.br\/site\/wp-json\/wp\/v2\/types\/post"}],"author":[{"embeddable":true,"href":"https:\/\/blogdoeloiltoncajuhy.com.br\/site\/wp-json\/wp\/v2\/users\/2"}],"replies":[{"embeddable":true,"href":"https:\/\/blogdoeloiltoncajuhy.com.br\/site\/wp-json\/wp\/v2\/comments?post=69796"}],"version-history":[{"count":1,"href":"https:\/\/blogdoeloiltoncajuhy.com.br\/site\/wp-json\/wp\/v2\/posts\/69796\/revisions"}],"predecessor-version":[{"id":69799,"href":"https:\/\/blogdoeloiltoncajuhy.com.br\/site\/wp-json\/wp\/v2\/posts\/69796\/revisions\/69799"}],"wp:featuredmedia":[{"embeddable":true,"href":"https:\/\/blogdoeloiltoncajuhy.com.br\/site\/wp-json\/wp\/v2\/media\/69798"}],"wp:attachment":[{"href":"https:\/\/blogdoeloiltoncajuhy.com.br\/site\/wp-json\/wp\/v2\/media?parent=69796"}],"wp:term":[{"taxonomy":"category","embeddable":true,"href":"https:\/\/blogdoeloiltoncajuhy.com.br\/site\/wp-json\/wp\/v2\/categories?post=69796"},{"taxonomy":"post_tag","embeddable":true,"href":"https:\/\/blogdoeloiltoncajuhy.com.br\/site\/wp-json\/wp\/v2\/tags?post=69796"}],"curies":[{"name":"wp","href":"https:\/\/api.w.org\/{rel}","templated":true}]}}