{"id":69734,"date":"2022-10-28T15:00:00","date_gmt":"2022-10-28T18:00:00","guid":{"rendered":"http:\/\/blogdoeloiltoncajuhy.com.br\/site\/?p=69734"},"modified":"2022-10-28T12:03:31","modified_gmt":"2022-10-28T15:03:31","slug":"a-pandemia-de-covid-19-acabou-veja-o-que-dizem-especialistas-e-a-oms","status":"publish","type":"post","link":"https:\/\/blogdoeloiltoncajuhy.com.br\/site\/a-pandemia-de-covid-19-acabou-veja-o-que-dizem-especialistas-e-a-oms\/","title":{"rendered":"A pandemia de covid-19 acabou? Veja o que dizem especialistas e a OMS"},"content":{"rendered":"\n<p><strong>Por Estad\u00e3o<\/strong><\/p>\n\n\n\n<figure class=\"wp-block-image aligncenter size-full is-resized\"><a href=\"https:\/\/i0.wp.com\/blogdoeloiltoncajuhy.com.br\/site\/wp-content\/uploads\/2022\/08\/Coronavirus_Leito_Boletim-06082022.jpg\"><img data-recalc-dims=\"1\" fetchpriority=\"high\" decoding=\"async\" src=\"https:\/\/i0.wp.com\/blogdoeloiltoncajuhy.com.br\/site\/wp-content\/uploads\/2022\/08\/Coronavirus_Leito_Boletim-06082022.jpg?resize=674%2C450\" alt=\"\" class=\"wp-image-67263\" width=\"674\" height=\"450\" srcset=\"https:\/\/i0.wp.com\/blogdoeloiltoncajuhy.com.br\/site\/wp-content\/uploads\/2022\/08\/Coronavirus_Leito_Boletim-06082022.jpg?w=899&amp;ssl=1 899w, https:\/\/i0.wp.com\/blogdoeloiltoncajuhy.com.br\/site\/wp-content\/uploads\/2022\/08\/Coronavirus_Leito_Boletim-06082022.jpg?resize=300%2C200&amp;ssl=1 300w, https:\/\/i0.wp.com\/blogdoeloiltoncajuhy.com.br\/site\/wp-content\/uploads\/2022\/08\/Coronavirus_Leito_Boletim-06082022.jpg?resize=768%2C513&amp;ssl=1 768w\" sizes=\"(max-width: 674px) 100vw, 674px\" \/><\/a><\/figure>\n\n\n\n<p>Cerca de dois ter\u00e7os da popula\u00e7\u00e3o mundial receberam ao menos a 1\u00aa dose de uma das vacinas contra a covid-19, mas a desigualdade entre as taxas de vacina\u00e7\u00e3o em diferentes lugares foi um dos fatores considerados pela Organiza\u00e7\u00e3o Mundial da Sa\u00fade (OMS) para manter o status de emerg\u00eancia sanit\u00e1ria internacional para a pandemia da doen\u00e7a no \u00faltimo dia 19 de outubro.<\/p>\n\n\n\n<p>\u201cEmbora seja \u00f3bvio que a situa\u00e7\u00e3o global melhorou desde que a pandemia come\u00e7ou, o v\u00edrus continua a sofrer muta\u00e7\u00f5es e a incerteza e muitos riscos permanecem\u201d, disse o diretor-geral da OMS, Tedros Adhanom Ghebreyesus. No total, o mundo teve 6,1 milh\u00f5es de mortes e quase 630 milh\u00f5es de infec\u00e7\u00f5es registradas &#8211; especialistas apontam, por\u00e9m que houve alta subnotifica\u00e7\u00e3o em grande parte dos pa\u00edses.<\/p>\n\n\n\n<p>O presidente do Comit\u00ea de Emerg\u00eancias da OMS, o cirurgi\u00e3o Didier Houssin, relatou que, desde o come\u00e7o da pandemia, foi a primeira vez que o grupo considerou revogar a declara\u00e7\u00e3o de emerg\u00eancia internacional. Pesaram incertezas como as chances de evolu\u00e7\u00e3o do v\u00edrus, que pode sofrer muta\u00e7\u00f5es e escapar da imunidade conferida pelas vacinas, e a dificuldade de calcular o impacto cl\u00ednico de futuras variantes sobre os sistemas nacionais de sa\u00fade e complica\u00e7\u00f5es da doen\u00e7a.<\/p>\n\n\n\n<p>Para Carlos Magno Fortaleza, infectologista e professor da Universidade Estadual Paulista (Unesp), o cuidado adicional \u00e9 justificado. \u201cA Organiza\u00e7\u00e3o Mundial da Sa\u00fade tem uma no\u00e7\u00e3o muito clara da desmobiliza\u00e7\u00e3o de a\u00e7\u00f5es em rela\u00e7\u00e3o \u00e0 covid que vai ocorrer no momento em que ela declarar que a pandemia est\u00e1 terminada; um efeito domin\u00f3 de desmonte de redes laboratoriais de diagn\u00f3stico, fechamento de leitos para interna\u00e7\u00e3o e redu\u00e7\u00e3o na vigil\u00e2ncia da ocorr\u00eancia de novos casos\u201d, avalia.<\/p>\n\n\n\n<p class=\"has-black-color has-text-color has-medium-font-size\"><strong>Cen\u00e1rio atual<\/strong><\/p>\n\n\n\n<figure class=\"wp-block-image aligncenter size-full\"><a href=\"https:\/\/i0.wp.com\/blogdoeloiltoncajuhy.com.br\/site\/wp-content\/uploads\/2022\/04\/Corona_Vacina_18042022.png\"><img data-recalc-dims=\"1\" decoding=\"async\" width=\"800\" height=\"413\" src=\"https:\/\/i0.wp.com\/blogdoeloiltoncajuhy.com.br\/site\/wp-content\/uploads\/2022\/04\/Corona_Vacina_18042022.png?resize=800%2C413\" alt=\"\" class=\"wp-image-64300\" srcset=\"https:\/\/i0.wp.com\/blogdoeloiltoncajuhy.com.br\/site\/wp-content\/uploads\/2022\/04\/Corona_Vacina_18042022.png?w=812&amp;ssl=1 812w, https:\/\/i0.wp.com\/blogdoeloiltoncajuhy.com.br\/site\/wp-content\/uploads\/2022\/04\/Corona_Vacina_18042022.png?resize=300%2C155&amp;ssl=1 300w, https:\/\/i0.wp.com\/blogdoeloiltoncajuhy.com.br\/site\/wp-content\/uploads\/2022\/04\/Corona_Vacina_18042022.png?resize=768%2C396&amp;ssl=1 768w\" sizes=\"(max-width: 800px) 100vw, 800px\" \/><\/a><\/figure>\n\n\n\n<p>A chegada das vacinas colocou o mundo em uma posi\u00e7\u00e3o mais pr\u00f3xima do fim da amea\u00e7a sanit\u00e1ria apresentada pela covid-19. Ainda assim, segundo dados reunidos pela Rede An\u00e1lise Covid-19, cerca de 30% da popula\u00e7\u00e3o mundial est\u00e1 protegida com a dose de refor\u00e7o aplicada ap\u00f3s as duas primeiras doses do imunizante. Mas essa cobertura vacinal \u00e9 discrepante \u2013 no continente africano, por exemplo, a dose de refor\u00e7o foi aplicada em menos de 5% dos habitantes.<\/p>\n\n\n\n<p>Al\u00e9m das chances de que um grande n\u00famero de pessoas n\u00e3o imunizadas aumente as possibilidades do surgimento de uma variante resistente \u00e0 imunidade adquirida gra\u00e7as \u00e0s vacinas dispon\u00edveis, o comportamento imprevis\u00edvel do v\u00edrus tamb\u00e9m preocupa especialistas. Como apontam levantamentos como o Boletim InfoGripe da Fiocruz, o SARS-CoV-2 ainda n\u00e3o apresenta um padr\u00e3o claro de sazonalidade \u2013 ao contr\u00e1rio de outras infec\u00e7\u00f5es respirat\u00f3rias.<\/p>\n\n\n\n<p>\u201cObviamente, est\u00e1 melhor que antes porque tem as vacinas, mas quando comparada com outras doen\u00e7as que tamb\u00e9m t\u00eam vacinas para prevenir \u00f3bitos e reduzir interna\u00e7\u00f5es (como gripe e sarampo) e comparada com ela mesma nos \u00faltimos seis meses, a covid-19 ainda est\u00e1 forte em bastante pa\u00edses\u201d, pontua Isaac Schrarstzhaupt, pesquisador e coordenador da Rede An\u00e1lise Covid-19.<\/p>\n\n\n\n<p>Nos \u00faltimos 50 dias, os pa\u00edses da Uni\u00e3o Europeia vivem o crescimento das m\u00e9dias m\u00f3veis que mostram o aumento de \u00f3bitos e de novos casos da doen\u00e7a. No dia 9 de outubro, a m\u00e9dia m\u00f3vel de sete dias da taxa de crescimento de novos casos no bloco era de 40,53%; no dia 20, encontrava-se em 67,87%.<\/p>\n","protected":false},"excerpt":{"rendered":"<p>Por Estad\u00e3o Cerca de dois ter\u00e7os da popula\u00e7\u00e3o mundial receberam ao menos a 1\u00aa dose de uma das vacinas contra a covid-19, mas a desigualdade entre as taxas de vacina\u00e7\u00e3o em diferentes lugares foi um dos fatores considerados pela Organiza\u00e7\u00e3o Mundial da Sa\u00fade (OMS) para manter o status de emerg\u00eancia sanit\u00e1ria internacional para a pandemia [&hellip;]<\/p>\n","protected":false},"author":2,"featured_media":57414,"comment_status":"open","ping_status":"open","sticky":false,"template":"","format":"standard","meta":{"_acf_changed":false,"_monsterinsights_skip_tracking":false,"_monsterinsights_sitenote_active":false,"_monsterinsights_sitenote_note":"","_monsterinsights_sitenote_category":0,"_jetpack_memberships_contains_paid_content":false,"footnotes":"","jetpack_publicize_message":"","jetpack_publicize_feature_enabled":true,"jetpack_social_post_already_shared":true,"jetpack_social_options":{"image_generator_settings":{"template":"highway","default_image_id":0,"font":"","enabled":false},"version":2}},"categories":[7],"tags":[],"class_list":["post-69734","post","type-post","status-publish","format-standard","has-post-thumbnail","hentry","category-saude"],"acf":[],"jetpack_publicize_connections":[],"jetpack_featured_media_url":"https:\/\/i0.wp.com\/blogdoeloiltoncajuhy.com.br\/site\/wp-content\/uploads\/2021\/06\/corona-22062021-02.jpg?fit=512%2C256&ssl=1","jetpack_sharing_enabled":true,"publishpress_future_workflow_manual_trigger":{"enabledWorkflows":[]},"_links":{"self":[{"href":"https:\/\/blogdoeloiltoncajuhy.com.br\/site\/wp-json\/wp\/v2\/posts\/69734","targetHints":{"allow":["GET"]}}],"collection":[{"href":"https:\/\/blogdoeloiltoncajuhy.com.br\/site\/wp-json\/wp\/v2\/posts"}],"about":[{"href":"https:\/\/blogdoeloiltoncajuhy.com.br\/site\/wp-json\/wp\/v2\/types\/post"}],"author":[{"embeddable":true,"href":"https:\/\/blogdoeloiltoncajuhy.com.br\/site\/wp-json\/wp\/v2\/users\/2"}],"replies":[{"embeddable":true,"href":"https:\/\/blogdoeloiltoncajuhy.com.br\/site\/wp-json\/wp\/v2\/comments?post=69734"}],"version-history":[{"count":1,"href":"https:\/\/blogdoeloiltoncajuhy.com.br\/site\/wp-json\/wp\/v2\/posts\/69734\/revisions"}],"predecessor-version":[{"id":69735,"href":"https:\/\/blogdoeloiltoncajuhy.com.br\/site\/wp-json\/wp\/v2\/posts\/69734\/revisions\/69735"}],"wp:featuredmedia":[{"embeddable":true,"href":"https:\/\/blogdoeloiltoncajuhy.com.br\/site\/wp-json\/wp\/v2\/media\/57414"}],"wp:attachment":[{"href":"https:\/\/blogdoeloiltoncajuhy.com.br\/site\/wp-json\/wp\/v2\/media?parent=69734"}],"wp:term":[{"taxonomy":"category","embeddable":true,"href":"https:\/\/blogdoeloiltoncajuhy.com.br\/site\/wp-json\/wp\/v2\/categories?post=69734"},{"taxonomy":"post_tag","embeddable":true,"href":"https:\/\/blogdoeloiltoncajuhy.com.br\/site\/wp-json\/wp\/v2\/tags?post=69734"}],"curies":[{"name":"wp","href":"https:\/\/api.w.org\/{rel}","templated":true}]}}