{"id":69731,"date":"2022-10-28T10:45:27","date_gmt":"2022-10-28T13:45:27","guid":{"rendered":"http:\/\/blogdoeloiltoncajuhy.com.br\/site\/?p=69731"},"modified":"2022-10-28T10:45:30","modified_gmt":"2022-10-28T13:45:30","slug":"rui-anuncia-que-a-bahia-tera-tres-novas-fabricas-de-automoveis-de-comercializacao-mundial","status":"publish","type":"post","link":"https:\/\/blogdoeloiltoncajuhy.com.br\/site\/rui-anuncia-que-a-bahia-tera-tres-novas-fabricas-de-automoveis-de-comercializacao-mundial\/","title":{"rendered":"Rui anuncia que a Bahia ter\u00e1 tr\u00eas novas f\u00e1bricas de autom\u00f3veis de comercializa\u00e7\u00e3o mundial"},"content":{"rendered":"\n<figure class=\"wp-block-image aligncenter size-large is-resized\"><a href=\"https:\/\/i0.wp.com\/blogdoeloiltoncajuhy.com.br\/site\/wp-content\/uploads\/2022\/10\/Industria-automobilistica.jpg\"><img data-recalc-dims=\"1\" fetchpriority=\"high\" decoding=\"async\" src=\"https:\/\/i0.wp.com\/blogdoeloiltoncajuhy.com.br\/site\/wp-content\/uploads\/2022\/10\/Industria-automobilistica.jpg?resize=686%2C429\" alt=\"\" class=\"wp-image-69732\" width=\"686\" height=\"429\" srcset=\"https:\/\/i0.wp.com\/blogdoeloiltoncajuhy.com.br\/site\/wp-content\/uploads\/2022\/10\/Industria-automobilistica.jpg?resize=1024%2C640&amp;ssl=1 1024w, https:\/\/i0.wp.com\/blogdoeloiltoncajuhy.com.br\/site\/wp-content\/uploads\/2022\/10\/Industria-automobilistica.jpg?resize=300%2C188&amp;ssl=1 300w, https:\/\/i0.wp.com\/blogdoeloiltoncajuhy.com.br\/site\/wp-content\/uploads\/2022\/10\/Industria-automobilistica.jpg?resize=768%2C480&amp;ssl=1 768w, https:\/\/i0.wp.com\/blogdoeloiltoncajuhy.com.br\/site\/wp-content\/uploads\/2022\/10\/Industria-automobilistica.jpg?w=1080&amp;ssl=1 1080w\" sizes=\"(max-width: 686px) 100vw, 686px\" \/><\/a><\/figure>\n\n\n\n<p>A fabricante de carros el\u00e9tricos BYD assinou, nesta quinta-feira (27), um protocolo de inten\u00e7\u00f5es com o governo do estado para instalar tr\u00eas f\u00e1bricas na Bahia. A empresa ir\u00e1 investir R$ 3 bilh\u00f5es nas unidades e a expectativa \u00e9 gerar 1.200 empregos diretos durante o per\u00edodo de implanta\u00e7\u00e3o.<\/p>\n\n\n\n<p>O acordo foi assinado pelo governador Rui Costa e os secret\u00e1rios estaduais de Desenvolvimento Econ\u00f4mico, Jos\u00e9 Nunes Soares, e da Fazenda, Manoel Vit\u00f3rio, e pelo diretor presidente da BYD do Brasil, Tie Li.<\/p>\n\n\n\n<p>As unidades v\u00e3o produzir chassis de \u00f4nibus e caminh\u00f5es el\u00e9tricos e ve\u00edculos de passeio el\u00e9tricos e h\u00edbridos, al\u00e9m de processar l\u00edtio e ferro fosfato. De acordo com o cronograma, todas as unidades come\u00e7am a ser implantadas em junho de 2023, sendo que duas delas devem estar conclu\u00eddas em setembro de 2024, com in\u00edcio da opera\u00e7\u00e3o em outubro. A terceira tem conclus\u00e3o prevista para dezembro do mesmo ano, com in\u00edcio de opera\u00e7\u00e3o em janeiro de 2025.<\/p>\n","protected":false},"excerpt":{"rendered":"<p>A fabricante de carros el\u00e9tricos BYD assinou, nesta quinta-feira (27), um protocolo de inten\u00e7\u00f5es com o governo do estado para instalar tr\u00eas f\u00e1bricas na Bahia. A empresa ir\u00e1 investir R$ 3 bilh\u00f5es nas unidades e a expectativa \u00e9 gerar 1.200 empregos diretos durante o per\u00edodo de implanta\u00e7\u00e3o. O acordo foi assinado pelo governador Rui Costa [&hellip;]<\/p>\n","protected":false},"author":2,"featured_media":69732,"comment_status":"open","ping_status":"open","sticky":false,"template":"","format":"standard","meta":{"_acf_changed":false,"_monsterinsights_skip_tracking":false,"_monsterinsights_sitenote_active":false,"_monsterinsights_sitenote_note":"","_monsterinsights_sitenote_category":0,"_jetpack_memberships_contains_paid_content":false,"footnotes":"","jetpack_publicize_message":"","jetpack_publicize_feature_enabled":true,"jetpack_social_post_already_shared":true,"jetpack_social_options":{"image_generator_settings":{"template":"highway","default_image_id":0,"font":"","enabled":false},"version":2}},"categories":[1],"tags":[],"class_list":["post-69731","post","type-post","status-publish","format-standard","has-post-thumbnail","hentry","category-noticias"],"acf":[],"jetpack_publicize_connections":[],"jetpack_featured_media_url":"https:\/\/i0.wp.com\/blogdoeloiltoncajuhy.com.br\/site\/wp-content\/uploads\/2022\/10\/Industria-automobilistica.jpg?fit=1080%2C675&ssl=1","jetpack_sharing_enabled":true,"publishpress_future_workflow_manual_trigger":{"enabledWorkflows":[]},"_links":{"self":[{"href":"https:\/\/blogdoeloiltoncajuhy.com.br\/site\/wp-json\/wp\/v2\/posts\/69731","targetHints":{"allow":["GET"]}}],"collection":[{"href":"https:\/\/blogdoeloiltoncajuhy.com.br\/site\/wp-json\/wp\/v2\/posts"}],"about":[{"href":"https:\/\/blogdoeloiltoncajuhy.com.br\/site\/wp-json\/wp\/v2\/types\/post"}],"author":[{"embeddable":true,"href":"https:\/\/blogdoeloiltoncajuhy.com.br\/site\/wp-json\/wp\/v2\/users\/2"}],"replies":[{"embeddable":true,"href":"https:\/\/blogdoeloiltoncajuhy.com.br\/site\/wp-json\/wp\/v2\/comments?post=69731"}],"version-history":[{"count":1,"href":"https:\/\/blogdoeloiltoncajuhy.com.br\/site\/wp-json\/wp\/v2\/posts\/69731\/revisions"}],"predecessor-version":[{"id":69733,"href":"https:\/\/blogdoeloiltoncajuhy.com.br\/site\/wp-json\/wp\/v2\/posts\/69731\/revisions\/69733"}],"wp:featuredmedia":[{"embeddable":true,"href":"https:\/\/blogdoeloiltoncajuhy.com.br\/site\/wp-json\/wp\/v2\/media\/69732"}],"wp:attachment":[{"href":"https:\/\/blogdoeloiltoncajuhy.com.br\/site\/wp-json\/wp\/v2\/media?parent=69731"}],"wp:term":[{"taxonomy":"category","embeddable":true,"href":"https:\/\/blogdoeloiltoncajuhy.com.br\/site\/wp-json\/wp\/v2\/categories?post=69731"},{"taxonomy":"post_tag","embeddable":true,"href":"https:\/\/blogdoeloiltoncajuhy.com.br\/site\/wp-json\/wp\/v2\/tags?post=69731"}],"curies":[{"name":"wp","href":"https:\/\/api.w.org\/{rel}","templated":true}]}}