{"id":69729,"date":"2022-10-28T10:36:44","date_gmt":"2022-10-28T13:36:44","guid":{"rendered":"http:\/\/blogdoeloiltoncajuhy.com.br\/site\/?p=69729"},"modified":"2022-10-28T10:36:47","modified_gmt":"2022-10-28T13:36:47","slug":"camara-municipal-de-itiuba-anuncia-10-vagas-em-concurso-publico","status":"publish","type":"post","link":"https:\/\/blogdoeloiltoncajuhy.com.br\/site\/camara-municipal-de-itiuba-anuncia-10-vagas-em-concurso-publico\/","title":{"rendered":"C\u00e2mara Municipal de Iti\u00faba anuncia 10 vagas em Concurso P\u00fablico"},"content":{"rendered":"\n<p class=\"has-text-align-center has-medium-font-size\"><em>A oportunidade \u00e9 para candidatos com ensino fundamental e m\u00e9dio; confira os detalhes.<\/em><\/p>\n\n\n\n<p><strong>Por Ana Luiza Nogueira\/PCI Concursos<\/strong><\/p>\n\n\n\n<figure class=\"wp-block-image aligncenter size-full is-resized\"><a href=\"https:\/\/i0.wp.com\/blogdoeloiltoncajuhy.com.br\/site\/wp-content\/uploads\/2019\/06\/concursos_jun2019.jpeg\"><img data-recalc-dims=\"1\" fetchpriority=\"high\" decoding=\"async\" src=\"https:\/\/i0.wp.com\/blogdoeloiltoncajuhy.com.br\/site\/wp-content\/uploads\/2019\/06\/concursos_jun2019.jpeg?resize=588%2C385\" alt=\"\" class=\"wp-image-34896\" width=\"588\" height=\"385\" srcset=\"https:\/\/i0.wp.com\/blogdoeloiltoncajuhy.com.br\/site\/wp-content\/uploads\/2019\/06\/concursos_jun2019.jpeg?w=984&amp;ssl=1 984w, https:\/\/i0.wp.com\/blogdoeloiltoncajuhy.com.br\/site\/wp-content\/uploads\/2019\/06\/concursos_jun2019.jpeg?resize=300%2C196&amp;ssl=1 300w, https:\/\/i0.wp.com\/blogdoeloiltoncajuhy.com.br\/site\/wp-content\/uploads\/2019\/06\/concursos_jun2019.jpeg?resize=768%2C502&amp;ssl=1 768w, https:\/\/i0.wp.com\/blogdoeloiltoncajuhy.com.br\/site\/wp-content\/uploads\/2019\/06\/concursos_jun2019.jpeg?resize=250%2C163&amp;ssl=1 250w\" sizes=\"(max-width: 588px) 100vw, 588px\" \/><\/a><\/figure>\n\n\n\n<p>No estado da Bahia, a C\u00e2mara Municipal de Iti\u00faba anunciou a abertura de inscri\u00e7\u00f5es para Concurso P\u00fablico, que tem como objetivo preencher 10 vagas, em car\u00e1ter efetivo, com candidatos com ensino fundamental e m\u00e9dio.<\/p>\n\n\n\n<p>De acordo com o edital, h\u00e1 oportunidade para os cargos de: Agente Administrativo (2); Recepcionista (1); Auxiliar de Servi\u00e7os Gerais (2); Motorista CNH &#8220;B&#8221; (2), e Vigilante (3).<\/p>\n\n\n\n<p>Ao serem admitidos, os profissionais dever\u00e3o exercer suas atividades em jornadas de 30 horas de trabalho, referente a remunera\u00e7\u00e3o mensal no valor que varia de R$ 1.212,00 a R$ 1.258,00.<\/p>\n\n\n\n<p class=\"has-black-color has-text-color has-medium-font-size\"><strong>Para participar<\/strong><\/p>\n\n\n\n<p>Os interessados podem se inscrever exclusivamente pela internet, no per\u00edodo das 8h do dia 27 de outubro de 2022 at\u00e9 \u00e0s 23h59 do dia 10 de novembro do mesmo ano, no site <a href=\"https:\/\/www.planejarconcursos.com.br\/\" target=\"_blank\" rel=\"noreferrer noopener\">Planejar Concursos<\/a>. A inscri\u00e7\u00e3o s\u00f3 ser\u00e1 validada mediante pagamento de taxa no valor que varia de R$ 65,00 a R$ 75,00.<\/p>\n\n\n\n<p>Como forma de classifica\u00e7\u00e3o, os concorrentes ser\u00e3o avaliados por meio de prova objetiva, prevista para acontecer no dia 27 de novembro de 2022. A prova abordar\u00e1 temas de: portugu\u00eas; matem\u00e1tica; conhecimentos de inform\u00e1tica; conhecimentos gerais\/atualidades; conhecimentos da hist\u00f3ria e geografia de Iti\u00faba; conhecimentos espec\u00edficos.<\/p>\n\n\n\n<p class=\"has-black-color has-text-color has-medium-font-size\"><strong>Validade<\/strong><\/p>\n\n\n\n<p>O prazo de validade do Concurso ser\u00e1 de dois anos, podendo ser prorrogado por mais dois anos, contado a partir da data de homologa\u00e7\u00e3o do resultado final.<\/p>\n","protected":false},"excerpt":{"rendered":"<p>A oportunidade \u00e9 para candidatos com ensino fundamental e m\u00e9dio; confira os detalhes. Por Ana Luiza Nogueira\/PCI Concursos No estado da Bahia, a C\u00e2mara Municipal de Iti\u00faba anunciou a abertura de inscri\u00e7\u00f5es para Concurso P\u00fablico, que tem como objetivo preencher 10 vagas, em car\u00e1ter efetivo, com candidatos com ensino fundamental e m\u00e9dio. De acordo com [&hellip;]<\/p>\n","protected":false},"author":2,"featured_media":27615,"comment_status":"open","ping_status":"open","sticky":false,"template":"","format":"standard","meta":{"_acf_changed":false,"_monsterinsights_skip_tracking":false,"_monsterinsights_sitenote_active":false,"_monsterinsights_sitenote_note":"","_monsterinsights_sitenote_category":0,"_jetpack_memberships_contains_paid_content":false,"footnotes":"","jetpack_publicize_message":"","jetpack_publicize_feature_enabled":true,"jetpack_social_post_already_shared":true,"jetpack_social_options":{"image_generator_settings":{"template":"highway","default_image_id":0,"font":"","enabled":false},"version":2}},"categories":[1],"tags":[],"class_list":["post-69729","post","type-post","status-publish","format-standard","has-post-thumbnail","hentry","category-noticias"],"acf":[],"jetpack_publicize_connections":[],"jetpack_featured_media_url":"https:\/\/i0.wp.com\/blogdoeloiltoncajuhy.com.br\/site\/wp-content\/uploads\/2018\/09\/concursos_set2018.jpg?fit=984%2C656&ssl=1","jetpack_sharing_enabled":true,"publishpress_future_workflow_manual_trigger":{"enabledWorkflows":[]},"_links":{"self":[{"href":"https:\/\/blogdoeloiltoncajuhy.com.br\/site\/wp-json\/wp\/v2\/posts\/69729","targetHints":{"allow":["GET"]}}],"collection":[{"href":"https:\/\/blogdoeloiltoncajuhy.com.br\/site\/wp-json\/wp\/v2\/posts"}],"about":[{"href":"https:\/\/blogdoeloiltoncajuhy.com.br\/site\/wp-json\/wp\/v2\/types\/post"}],"author":[{"embeddable":true,"href":"https:\/\/blogdoeloiltoncajuhy.com.br\/site\/wp-json\/wp\/v2\/users\/2"}],"replies":[{"embeddable":true,"href":"https:\/\/blogdoeloiltoncajuhy.com.br\/site\/wp-json\/wp\/v2\/comments?post=69729"}],"version-history":[{"count":1,"href":"https:\/\/blogdoeloiltoncajuhy.com.br\/site\/wp-json\/wp\/v2\/posts\/69729\/revisions"}],"predecessor-version":[{"id":69730,"href":"https:\/\/blogdoeloiltoncajuhy.com.br\/site\/wp-json\/wp\/v2\/posts\/69729\/revisions\/69730"}],"wp:featuredmedia":[{"embeddable":true,"href":"https:\/\/blogdoeloiltoncajuhy.com.br\/site\/wp-json\/wp\/v2\/media\/27615"}],"wp:attachment":[{"href":"https:\/\/blogdoeloiltoncajuhy.com.br\/site\/wp-json\/wp\/v2\/media?parent=69729"}],"wp:term":[{"taxonomy":"category","embeddable":true,"href":"https:\/\/blogdoeloiltoncajuhy.com.br\/site\/wp-json\/wp\/v2\/categories?post=69729"},{"taxonomy":"post_tag","embeddable":true,"href":"https:\/\/blogdoeloiltoncajuhy.com.br\/site\/wp-json\/wp\/v2\/tags?post=69729"}],"curies":[{"name":"wp","href":"https:\/\/api.w.org\/{rel}","templated":true}]}}