{"id":69725,"date":"2022-10-28T10:25:30","date_gmt":"2022-10-28T13:25:30","guid":{"rendered":"http:\/\/blogdoeloiltoncajuhy.com.br\/site\/?p=69725"},"modified":"2022-10-28T10:25:34","modified_gmt":"2022-10-28T13:25:34","slug":"andorinha-secretaria-de-educacao-apoia-capacitacao-para-profissionais-da-area","status":"publish","type":"post","link":"https:\/\/blogdoeloiltoncajuhy.com.br\/site\/andorinha-secretaria-de-educacao-apoia-capacitacao-para-profissionais-da-area\/","title":{"rendered":"Andorinha: Secretaria de Educa\u00e7\u00e3o apoia capacita\u00e7\u00e3o para profissionais da \u00e1rea"},"content":{"rendered":"\n<p><strong>Por Ascom Prefeitura de Andorinha-BA<\/strong><\/p>\n\n\n\n<figure class=\"wp-block-image aligncenter size-large is-resized\"><a href=\"https:\/\/i0.wp.com\/blogdoeloiltoncajuhy.com.br\/site\/wp-content\/uploads\/2022\/10\/PMA_CapacitacaoEducacional-28102022.webp\"><img data-recalc-dims=\"1\" fetchpriority=\"high\" decoding=\"async\" src=\"https:\/\/i0.wp.com\/blogdoeloiltoncajuhy.com.br\/site\/wp-content\/uploads\/2022\/10\/PMA_CapacitacaoEducacional-28102022.webp?resize=768%2C576\" alt=\"\" class=\"wp-image-69726\" width=\"768\" height=\"576\" srcset=\"https:\/\/i0.wp.com\/blogdoeloiltoncajuhy.com.br\/site\/wp-content\/uploads\/2022\/10\/PMA_CapacitacaoEducacional-28102022.webp?resize=1024%2C768&amp;ssl=1 1024w, https:\/\/i0.wp.com\/blogdoeloiltoncajuhy.com.br\/site\/wp-content\/uploads\/2022\/10\/PMA_CapacitacaoEducacional-28102022.webp?resize=300%2C225&amp;ssl=1 300w, https:\/\/i0.wp.com\/blogdoeloiltoncajuhy.com.br\/site\/wp-content\/uploads\/2022\/10\/PMA_CapacitacaoEducacional-28102022.webp?resize=768%2C576&amp;ssl=1 768w, https:\/\/i0.wp.com\/blogdoeloiltoncajuhy.com.br\/site\/wp-content\/uploads\/2022\/10\/PMA_CapacitacaoEducacional-28102022.webp?w=1280&amp;ssl=1 1280w\" sizes=\"(max-width: 768px) 100vw, 768px\" \/><\/a><\/figure>\n\n\n\n<p>A Prefeitura de Andorinha, atrav\u00e9s da Secretaria de Educa\u00e7\u00e3o, apoiou a capacita\u00e7\u00e3o do Programa Dinheiro Direto na Escola (PDDE), que foi realizado pelo Centro Colaborador de Apoio ao Monitoramento e \u00e0 Gest\u00e3o de Programas Educacionais \u2013 CECAMPE Nordeste, no munic\u00edpio.<\/p>\n\n\n\n<p>A referida capacita\u00e7\u00e3o aconteceu na quarta-feira (26) e quinta-feira (27), na C\u00e2mara Municipal de Vereadores, e foi voltada para o p\u00fablico de gestores escolares, coordenadores, equipe t\u00e9cnica e pedag\u00f3gica da Secretaria de Educa\u00e7\u00e3o e agentes envolvidos com os conselhos municipais de educa\u00e7\u00e3o.<\/p>\n\n\n\n<p>O PDDE consiste na assist\u00eancia financeira \u00e0s escolas p\u00fablicas da educa\u00e7\u00e3o b\u00e1sica. O objetivo desses recursos \u00e9 a melhoria da infraestrutura f\u00edsica e pedag\u00f3gica, o refor\u00e7o da autogest\u00e3o escolar e a eleva\u00e7\u00e3o dos \u00edndices de desempenho da educa\u00e7\u00e3o.<\/p>\n\n\n\n<p>Os recursos do programa s\u00e3o transferidos de acordo com o n\u00famero de alunos, e com o censo escolar do ano anterior ao do repasse.<\/p>\n\n\n\n<p>A capacita\u00e7\u00e3o foi direcionada pela consultora pedag\u00f3gica, Izabel Costa, e teve a presen\u00e7a da secret\u00e1ria de Educa\u00e7\u00e3o de Sobradinho, Ducilene Soares Silva Kestering, de Cleia Maria Carvalho, Consultora Pedag\u00f3gica do munic\u00edpio e da secret\u00e1ria de Educa\u00e7\u00e3o de Andorinha, Lurdin\u00e9ia Almeida Guimar\u00e3es.<\/p>\n","protected":false},"excerpt":{"rendered":"<p>Por Ascom Prefeitura de Andorinha-BA A Prefeitura de Andorinha, atrav\u00e9s da Secretaria de Educa\u00e7\u00e3o, apoiou a capacita\u00e7\u00e3o do Programa Dinheiro Direto na Escola (PDDE), que foi realizado pelo Centro Colaborador de Apoio ao Monitoramento e \u00e0 Gest\u00e3o de Programas Educacionais \u2013 CECAMPE Nordeste, no munic\u00edpio. A referida capacita\u00e7\u00e3o aconteceu na quarta-feira (26) e quinta-feira (27), [&hellip;]<\/p>\n","protected":false},"author":2,"featured_media":69727,"comment_status":"open","ping_status":"open","sticky":false,"template":"","format":"standard","meta":{"_acf_changed":false,"_monsterinsights_skip_tracking":false,"_monsterinsights_sitenote_active":false,"_monsterinsights_sitenote_note":"","_monsterinsights_sitenote_category":0,"_jetpack_memberships_contains_paid_content":false,"footnotes":"","jetpack_publicize_message":"","jetpack_publicize_feature_enabled":true,"jetpack_social_post_already_shared":true,"jetpack_social_options":{"image_generator_settings":{"template":"highway","default_image_id":0,"font":"","enabled":false},"version":2}},"categories":[11],"tags":[],"class_list":["post-69725","post","type-post","status-publish","format-standard","has-post-thumbnail","hentry","category-regional"],"acf":[],"jetpack_publicize_connections":[],"jetpack_featured_media_url":"https:\/\/i0.wp.com\/blogdoeloiltoncajuhy.com.br\/site\/wp-content\/uploads\/2022\/10\/PMA_CapacitacaoEducacional-28102022-capa.png?fit=943%2C555&ssl=1","jetpack_sharing_enabled":true,"publishpress_future_workflow_manual_trigger":{"enabledWorkflows":[]},"_links":{"self":[{"href":"https:\/\/blogdoeloiltoncajuhy.com.br\/site\/wp-json\/wp\/v2\/posts\/69725","targetHints":{"allow":["GET"]}}],"collection":[{"href":"https:\/\/blogdoeloiltoncajuhy.com.br\/site\/wp-json\/wp\/v2\/posts"}],"about":[{"href":"https:\/\/blogdoeloiltoncajuhy.com.br\/site\/wp-json\/wp\/v2\/types\/post"}],"author":[{"embeddable":true,"href":"https:\/\/blogdoeloiltoncajuhy.com.br\/site\/wp-json\/wp\/v2\/users\/2"}],"replies":[{"embeddable":true,"href":"https:\/\/blogdoeloiltoncajuhy.com.br\/site\/wp-json\/wp\/v2\/comments?post=69725"}],"version-history":[{"count":1,"href":"https:\/\/blogdoeloiltoncajuhy.com.br\/site\/wp-json\/wp\/v2\/posts\/69725\/revisions"}],"predecessor-version":[{"id":69728,"href":"https:\/\/blogdoeloiltoncajuhy.com.br\/site\/wp-json\/wp\/v2\/posts\/69725\/revisions\/69728"}],"wp:featuredmedia":[{"embeddable":true,"href":"https:\/\/blogdoeloiltoncajuhy.com.br\/site\/wp-json\/wp\/v2\/media\/69727"}],"wp:attachment":[{"href":"https:\/\/blogdoeloiltoncajuhy.com.br\/site\/wp-json\/wp\/v2\/media?parent=69725"}],"wp:term":[{"taxonomy":"category","embeddable":true,"href":"https:\/\/blogdoeloiltoncajuhy.com.br\/site\/wp-json\/wp\/v2\/categories?post=69725"},{"taxonomy":"post_tag","embeddable":true,"href":"https:\/\/blogdoeloiltoncajuhy.com.br\/site\/wp-json\/wp\/v2\/tags?post=69725"}],"curies":[{"name":"wp","href":"https:\/\/api.w.org\/{rel}","templated":true}]}}