{"id":69723,"date":"2022-10-28T08:30:26","date_gmt":"2022-10-28T11:30:26","guid":{"rendered":"http:\/\/blogdoeloiltoncajuhy.com.br\/site\/?p=69723"},"modified":"2022-10-28T08:30:29","modified_gmt":"2022-10-28T11:30:29","slug":"bahia-contara-com-nova-operacao-financeira-de-us-150-milhoes-para-aplicar-na-agricultura-familiar-do-estado","status":"publish","type":"post","link":"https:\/\/blogdoeloiltoncajuhy.com.br\/site\/bahia-contara-com-nova-operacao-financeira-de-us-150-milhoes-para-aplicar-na-agricultura-familiar-do-estado\/","title":{"rendered":"Bahia contar\u00e1 com nova opera\u00e7\u00e3o financeira de US$ 150 milh\u00f5es para aplicar na agricultura familiar do estado"},"content":{"rendered":"\n<p>Ap\u00f3s transformar a vida de mais de 120 mil fam\u00edlias de agricultores e agricultoras familiares baianos, o Estado da Bahia vai contar com uma nova opera\u00e7\u00e3o de capta\u00e7\u00e3o de recursos internacionais, para a execu\u00e7\u00e3o da segunda etapa do projeto Bahia Produtiva, refer\u00eancia de desenvolvimento rural e inclus\u00e3o produtiva. Trata-se do Bahia Mais Produtiva.<\/p>\n\n\n\n<figure class=\"wp-block-image aligncenter size-full\"><a href=\"https:\/\/i0.wp.com\/blogdoeloiltoncajuhy.com.br\/site\/wp-content\/uploads\/2022\/04\/GOVBA_Agricultura-familiar-18042022-01.jpg\"><img data-recalc-dims=\"1\" fetchpriority=\"high\" decoding=\"async\" width=\"800\" height=\"424\" src=\"https:\/\/i0.wp.com\/blogdoeloiltoncajuhy.com.br\/site\/wp-content\/uploads\/2022\/04\/GOVBA_Agricultura-familiar-18042022-01.jpg?resize=800%2C424\" alt=\"\" class=\"wp-image-64318\" srcset=\"https:\/\/i0.wp.com\/blogdoeloiltoncajuhy.com.br\/site\/wp-content\/uploads\/2022\/04\/GOVBA_Agricultura-familiar-18042022-01.jpg?w=1000&amp;ssl=1 1000w, https:\/\/i0.wp.com\/blogdoeloiltoncajuhy.com.br\/site\/wp-content\/uploads\/2022\/04\/GOVBA_Agricultura-familiar-18042022-01.jpg?resize=300%2C159&amp;ssl=1 300w, https:\/\/i0.wp.com\/blogdoeloiltoncajuhy.com.br\/site\/wp-content\/uploads\/2022\/04\/GOVBA_Agricultura-familiar-18042022-01.jpg?resize=768%2C407&amp;ssl=1 768w\" sizes=\"(max-width: 800px) 100vw, 800px\" \/><\/a><\/figure>\n\n\n\n<p>A aprova\u00e7\u00e3o da nova opera\u00e7\u00e3o foi anunciada pela Comiss\u00e3o de Financiamentos Externos (Cofiex), do Mist\u00e9rio da Economia, na quarta-feira (26). Executado pela Companhia de Desenvolvimento e A\u00e7\u00e3o Regional (CAR), vinculada \u00e0 Secretaria Estadual de Desenvolvimento Rural (SDR), a nova opera\u00e7\u00e3o ter\u00e1 in\u00edcio em 2023, com o acordo de empr\u00e9stimo entre o Estado da Bahia e o Banco Internacional de Reconstru\u00e7\u00e3o e Desenvolvimento (Bird &#8211; Banco Mundial) de 100 milh\u00f5es de d\u00f3lares e 50 milh\u00f5es de d\u00f3lares de contrapartida do Estado.<\/p>\n\n\n\n<p>A Cofiex \u00e9 composta por diferentes \u00f3rg\u00e3os da esfera federal, que tem a finalidade de avaliar programas e projetos do setor p\u00fablico, cuja matriz de financiamento possua recursos externos oriundos de Organismos Financeiros Internacionais ou Ag\u00eancias Governamentais Estrangeiras. O Projeto de Desenvolvimento Rural Sustent\u00e1vel do Estado da Bahia (fase II), denominado de Bahia Mais Produtiva, est\u00e1 entre os 23 projetos do pa\u00eds financiados com recursos externos.<\/p>\n\n\n\n<p>A nova opera\u00e7\u00e3o segue o conceito do projeto atual Bahia Produtiva, que vem transformando a vida de milhares de fam\u00edlias agricultoras baianas, com o apoio \u00e0 promo\u00e7\u00e3o do desenvolvimento rural sustent\u00e1vel e a inclus\u00e3o de a\u00e7\u00f5es importantes como a da oferta e o acesso, de forma sistem\u00e1tica e cont\u00ednua, aos servi\u00e7os de Assist\u00eancia T\u00e9cnica e Extens\u00e3o Rural (ATER), fomento \u00e0 base de produ\u00e7\u00e3o de sistemas produtivos estrat\u00e9gicos, agroindustrializa\u00e7\u00e3o e apoio \u00e0 gest\u00e3o dos empreendimentos e \u00e0 comercializa\u00e7\u00e3o da produ\u00e7\u00e3o.<\/p>\n\n\n\n<p>Para o secret\u00e1rio de Desenvolvimento Rural (SDR), Jeandro Ribeiro, esta \u00e9 uma not\u00edcia maravilhosa para o Estado da Bahia, para os agricultores e agricultoras familiares, assentados da reforma agr\u00e1ria e povos e comunidades tradicionais. \u201c\u00c9 a aprova\u00e7\u00e3o de um novo acordo de empr\u00e9stimo, que ser\u00e1 investido nos pr\u00f3ximos cinco anos na agricultura familiar. Isso \u00e9 resultado do trabalho dos agricultores e agricultoras, que receberam um projeto de inclus\u00e3o produtiva e transformaram suas vidas, de a\u00e7\u00f5es que eclodiram, deram certo e est\u00e3o mudando a economia do munic\u00edpio e de toda a Bahia. Esse modelo de inclus\u00e3o socioprodutiva e desenvolvimento econ\u00f4mico implantado tem todos os m\u00e9ritos e promover\u00e1 muito mais avan\u00e7os em 2023\u201d.<\/p>\n\n\n\n<p>Segundo o diretor-presidente da CAR, Wilson Dias, ap\u00f3s a aprova\u00e7\u00e3o do Bahia Mais Produtiva pelo Cofiex j\u00e1 come\u00e7aram os preparativos para esse novo projeto. \u201cEstamos desenvolvendo as pe\u00e7as t\u00e9cnicas, o manual de opera\u00e7\u00f5es e o projeto executivo, ou seja, um conjunto de procedimentos para que a gente tenha, em 2023, um novo projeto sendo implantado, de 150 milh\u00f5es de d\u00f3lares, para apoiar o desenvolvimento da agricultura familiar do nosso estado\u201d.<\/p>\n\n\n\n<p>O coordenador do Bahia Produtiva, Fernando Cabral, lembra que foram alcan\u00e7ados resultados bastante significativos com o projeto atual. \u201cFoi uma verdadeira transforma\u00e7\u00e3o no rural. Al\u00e9m das mais de 120 mil fam\u00edlias atendidas, foram 1.200 organiza\u00e7\u00f5es produtivas que receberam cerca de R$ 1 bilh\u00e3o. Para o Bahia Mais Produtiva, estamos introduzindo uma s\u00e9rie de inova\u00e7\u00f5es e novas estrat\u00e9gias\u201d.<\/p>\n\n\n\n<p>O Bahia Produtiva foi reconhecido pelo Banco Mundial como exemplo de projeto da Am\u00e9rica latina e recebeu o Pr\u00eamio SAIN-ABDE da Associa\u00e7\u00e3o Brasileira de Desenvolvimento (ABDE) e da Secretaria de Assuntos Econ\u00f4micos Internacionais (SAIN), de Melhores Pr\u00e1ticas em Capta\u00e7\u00e3o Internacional, na categoria governos estaduais.<\/p>\n","protected":false},"excerpt":{"rendered":"<p>Ap\u00f3s transformar a vida de mais de 120 mil fam\u00edlias de agricultores e agricultoras familiares baianos, o Estado da Bahia vai contar com uma nova opera\u00e7\u00e3o de capta\u00e7\u00e3o de recursos internacionais, para a execu\u00e7\u00e3o da segunda etapa do projeto Bahia Produtiva, refer\u00eancia de desenvolvimento rural e inclus\u00e3o produtiva. Trata-se do Bahia Mais Produtiva. A aprova\u00e7\u00e3o [&hellip;]<\/p>\n","protected":false},"author":2,"featured_media":64319,"comment_status":"open","ping_status":"open","sticky":false,"template":"","format":"standard","meta":{"_acf_changed":false,"_monsterinsights_skip_tracking":false,"_monsterinsights_sitenote_active":false,"_monsterinsights_sitenote_note":"","_monsterinsights_sitenote_category":0,"_jetpack_memberships_contains_paid_content":false,"footnotes":"","jetpack_publicize_message":"","jetpack_publicize_feature_enabled":true,"jetpack_social_post_already_shared":true,"jetpack_social_options":{"image_generator_settings":{"template":"highway","default_image_id":0,"font":"","enabled":false},"version":2}},"categories":[1],"tags":[],"class_list":["post-69723","post","type-post","status-publish","format-standard","has-post-thumbnail","hentry","category-noticias"],"acf":[],"jetpack_publicize_connections":[],"jetpack_featured_media_url":"https:\/\/i0.wp.com\/blogdoeloiltoncajuhy.com.br\/site\/wp-content\/uploads\/2022\/04\/GOVBA_Agricultura-familiar-18042022-02.jpg?fit=717%2C401&ssl=1","jetpack_sharing_enabled":true,"publishpress_future_workflow_manual_trigger":{"enabledWorkflows":[]},"_links":{"self":[{"href":"https:\/\/blogdoeloiltoncajuhy.com.br\/site\/wp-json\/wp\/v2\/posts\/69723","targetHints":{"allow":["GET"]}}],"collection":[{"href":"https:\/\/blogdoeloiltoncajuhy.com.br\/site\/wp-json\/wp\/v2\/posts"}],"about":[{"href":"https:\/\/blogdoeloiltoncajuhy.com.br\/site\/wp-json\/wp\/v2\/types\/post"}],"author":[{"embeddable":true,"href":"https:\/\/blogdoeloiltoncajuhy.com.br\/site\/wp-json\/wp\/v2\/users\/2"}],"replies":[{"embeddable":true,"href":"https:\/\/blogdoeloiltoncajuhy.com.br\/site\/wp-json\/wp\/v2\/comments?post=69723"}],"version-history":[{"count":1,"href":"https:\/\/blogdoeloiltoncajuhy.com.br\/site\/wp-json\/wp\/v2\/posts\/69723\/revisions"}],"predecessor-version":[{"id":69724,"href":"https:\/\/blogdoeloiltoncajuhy.com.br\/site\/wp-json\/wp\/v2\/posts\/69723\/revisions\/69724"}],"wp:featuredmedia":[{"embeddable":true,"href":"https:\/\/blogdoeloiltoncajuhy.com.br\/site\/wp-json\/wp\/v2\/media\/64319"}],"wp:attachment":[{"href":"https:\/\/blogdoeloiltoncajuhy.com.br\/site\/wp-json\/wp\/v2\/media?parent=69723"}],"wp:term":[{"taxonomy":"category","embeddable":true,"href":"https:\/\/blogdoeloiltoncajuhy.com.br\/site\/wp-json\/wp\/v2\/categories?post=69723"},{"taxonomy":"post_tag","embeddable":true,"href":"https:\/\/blogdoeloiltoncajuhy.com.br\/site\/wp-json\/wp\/v2\/tags?post=69723"}],"curies":[{"name":"wp","href":"https:\/\/api.w.org\/{rel}","templated":true}]}}