{"id":69719,"date":"2022-10-28T00:20:00","date_gmt":"2022-10-28T03:20:00","guid":{"rendered":"http:\/\/blogdoeloiltoncajuhy.com.br\/site\/?p=69719"},"modified":"2022-10-27T20:58:40","modified_gmt":"2022-10-27T23:58:40","slug":"28-de-outubro-e-aniversario-de-zelia-duncan","status":"publish","type":"post","link":"https:\/\/blogdoeloiltoncajuhy.com.br\/site\/28-de-outubro-e-aniversario-de-zelia-duncan\/","title":{"rendered":"28 de outubro \u00e9 anivers\u00e1rio de Z\u00e9lia Duncan"},"content":{"rendered":"\n<p><strong>Blog do Eloilton Cajuhy<\/strong><\/p>\n\n\n\n<p>De acordo com a <em><strong>Wikip\u00e9dia<\/strong><\/em>, <strong>Z\u00e9lia Cristina Duncan Gon\u00e7alves Moreira<\/strong> nasceu em Niter\u00f3i-RJ, em 28 de outubro de 1964. \u00c9 atriz, cantora e compositora brasileira.<\/p>\n\n\n\n<figure class=\"wp-block-image aligncenter size-large is-resized\"><a href=\"https:\/\/i0.wp.com\/blogdoeloiltoncajuhy.com.br\/site\/wp-content\/uploads\/2022\/10\/Zelia-Duncan-2.jpg\"><img data-recalc-dims=\"1\" fetchpriority=\"high\" decoding=\"async\" src=\"https:\/\/i0.wp.com\/blogdoeloiltoncajuhy.com.br\/site\/wp-content\/uploads\/2022\/10\/Zelia-Duncan-2.jpg?resize=569%2C569\" alt=\"\" class=\"wp-image-69720\" width=\"569\" height=\"569\" srcset=\"https:\/\/i0.wp.com\/blogdoeloiltoncajuhy.com.br\/site\/wp-content\/uploads\/2022\/10\/Zelia-Duncan-2.jpg?resize=1024%2C1024&amp;ssl=1 1024w, https:\/\/i0.wp.com\/blogdoeloiltoncajuhy.com.br\/site\/wp-content\/uploads\/2022\/10\/Zelia-Duncan-2.jpg?resize=300%2C300&amp;ssl=1 300w, https:\/\/i0.wp.com\/blogdoeloiltoncajuhy.com.br\/site\/wp-content\/uploads\/2022\/10\/Zelia-Duncan-2.jpg?resize=150%2C150&amp;ssl=1 150w, https:\/\/i0.wp.com\/blogdoeloiltoncajuhy.com.br\/site\/wp-content\/uploads\/2022\/10\/Zelia-Duncan-2.jpg?resize=768%2C768&amp;ssl=1 768w, https:\/\/i0.wp.com\/blogdoeloiltoncajuhy.com.br\/site\/wp-content\/uploads\/2022\/10\/Zelia-Duncan-2.jpg?w=1448&amp;ssl=1 1448w\" sizes=\"(max-width: 569px) 100vw, 569px\" \/><\/a><\/figure>\n\n\n\n<p>Aos 16 anos, Z\u00e9lia enviou uma fita para a Sala Funarte de Bras\u00edlia, que na \u00e9poca realizava concursos. Foi selecionada em primeiro lugar e apresentou l\u00e1 o seu primeiro show. Abriu com a can\u00e7\u00e3o <em>&#8220;Fazenda&#8221;<\/em> de Milton Nascimento e, ap\u00f3s a apresenta\u00e7\u00e3o bem sucedida, v\u00e1rias portas se abriram para ela: abriu um show de Luis Melodia, no Teatro Nacional de Bras\u00edlia, come\u00e7ou a se apresentar constantemente e ainda foi selecionada para representar Bras\u00edlia no projeto Pixinguinha, viajando por sete cidades.<\/p>\n\n\n\n<p>Em Niter\u00f3i, trabalhou no Tribunal Regional do Trabalho da 1\u00aa Regi\u00e3o (RJ) e fazia de tudo um pouco: foi locutora da r\u00e1dio Fluminense FM, onde usava a outra parte do seu nome: Cristina Moreira. Foi backing vocal do cantor Jos\u00e9 Augusto e de Bebeto. Cursou Teatro na CAL (Casa das Artes das Laranjeiras) e tamb\u00e9m nessa \u00e9poca fez seu primeiro show no Rio de Janeiro.<\/p>\n\n\n\n<p>Ao lan\u00e7ar <em>Catedral<\/em>, em 1994, a m\u00fasica entrou para a trilha sonora da novela <em>\u201cA Pr\u00f3xima V\u00edtima\u201d<\/em> da Rede Globo, como tema dos personagens Irene e Diego, protagonistas da trama, e tornou-se um grande sucesso, o primeiro da carreira. A can\u00e7\u00e3o \u00e9 uma regrava\u00e7\u00e3o traduzida do original da cantora Tanita Tikaram, intitulado &#8220;Cathedral song&#8221;. O reconhecimento pela cr\u00edtica tamb\u00e9m n\u00e3o tardou a aparecer. A revista americana \u201cBillboard\u201d incluiu \u201cZ\u00e9lia Duncan\u201d na lista dos dez melhores \u00e1lbuns latinos de 1994 e j\u00e1 no segundo semestre de 1995 Z\u00e9lia recebeu o \u201cDisco de Ouro\u201d, pela venda das primeiras 100 mil c\u00f3pias.<\/p>\n","protected":false},"excerpt":{"rendered":"<p>Blog do Eloilton Cajuhy De acordo com a Wikip\u00e9dia, Z\u00e9lia Cristina Duncan Gon\u00e7alves Moreira nasceu em Niter\u00f3i-RJ, em 28 de outubro de 1964. \u00c9 atriz, cantora e compositora brasileira. Aos 16 anos, Z\u00e9lia enviou uma fita para a Sala Funarte de Bras\u00edlia, que na \u00e9poca realizava concursos. Foi selecionada em primeiro lugar e apresentou l\u00e1 [&hellip;]<\/p>\n","protected":false},"author":2,"featured_media":69721,"comment_status":"open","ping_status":"open","sticky":false,"template":"","format":"standard","meta":{"_acf_changed":false,"_monsterinsights_skip_tracking":false,"_monsterinsights_sitenote_active":false,"_monsterinsights_sitenote_note":"","_monsterinsights_sitenote_category":0,"_jetpack_memberships_contains_paid_content":false,"footnotes":"","jetpack_publicize_message":"","jetpack_publicize_feature_enabled":true,"jetpack_social_post_already_shared":true,"jetpack_social_options":{"image_generator_settings":{"template":"highway","default_image_id":0,"font":"","enabled":false},"version":2}},"categories":[12],"tags":[],"class_list":["post-69719","post","type-post","status-publish","format-standard","has-post-thumbnail","hentry","category-gente-que-faz-a-nossa-historia"],"acf":[],"jetpack_publicize_connections":[],"jetpack_featured_media_url":"https:\/\/i0.wp.com\/blogdoeloiltoncajuhy.com.br\/site\/wp-content\/uploads\/2022\/10\/Zelia-Duncan-1.jpg?fit=1086%2C652&ssl=1","jetpack_sharing_enabled":true,"publishpress_future_workflow_manual_trigger":{"enabledWorkflows":[]},"_links":{"self":[{"href":"https:\/\/blogdoeloiltoncajuhy.com.br\/site\/wp-json\/wp\/v2\/posts\/69719","targetHints":{"allow":["GET"]}}],"collection":[{"href":"https:\/\/blogdoeloiltoncajuhy.com.br\/site\/wp-json\/wp\/v2\/posts"}],"about":[{"href":"https:\/\/blogdoeloiltoncajuhy.com.br\/site\/wp-json\/wp\/v2\/types\/post"}],"author":[{"embeddable":true,"href":"https:\/\/blogdoeloiltoncajuhy.com.br\/site\/wp-json\/wp\/v2\/users\/2"}],"replies":[{"embeddable":true,"href":"https:\/\/blogdoeloiltoncajuhy.com.br\/site\/wp-json\/wp\/v2\/comments?post=69719"}],"version-history":[{"count":1,"href":"https:\/\/blogdoeloiltoncajuhy.com.br\/site\/wp-json\/wp\/v2\/posts\/69719\/revisions"}],"predecessor-version":[{"id":69722,"href":"https:\/\/blogdoeloiltoncajuhy.com.br\/site\/wp-json\/wp\/v2\/posts\/69719\/revisions\/69722"}],"wp:featuredmedia":[{"embeddable":true,"href":"https:\/\/blogdoeloiltoncajuhy.com.br\/site\/wp-json\/wp\/v2\/media\/69721"}],"wp:attachment":[{"href":"https:\/\/blogdoeloiltoncajuhy.com.br\/site\/wp-json\/wp\/v2\/media?parent=69719"}],"wp:term":[{"taxonomy":"category","embeddable":true,"href":"https:\/\/blogdoeloiltoncajuhy.com.br\/site\/wp-json\/wp\/v2\/categories?post=69719"},{"taxonomy":"post_tag","embeddable":true,"href":"https:\/\/blogdoeloiltoncajuhy.com.br\/site\/wp-json\/wp\/v2\/tags?post=69719"}],"curies":[{"name":"wp","href":"https:\/\/api.w.org\/{rel}","templated":true}]}}