{"id":69307,"date":"2022-10-10T00:15:00","date_gmt":"2022-10-10T03:15:00","guid":{"rendered":"http:\/\/blogdoeloiltoncajuhy.com.br\/site\/?p=69307"},"modified":"2022-10-09T21:44:52","modified_gmt":"2022-10-10T00:44:52","slug":"ator-e-diretor-miguel-falabella-completa-66-anos-neste-dia-10-de-outubro","status":"publish","type":"post","link":"https:\/\/blogdoeloiltoncajuhy.com.br\/site\/ator-e-diretor-miguel-falabella-completa-66-anos-neste-dia-10-de-outubro\/","title":{"rendered":"Ator e diretor, Miguel Falabella completa 66 anos neste dia 10 de outubro"},"content":{"rendered":"\n<p class=\"has-text-align-center has-medium-font-size\"><strong>Artista participou de trabalhos memor\u00e1veis na TV e no teatro.<\/strong><\/p>\n\n\n\n<p>Blog do Eloilton Cajuhy<\/p>\n\n\n\n<figure class=\"wp-block-image aligncenter size-full\"><a href=\"https:\/\/i0.wp.com\/blogdoeloiltoncajuhy.com.br\/site\/wp-content\/uploads\/2022\/10\/Miguel-falabella-01.webp\"><img data-recalc-dims=\"1\" fetchpriority=\"high\" decoding=\"async\" width=\"600\" height=\"600\" src=\"https:\/\/i0.wp.com\/blogdoeloiltoncajuhy.com.br\/site\/wp-content\/uploads\/2022\/10\/Miguel-falabella-01.webp?resize=600%2C600\" alt=\"\" class=\"wp-image-69308\" srcset=\"https:\/\/i0.wp.com\/blogdoeloiltoncajuhy.com.br\/site\/wp-content\/uploads\/2022\/10\/Miguel-falabella-01.webp?w=600&amp;ssl=1 600w, https:\/\/i0.wp.com\/blogdoeloiltoncajuhy.com.br\/site\/wp-content\/uploads\/2022\/10\/Miguel-falabella-01.webp?resize=300%2C300&amp;ssl=1 300w, https:\/\/i0.wp.com\/blogdoeloiltoncajuhy.com.br\/site\/wp-content\/uploads\/2022\/10\/Miguel-falabella-01.webp?resize=150%2C150&amp;ssl=1 150w\" sizes=\"(max-width: 600px) 100vw, 600px\" \/><\/a><\/figure>\n\n\n\n<p>De acordo com a <em>Wikip\u00e9dia<\/em>, <strong>Miguel Falabella de Sousa Aguiar<\/strong> nasceu no Rio de Janeiro, em 10 de outubro de 1956. Falabella \u00e9 ator, cineasta, escritor, apresentador, dublador, dramaturgo, roteirista e diretor teatral brasileiro. \u00c9 conhecido, entre outros muitos trabalhos, por interpretar Caco Antibes na sitcom <em>Sai de Baixo<\/em> e por apresentar o <em>V\u00eddeo Show<\/em> por mais de 15 anos. Foi carnavalesco das escolas de samba Imp\u00e9rio da Tijuca e Rocinha.<\/p>\n\n\n\n<p>Estreou na televis\u00e3o em 1982, no programa <em>Caso Verdade<\/em>, no epis\u00f3dio <em>&#8220;Jam e Jim&#8221;<\/em>, onde dava vida ao personagem t\u00edtulo. Logo depois, participou de sua primeira novela, <em>Sol de Ver\u00e3o<\/em>, de Manoel Carlos, como o m\u00e9dico Romeu.<\/p>\n\n\n\n<figure class=\"wp-block-image aligncenter size-full\"><a href=\"https:\/\/i0.wp.com\/blogdoeloiltoncajuhy.com.br\/site\/wp-content\/uploads\/2022\/10\/Miguel-falabella-02.webp\"><img data-recalc-dims=\"1\" decoding=\"async\" width=\"800\" height=\"592\" src=\"https:\/\/i0.wp.com\/blogdoeloiltoncajuhy.com.br\/site\/wp-content\/uploads\/2022\/10\/Miguel-falabella-02.webp?resize=800%2C592\" alt=\"\" class=\"wp-image-69309\" srcset=\"https:\/\/i0.wp.com\/blogdoeloiltoncajuhy.com.br\/site\/wp-content\/uploads\/2022\/10\/Miguel-falabella-02.webp?w=800&amp;ssl=1 800w, https:\/\/i0.wp.com\/blogdoeloiltoncajuhy.com.br\/site\/wp-content\/uploads\/2022\/10\/Miguel-falabella-02.webp?resize=300%2C222&amp;ssl=1 300w, https:\/\/i0.wp.com\/blogdoeloiltoncajuhy.com.br\/site\/wp-content\/uploads\/2022\/10\/Miguel-falabella-02.webp?resize=768%2C568&amp;ssl=1 768w\" sizes=\"(max-width: 800px) 100vw, 800px\" \/><\/a><\/figure>\n\n\n\n<p>Conquistou o sucesso em 1986, ao interpretar Miro, no remake <em>Selva de Pedra<\/em>, de Janete Clair. Estreou como apresentador de televis\u00e3o no programa <em>V\u00eddeo Show<\/em> em agosto de 1987. O sucesso foi tanto que Miguel permaneceu a frente do programa at\u00e9 janeiro de 2002, quando foi substitu\u00eddo por M\u00e1rcio Garcia, e este por Andr\u00e9 Marques.<\/p>\n\n\n\n<p>\u00c9 um artista bastante ativo no teatro e na televis\u00e3o. Nos palcos, al\u00e9m de musicais nacionais, costuma trazer a Broadway para o Brasil. Atuou no grande sucesso <em>Loiro, Alto, Solteiro, Procura<\/em> e escreveu tamb\u00e9m <em>A Partilha<\/em>, pe\u00e7a que ganhou vers\u00e3o para o cinema (com dire\u00e7\u00e3o de Daniel Filho).<\/p>\n","protected":false},"excerpt":{"rendered":"<p>Artista participou de trabalhos memor\u00e1veis na TV e no teatro. Blog do Eloilton Cajuhy De acordo com a Wikip\u00e9dia, Miguel Falabella de Sousa Aguiar nasceu no Rio de Janeiro, em 10 de outubro de 1956. Falabella \u00e9 ator, cineasta, escritor, apresentador, dublador, dramaturgo, roteirista e diretor teatral brasileiro. \u00c9 conhecido, entre outros muitos trabalhos, por [&hellip;]<\/p>\n","protected":false},"author":2,"featured_media":69309,"comment_status":"open","ping_status":"open","sticky":false,"template":"","format":"standard","meta":{"_acf_changed":false,"_monsterinsights_skip_tracking":false,"_monsterinsights_sitenote_active":false,"_monsterinsights_sitenote_note":"","_monsterinsights_sitenote_category":0,"_jetpack_memberships_contains_paid_content":false,"footnotes":"","jetpack_publicize_message":"","jetpack_publicize_feature_enabled":true,"jetpack_social_post_already_shared":true,"jetpack_social_options":{"image_generator_settings":{"template":"highway","default_image_id":0,"font":"","enabled":false},"version":2}},"categories":[12],"tags":[],"class_list":["post-69307","post","type-post","status-publish","format-standard","has-post-thumbnail","hentry","category-gente-que-faz-a-nossa-historia"],"acf":[],"jetpack_publicize_connections":[],"jetpack_featured_media_url":"https:\/\/i0.wp.com\/blogdoeloiltoncajuhy.com.br\/site\/wp-content\/uploads\/2022\/10\/Miguel-falabella-02.webp?fit=800%2C592&ssl=1","jetpack_sharing_enabled":true,"publishpress_future_workflow_manual_trigger":{"enabledWorkflows":[]},"_links":{"self":[{"href":"https:\/\/blogdoeloiltoncajuhy.com.br\/site\/wp-json\/wp\/v2\/posts\/69307","targetHints":{"allow":["GET"]}}],"collection":[{"href":"https:\/\/blogdoeloiltoncajuhy.com.br\/site\/wp-json\/wp\/v2\/posts"}],"about":[{"href":"https:\/\/blogdoeloiltoncajuhy.com.br\/site\/wp-json\/wp\/v2\/types\/post"}],"author":[{"embeddable":true,"href":"https:\/\/blogdoeloiltoncajuhy.com.br\/site\/wp-json\/wp\/v2\/users\/2"}],"replies":[{"embeddable":true,"href":"https:\/\/blogdoeloiltoncajuhy.com.br\/site\/wp-json\/wp\/v2\/comments?post=69307"}],"version-history":[{"count":1,"href":"https:\/\/blogdoeloiltoncajuhy.com.br\/site\/wp-json\/wp\/v2\/posts\/69307\/revisions"}],"predecessor-version":[{"id":69310,"href":"https:\/\/blogdoeloiltoncajuhy.com.br\/site\/wp-json\/wp\/v2\/posts\/69307\/revisions\/69310"}],"wp:featuredmedia":[{"embeddable":true,"href":"https:\/\/blogdoeloiltoncajuhy.com.br\/site\/wp-json\/wp\/v2\/media\/69309"}],"wp:attachment":[{"href":"https:\/\/blogdoeloiltoncajuhy.com.br\/site\/wp-json\/wp\/v2\/media?parent=69307"}],"wp:term":[{"taxonomy":"category","embeddable":true,"href":"https:\/\/blogdoeloiltoncajuhy.com.br\/site\/wp-json\/wp\/v2\/categories?post=69307"},{"taxonomy":"post_tag","embeddable":true,"href":"https:\/\/blogdoeloiltoncajuhy.com.br\/site\/wp-json\/wp\/v2\/tags?post=69307"}],"curies":[{"name":"wp","href":"https:\/\/api.w.org\/{rel}","templated":true}]}}