{"id":69168,"date":"2022-10-04T02:30:00","date_gmt":"2022-10-04T05:30:00","guid":{"rendered":"http:\/\/blogdoeloiltoncajuhy.com.br\/site\/?p=69168"},"modified":"2022-10-03T22:45:34","modified_gmt":"2022-10-04T01:45:34","slug":"homem-e-preso-apos-ser-encontrado-com-600-kg-de-drogas-em-senhor-do-bonfim","status":"publish","type":"post","link":"https:\/\/blogdoeloiltoncajuhy.com.br\/site\/homem-e-preso-apos-ser-encontrado-com-600-kg-de-drogas-em-senhor-do-bonfim\/","title":{"rendered":"Homem \u00e9 preso ap\u00f3s ser encontrado com 600 kg de drogas em Senhor do Bonfim"},"content":{"rendered":"\n<p class=\"has-text-align-center has-medium-font-size\"><strong>Caso ocorreu na madrugada desta segunda-feira (3).<\/strong><\/p>\n\n\n\n<figure class=\"wp-block-image aligncenter size-full is-resized\"><a href=\"https:\/\/i0.wp.com\/blogdoeloiltoncajuhy.com.br\/site\/wp-content\/uploads\/2022\/10\/PF_Drogas-apreendidas-em-Bonfim.webp\"><img data-recalc-dims=\"1\" fetchpriority=\"high\" decoding=\"async\" src=\"https:\/\/i0.wp.com\/blogdoeloiltoncajuhy.com.br\/site\/wp-content\/uploads\/2022\/10\/PF_Drogas-apreendidas-em-Bonfim.webp?resize=750%2C646\" alt=\"\" class=\"wp-image-69169\" width=\"750\" height=\"646\" srcset=\"https:\/\/i0.wp.com\/blogdoeloiltoncajuhy.com.br\/site\/wp-content\/uploads\/2022\/10\/PF_Drogas-apreendidas-em-Bonfim.webp?w=1000&amp;ssl=1 1000w, https:\/\/i0.wp.com\/blogdoeloiltoncajuhy.com.br\/site\/wp-content\/uploads\/2022\/10\/PF_Drogas-apreendidas-em-Bonfim.webp?resize=300%2C258&amp;ssl=1 300w, https:\/\/i0.wp.com\/blogdoeloiltoncajuhy.com.br\/site\/wp-content\/uploads\/2022\/10\/PF_Drogas-apreendidas-em-Bonfim.webp?resize=768%2C661&amp;ssl=1 768w\" sizes=\"(max-width: 750px) 100vw, 750px\" \/><\/a><\/figure>\n\n\n\n<p>Um homem, suspeito de tr\u00e1fico de drogas, foi preso em flagrante, na madrugada desta segunda-feira (3), em Senhor do Bonfim, no norte da Bahia. Com ele, foram apreendidos 600 kg de entorpecentes.<\/p>\n\n\n\n<p>De acordo com a Pol\u00edcia Federal, o suspeito saiu do estado de S\u00e3o Paulo e levaria a droga para as cidades de Juazeiro, no norte da Bahia, e Petrolina, em Pernambuco. Ele seguia em um ve\u00edculo, que n\u00e3o foi especificado pela PF.<\/p>\n\n\n\n<p>A a\u00e7\u00e3o contou com a participa\u00e7\u00e3o de 16 policiais, mas n\u00e3o h\u00e1 detalhes sobre como a PF chegou at\u00e9 o suspeito. Ele ir\u00e1 responder pelo crime de tr\u00e1fico de entorpecentes e poder\u00e1 ser condenado at\u00e9 15 anos de pris\u00e3o.<\/p>\n\n\n\n<p>O caso seguir\u00e1 sendo investigado pela PF, que tem como objetivo identificar outros suspeitos envolvidos no crime.<\/p>\n","protected":false},"excerpt":{"rendered":"<p>Caso ocorreu na madrugada desta segunda-feira (3). Um homem, suspeito de tr\u00e1fico de drogas, foi preso em flagrante, na madrugada desta segunda-feira (3), em Senhor do Bonfim, no norte da Bahia. Com ele, foram apreendidos 600 kg de entorpecentes. De acordo com a Pol\u00edcia Federal, o suspeito saiu do estado de S\u00e3o Paulo e levaria [&hellip;]<\/p>\n","protected":false},"author":2,"featured_media":69169,"comment_status":"open","ping_status":"open","sticky":false,"template":"","format":"standard","meta":{"_acf_changed":false,"_monsterinsights_skip_tracking":false,"_monsterinsights_sitenote_active":false,"_monsterinsights_sitenote_note":"","_monsterinsights_sitenote_category":0,"_jetpack_memberships_contains_paid_content":false,"footnotes":"","jetpack_publicize_message":"","jetpack_publicize_feature_enabled":true,"jetpack_social_post_already_shared":true,"jetpack_social_options":{"image_generator_settings":{"template":"highway","default_image_id":0,"font":"","enabled":false},"version":2}},"categories":[15],"tags":[],"class_list":["post-69168","post","type-post","status-publish","format-standard","has-post-thumbnail","hentry","category-policia"],"acf":[],"jetpack_publicize_connections":[],"jetpack_featured_media_url":"https:\/\/i0.wp.com\/blogdoeloiltoncajuhy.com.br\/site\/wp-content\/uploads\/2022\/10\/PF_Drogas-apreendidas-em-Bonfim.webp?fit=1000%2C861&ssl=1","jetpack_sharing_enabled":true,"publishpress_future_workflow_manual_trigger":{"enabledWorkflows":[]},"_links":{"self":[{"href":"https:\/\/blogdoeloiltoncajuhy.com.br\/site\/wp-json\/wp\/v2\/posts\/69168","targetHints":{"allow":["GET"]}}],"collection":[{"href":"https:\/\/blogdoeloiltoncajuhy.com.br\/site\/wp-json\/wp\/v2\/posts"}],"about":[{"href":"https:\/\/blogdoeloiltoncajuhy.com.br\/site\/wp-json\/wp\/v2\/types\/post"}],"author":[{"embeddable":true,"href":"https:\/\/blogdoeloiltoncajuhy.com.br\/site\/wp-json\/wp\/v2\/users\/2"}],"replies":[{"embeddable":true,"href":"https:\/\/blogdoeloiltoncajuhy.com.br\/site\/wp-json\/wp\/v2\/comments?post=69168"}],"version-history":[{"count":2,"href":"https:\/\/blogdoeloiltoncajuhy.com.br\/site\/wp-json\/wp\/v2\/posts\/69168\/revisions"}],"predecessor-version":[{"id":69171,"href":"https:\/\/blogdoeloiltoncajuhy.com.br\/site\/wp-json\/wp\/v2\/posts\/69168\/revisions\/69171"}],"wp:featuredmedia":[{"embeddable":true,"href":"https:\/\/blogdoeloiltoncajuhy.com.br\/site\/wp-json\/wp\/v2\/media\/69169"}],"wp:attachment":[{"href":"https:\/\/blogdoeloiltoncajuhy.com.br\/site\/wp-json\/wp\/v2\/media?parent=69168"}],"wp:term":[{"taxonomy":"category","embeddable":true,"href":"https:\/\/blogdoeloiltoncajuhy.com.br\/site\/wp-json\/wp\/v2\/categories?post=69168"},{"taxonomy":"post_tag","embeddable":true,"href":"https:\/\/blogdoeloiltoncajuhy.com.br\/site\/wp-json\/wp\/v2\/tags?post=69168"}],"curies":[{"name":"wp","href":"https:\/\/api.w.org\/{rel}","templated":true}]}}