{"id":69163,"date":"2022-10-04T01:40:00","date_gmt":"2022-10-04T04:40:00","guid":{"rendered":"http:\/\/blogdoeloiltoncajuhy.com.br\/site\/?p=69163"},"modified":"2022-10-03T22:08:31","modified_gmt":"2022-10-04T01:08:31","slug":"04-de-outubro-dia-de-sao-francisco-de-assis-e-dia-dos-animais","status":"publish","type":"post","link":"https:\/\/blogdoeloiltoncajuhy.com.br\/site\/04-de-outubro-dia-de-sao-francisco-de-assis-e-dia-dos-animais\/","title":{"rendered":"04 de outubro &#8211; Dia de S\u00e3o Francisco de Assis e Dia dos Animais"},"content":{"rendered":"\n<p>O <strong>Dia de S\u00e3o Francisco de Assis<\/strong> \u00e9 comemorado anualmente em 4 de outubro. A data homenageia um dos santos mais admirados pela comunidade cat\u00f3lica romana. O padroeiro dos animais e da natureza, tamb\u00e9m \u00e9 conhecido por ser o santo dos pobres.<\/p>\n\n\n\n<p class=\"has-black-color has-text-color\"><strong>Hist\u00f3ria de S\u00e3o Francisco de Assis<\/strong><\/p>\n\n\n\n<figure class=\"wp-block-image aligncenter size-full\"><a href=\"https:\/\/i0.wp.com\/blogdoeloiltoncajuhy.com.br\/site\/wp-content\/uploads\/2022\/10\/francisco-de-assis_c.webp\"><img data-recalc-dims=\"1\" fetchpriority=\"high\" decoding=\"async\" width=\"640\" height=\"360\" src=\"https:\/\/i0.wp.com\/blogdoeloiltoncajuhy.com.br\/site\/wp-content\/uploads\/2022\/10\/francisco-de-assis_c.webp?resize=640%2C360\" alt=\"\" class=\"wp-image-69165\" srcset=\"https:\/\/i0.wp.com\/blogdoeloiltoncajuhy.com.br\/site\/wp-content\/uploads\/2022\/10\/francisco-de-assis_c.webp?w=640&amp;ssl=1 640w, https:\/\/i0.wp.com\/blogdoeloiltoncajuhy.com.br\/site\/wp-content\/uploads\/2022\/10\/francisco-de-assis_c.webp?resize=300%2C169&amp;ssl=1 300w\" sizes=\"(max-width: 640px) 100vw, 640px\" \/><\/a><\/figure>\n\n\n\n<p>Francisco nasceu na cidade de Assis, na It\u00e1lia, em 3 de julho de 1182. Filho de Pietro Bernadone e Pica Bourlemont, o jovem, cujo nome de batismo era Giovanni di Pietro di Bernardoni, aproveitou sua inf\u00e2ncia e adolesc\u00eancia desfrutando da riqueza e esbanjando vaidade.<\/p>\n\n\n\n<p>No entanto, ao participar como soldado da guerra entre as cidades de Assis e Peruggia, ele foi capturado e, um ano depois, foi resgatado e ficou doente.<\/p>\n\n\n\n<p>Ele ainda tentou regressar ao ex\u00e9rcito, mas teve um sonho que transformou a sua vida. No sonho, uma voz disse-lhe para &#8220;servir ao amor e ao Servo&#8221;. Foi ent\u00e3o que Francisco de Assis abandonou toda a vida de riquezas e luxo para &#8220;desposar a Senhora Pobreza&#8221;, e come\u00e7ou a meditar em cavernas e igrejas abandonadas.<\/p>\n\n\n\n<p>Num desses momentos, ele recebeu uma vis\u00e3o, que pedia que sua igreja fosse reconstru\u00edda. Assim, come\u00e7ou por aquelas ru\u00ednas e atraiu um grande n\u00famero de jovens que desejavam seguir seus passos.<\/p>\n\n\n\n<p>A fim de meditar melhor sobre o mist\u00e9rio do nascimento de Cristo, S\u00e3o Francisco de Assis teria feito figuras representando S\u00e3o Jos\u00e9, a Virgem Maria e Jesus, construindo o primeiro pres\u00e9pio, que se tornou t\u00e3o popular no Natal.<\/p>\n\n\n\n<p>Mais tarde, em 1224, enquanto meditava no Monte Alverne, S\u00e3o Francisco recebeu os estigmas de Cristo. Os estigmas s\u00e3o as marcas das feridas de Jesus Cristo que aparecem no corpo de algumas pessoas.<\/p>\n\n\n\n<p>S\u00e3o Francisco de Assis faleceu no dia 3 de outubro de 1226 e foi sepultado na Igreja de S\u00e3o Jorge, na cidade de Assis, na It\u00e1lia.<\/p>\n\n\n\n<p>Ap\u00f3s dois anos da sua morte, S\u00e3 Francisco de Assis foi canonizado pelo Papa Greg\u00f3rio IX (1145-1241). Esta ter\u00e1 sido uma das canoniza\u00e7\u00f5es mais r\u00e1pidas da Hist\u00f3ria da Igreja.<\/p>\n\n\n\n<p class=\"has-black-color has-text-color\"><strong>Dia dos Animais<\/strong><\/p>\n\n\n\n<figure class=\"wp-block-image aligncenter size-full\"><a href=\"https:\/\/i0.wp.com\/blogdoeloiltoncajuhy.com.br\/site\/wp-content\/uploads\/2022\/10\/animais_c.webp\"><img data-recalc-dims=\"1\" decoding=\"async\" width=\"640\" height=\"359\" src=\"https:\/\/i0.wp.com\/blogdoeloiltoncajuhy.com.br\/site\/wp-content\/uploads\/2022\/10\/animais_c.webp?resize=640%2C359\" alt=\"\" class=\"wp-image-69164\" srcset=\"https:\/\/i0.wp.com\/blogdoeloiltoncajuhy.com.br\/site\/wp-content\/uploads\/2022\/10\/animais_c.webp?w=640&amp;ssl=1 640w, https:\/\/i0.wp.com\/blogdoeloiltoncajuhy.com.br\/site\/wp-content\/uploads\/2022\/10\/animais_c.webp?resize=300%2C168&amp;ssl=1 300w\" sizes=\"(max-width: 640px) 100vw, 640px\" \/><\/a><\/figure>\n\n\n\n<p>O <strong>Dia dos Animais<\/strong> \u00e9 celebrado anualmente em 4 de outubro no Brasil. A data destaca a import\u00e2ncia que os animais t\u00eam na vida dos seres humanos e do planeta Terra, ressaltando o respeito e o compromisso que todos os seres humanos devem ter com o meio ambiente.<\/p>\n\n\n\n<p>A data \u00e9 amplamente comemorada pela Igreja Cat\u00f3lica, pois nesta data tamb\u00e9m se celebra o <strong>dia de S\u00e3o Francisco de Assis<\/strong>, santo protetor dos animais. Em muitas par\u00f3quias s\u00e3o rezadas missas, onde os donos podem levar seus animais para receberem uma b\u00ean\u00e7\u00e3o especial.<\/p>\n\n\n\n<p class=\"has-black-color has-text-color\"><strong>Origem do Dia dos Animais<\/strong><\/p>\n\n\n\n<p>O Dia dos Animais foi uma data inserida pela pr\u00f3pria Igreja Cat\u00f3lica, e \u00e9 comemorada no dia 4 de outubro, pois \u00e9 a data do nascimento de S\u00e3o Francisco de Assis, padroeiro da Ecologia, e conhecido por ser o protetor dos animais.<\/p>\n\n\n\n<p>S\u00e3o Francisco se referia aos animais como irm\u00e3os e chamava-os de &#8220;irm\u00e3o fera&#8221;, &#8220;irm\u00e3 leoa&#8221; e etc.<\/p>\n","protected":false},"excerpt":{"rendered":"<p>O Dia de S\u00e3o Francisco de Assis \u00e9 comemorado anualmente em 4 de outubro. A data homenageia um dos santos mais admirados pela comunidade cat\u00f3lica romana. O padroeiro dos animais e da natureza, tamb\u00e9m \u00e9 conhecido por ser o santo dos pobres. Hist\u00f3ria de S\u00e3o Francisco de Assis Francisco nasceu na cidade de Assis, na [&hellip;]<\/p>\n","protected":false},"author":2,"featured_media":69165,"comment_status":"open","ping_status":"open","sticky":false,"template":"","format":"standard","meta":{"_acf_changed":false,"_monsterinsights_skip_tracking":false,"_monsterinsights_sitenote_active":false,"_monsterinsights_sitenote_note":"","_monsterinsights_sitenote_category":0,"_jetpack_memberships_contains_paid_content":false,"footnotes":"","jetpack_publicize_message":"","jetpack_publicize_feature_enabled":true,"jetpack_social_post_already_shared":true,"jetpack_social_options":{"image_generator_settings":{"template":"highway","default_image_id":0,"font":"","enabled":false},"version":2}},"categories":[5],"tags":[],"class_list":["post-69163","post","type-post","status-publish","format-standard","has-post-thumbnail","hentry","category-cotidiano"],"acf":[],"jetpack_publicize_connections":[],"jetpack_featured_media_url":"https:\/\/i0.wp.com\/blogdoeloiltoncajuhy.com.br\/site\/wp-content\/uploads\/2022\/10\/francisco-de-assis_c.webp?fit=640%2C360&ssl=1","jetpack_sharing_enabled":true,"publishpress_future_workflow_manual_trigger":{"enabledWorkflows":[]},"_links":{"self":[{"href":"https:\/\/blogdoeloiltoncajuhy.com.br\/site\/wp-json\/wp\/v2\/posts\/69163","targetHints":{"allow":["GET"]}}],"collection":[{"href":"https:\/\/blogdoeloiltoncajuhy.com.br\/site\/wp-json\/wp\/v2\/posts"}],"about":[{"href":"https:\/\/blogdoeloiltoncajuhy.com.br\/site\/wp-json\/wp\/v2\/types\/post"}],"author":[{"embeddable":true,"href":"https:\/\/blogdoeloiltoncajuhy.com.br\/site\/wp-json\/wp\/v2\/users\/2"}],"replies":[{"embeddable":true,"href":"https:\/\/blogdoeloiltoncajuhy.com.br\/site\/wp-json\/wp\/v2\/comments?post=69163"}],"version-history":[{"count":2,"href":"https:\/\/blogdoeloiltoncajuhy.com.br\/site\/wp-json\/wp\/v2\/posts\/69163\/revisions"}],"predecessor-version":[{"id":69167,"href":"https:\/\/blogdoeloiltoncajuhy.com.br\/site\/wp-json\/wp\/v2\/posts\/69163\/revisions\/69167"}],"wp:featuredmedia":[{"embeddable":true,"href":"https:\/\/blogdoeloiltoncajuhy.com.br\/site\/wp-json\/wp\/v2\/media\/69165"}],"wp:attachment":[{"href":"https:\/\/blogdoeloiltoncajuhy.com.br\/site\/wp-json\/wp\/v2\/media?parent=69163"}],"wp:term":[{"taxonomy":"category","embeddable":true,"href":"https:\/\/blogdoeloiltoncajuhy.com.br\/site\/wp-json\/wp\/v2\/categories?post=69163"},{"taxonomy":"post_tag","embeddable":true,"href":"https:\/\/blogdoeloiltoncajuhy.com.br\/site\/wp-json\/wp\/v2\/tags?post=69163"}],"curies":[{"name":"wp","href":"https:\/\/api.w.org\/{rel}","templated":true}]}}