{"id":69158,"date":"2022-10-04T00:20:00","date_gmt":"2022-10-04T03:20:00","guid":{"rendered":"http:\/\/blogdoeloiltoncajuhy.com.br\/site\/?p=69158"},"modified":"2022-10-03T19:41:04","modified_gmt":"2022-10-03T22:41:04","slug":"saiba-quem-foi-general-osorio-que-da-nome-de-rua-em-senhor-do-bonfim","status":"publish","type":"post","link":"https:\/\/blogdoeloiltoncajuhy.com.br\/site\/saiba-quem-foi-general-osorio-que-da-nome-de-rua-em-senhor-do-bonfim\/","title":{"rendered":"Saiba quem foi General Os\u00f3rio, que d\u00e1 nome de rua em Senhor do Bonfim"},"content":{"rendered":"\n<figure class=\"wp-block-image aligncenter size-full is-resized\"><a href=\"https:\/\/i0.wp.com\/blogdoeloiltoncajuhy.com.br\/site\/wp-content\/uploads\/2022\/10\/General-Osorio.jpg\"><img data-recalc-dims=\"1\" fetchpriority=\"high\" decoding=\"async\" src=\"https:\/\/i0.wp.com\/blogdoeloiltoncajuhy.com.br\/site\/wp-content\/uploads\/2022\/10\/General-Osorio.jpg?resize=698%2C489\" alt=\"\" class=\"wp-image-69159\" width=\"698\" height=\"489\" srcset=\"https:\/\/i0.wp.com\/blogdoeloiltoncajuhy.com.br\/site\/wp-content\/uploads\/2022\/10\/General-Osorio.jpg?w=820&amp;ssl=1 820w, https:\/\/i0.wp.com\/blogdoeloiltoncajuhy.com.br\/site\/wp-content\/uploads\/2022\/10\/General-Osorio.jpg?resize=300%2C210&amp;ssl=1 300w, https:\/\/i0.wp.com\/blogdoeloiltoncajuhy.com.br\/site\/wp-content\/uploads\/2022\/10\/General-Osorio.jpg?resize=768%2C538&amp;ssl=1 768w\" sizes=\"(max-width: 698px) 100vw, 698px\" \/><\/a><\/figure>\n\n\n\n<p>Segundo o <strong><em>OI Educa<\/em><\/strong>, <strong>Manuel Lu\u00eds Os\u00f3rio<\/strong>, mais conhecido como <strong>General Os\u00f3rio<\/strong>, nasceu em 10 de maio de 1808, na cidade de Santo Ant\u00f4nio do Arroio, Rio Grande do Sul. Militar e pol\u00edtico ga\u00facho, ingressou na carreira entre os anos de 1822 e 1823, \u00e9poca da Guerra da Independ\u00eancia.<\/p>\n\n\n\n<p>Ajudou a combater as tropas do ex\u00e9rcito portugu\u00eas fixadas na Prov\u00edncia da Cisplatina, al\u00e9m de lutar na Guerra da Cisplatina, ocasi\u00e3o em que foi promovido a tenente na Batalha do Passo do Ros\u00e1rio.<\/p>\n\n\n\n<p>Pela Guerra dos Farrapos, iniciou a luta ao lado dos rebelados. Por\u00e9m, depois da declara\u00e7\u00e3o da Rep\u00fablica Rio-grandense, passou a lutar junto com as tropas imperiais do Brasil.<\/p>\n\n\n\n<p>Participou ainda da Guerra contra Oribe e Rosas, conhecida como batalha de Monte Caseros, entre os anos de 1851 e 1852 e Guerra do Paraguai, entre os anos de 1865 a 1870.<\/p>\n\n\n\n<p>Anos depois foi convidado pelo pr\u00f3prio imperador do Brasil a ocupar uma cadeira no senado, sendo promovido a marechal de ex\u00e9rcito. Em 1878, foi nomeado ministro de guerra, permanecendo no cargo at\u00e9 falecer, em 4 de outubro de 1879, no Rio de Janeiro.<\/p>\n\n\n\n<p>Aqui em Senhor do Bonfim, o militar \u00e9 homenageado com o nome da rua que fica ao no final da Visconde, lado direito, seguindo para a rua Carrapichel.<\/p>\n","protected":false},"excerpt":{"rendered":"<p>Segundo o OI Educa, Manuel Lu\u00eds Os\u00f3rio, mais conhecido como General Os\u00f3rio, nasceu em 10 de maio de 1808, na cidade de Santo Ant\u00f4nio do Arroio, Rio Grande do Sul. Militar e pol\u00edtico ga\u00facho, ingressou na carreira entre os anos de 1822 e 1823, \u00e9poca da Guerra da Independ\u00eancia. Ajudou a combater as tropas do [&hellip;]<\/p>\n","protected":false},"author":2,"featured_media":69159,"comment_status":"open","ping_status":"open","sticky":false,"template":"","format":"standard","meta":{"_acf_changed":false,"_monsterinsights_skip_tracking":false,"_monsterinsights_sitenote_active":false,"_monsterinsights_sitenote_note":"","_monsterinsights_sitenote_category":0,"_jetpack_memberships_contains_paid_content":false,"footnotes":"","jetpack_publicize_message":"","jetpack_publicize_feature_enabled":true,"jetpack_social_post_already_shared":true,"jetpack_social_options":{"image_generator_settings":{"template":"highway","default_image_id":0,"font":"","enabled":false},"version":2}},"categories":[12],"tags":[],"class_list":["post-69158","post","type-post","status-publish","format-standard","has-post-thumbnail","hentry","category-gente-que-faz-a-nossa-historia"],"acf":[],"jetpack_publicize_connections":[],"jetpack_featured_media_url":"https:\/\/i0.wp.com\/blogdoeloiltoncajuhy.com.br\/site\/wp-content\/uploads\/2022\/10\/General-Osorio.jpg?fit=820%2C574&ssl=1","jetpack_sharing_enabled":true,"publishpress_future_workflow_manual_trigger":{"enabledWorkflows":[]},"_links":{"self":[{"href":"https:\/\/blogdoeloiltoncajuhy.com.br\/site\/wp-json\/wp\/v2\/posts\/69158","targetHints":{"allow":["GET"]}}],"collection":[{"href":"https:\/\/blogdoeloiltoncajuhy.com.br\/site\/wp-json\/wp\/v2\/posts"}],"about":[{"href":"https:\/\/blogdoeloiltoncajuhy.com.br\/site\/wp-json\/wp\/v2\/types\/post"}],"author":[{"embeddable":true,"href":"https:\/\/blogdoeloiltoncajuhy.com.br\/site\/wp-json\/wp\/v2\/users\/2"}],"replies":[{"embeddable":true,"href":"https:\/\/blogdoeloiltoncajuhy.com.br\/site\/wp-json\/wp\/v2\/comments?post=69158"}],"version-history":[{"count":2,"href":"https:\/\/blogdoeloiltoncajuhy.com.br\/site\/wp-json\/wp\/v2\/posts\/69158\/revisions"}],"predecessor-version":[{"id":69161,"href":"https:\/\/blogdoeloiltoncajuhy.com.br\/site\/wp-json\/wp\/v2\/posts\/69158\/revisions\/69161"}],"wp:featuredmedia":[{"embeddable":true,"href":"https:\/\/blogdoeloiltoncajuhy.com.br\/site\/wp-json\/wp\/v2\/media\/69159"}],"wp:attachment":[{"href":"https:\/\/blogdoeloiltoncajuhy.com.br\/site\/wp-json\/wp\/v2\/media?parent=69158"}],"wp:term":[{"taxonomy":"category","embeddable":true,"href":"https:\/\/blogdoeloiltoncajuhy.com.br\/site\/wp-json\/wp\/v2\/categories?post=69158"},{"taxonomy":"post_tag","embeddable":true,"href":"https:\/\/blogdoeloiltoncajuhy.com.br\/site\/wp-json\/wp\/v2\/tags?post=69158"}],"curies":[{"name":"wp","href":"https:\/\/api.w.org\/{rel}","templated":true}]}}