{"id":69038,"date":"2022-09-28T08:36:00","date_gmt":"2022-09-28T11:36:00","guid":{"rendered":"http:\/\/blogdoeloiltoncajuhy.com.br\/site\/?p=69038"},"modified":"2022-09-28T08:37:04","modified_gmt":"2022-09-28T11:37:04","slug":"mp-ba-denuncia-sete-suspeitos-de-envolvimento-em-transferencia-fraudulenta-de-veiculos","status":"publish","type":"post","link":"https:\/\/blogdoeloiltoncajuhy.com.br\/site\/mp-ba-denuncia-sete-suspeitos-de-envolvimento-em-transferencia-fraudulenta-de-veiculos\/","title":{"rendered":"MP-BA denuncia sete suspeitos de envolvimento em transfer\u00eancia fraudulenta de ve\u00edculos"},"content":{"rendered":"\n<p class=\"has-text-align-center has-medium-font-size\"><strong>Den\u00fancia \u00e0 Justi\u00e7a foi feita nesta ter\u00e7a-feira (27).<\/strong><\/p>\n\n\n\n<figure class=\"wp-block-image aligncenter size-full is-resized\"><a href=\"https:\/\/i0.wp.com\/blogdoeloiltoncajuhy.com.br\/site\/wp-content\/uploads\/2018\/04\/detran-ba.jpg\"><img data-recalc-dims=\"1\" fetchpriority=\"high\" decoding=\"async\" src=\"https:\/\/i0.wp.com\/blogdoeloiltoncajuhy.com.br\/site\/wp-content\/uploads\/2018\/04\/detran-ba.jpg?resize=738%2C419\" alt=\"\" class=\"wp-image-24740\" width=\"738\" height=\"419\" srcset=\"https:\/\/i0.wp.com\/blogdoeloiltoncajuhy.com.br\/site\/wp-content\/uploads\/2018\/04\/detran-ba.jpg?w=984&amp;ssl=1 984w, https:\/\/i0.wp.com\/blogdoeloiltoncajuhy.com.br\/site\/wp-content\/uploads\/2018\/04\/detran-ba.jpg?resize=300%2C170&amp;ssl=1 300w, https:\/\/i0.wp.com\/blogdoeloiltoncajuhy.com.br\/site\/wp-content\/uploads\/2018\/04\/detran-ba.jpg?resize=768%2C436&amp;ssl=1 768w, https:\/\/i0.wp.com\/blogdoeloiltoncajuhy.com.br\/site\/wp-content\/uploads\/2018\/04\/detran-ba.jpg?resize=250%2C142&amp;ssl=1 250w\" sizes=\"(max-width: 738px) 100vw, 738px\" \/><\/a><figcaption><sub>Detran-BA \u2014 Foto: Reprodu\u00e7\u00e3o\/TV Bahia<\/sub><\/figcaption><\/figure>\n\n\n\n<p>Sete pessoas suspeitas de envolvimento em um <a href=\"https:\/\/g1.globo.com\/ba\/bahia\/noticia\/2022\/02\/11\/tres-mandados-de-busca-e-apreensao-sao-cumpridos-em-operacao-que-apura-esquema-criminoso-no-detran-da-bahia.ghtml\" target=\"_blank\" rel=\"noreferrer noopener\">esquema de subtra\u00e7\u00e3o e transfer\u00eancias de ve\u00edculos mediante fraudes documentais no Departamento Estadual de Tr\u00e2nsito da Bahia (Detran)<\/a> foram denunciadas pelo Grupo de Atua\u00e7\u00e3o Especial de Combate \u00e0s Organiza\u00e7\u00f5es Criminosas do Minist\u00e9rio P\u00fablico estadual (Gaeco) \u00e0 Justi\u00e7a nesta ter\u00e7a-feira (27).<\/p>\n\n\n\n<p>Segundo as investiga\u00e7\u00f5es, eles teriam participado de esquema criminoso que causou um preju\u00edzo de quase R$ 1,5 milh\u00e3o. Esta \u00e9 a terceira den\u00fancia apresentada pelo MP como desdobramento da &#8220;Opera\u00e7\u00e3o Fake Rent&#8221;, que estima um preju\u00edzo superior a R$ 9,5 milh\u00f5es com esse tipo de crime na Bahia.<\/p>\n\n\n\n<p>O Gaeco aponta que o esquema seria articulado por Valdinei dos Santos Luz, que seria o principal articulador e recrutador de pessoas para integrarem a organiza\u00e7\u00e3o criminosa. Ele est\u00e1 preso por participa\u00e7\u00e3o em outras a\u00e7\u00f5es do mesmo tipo.<\/p>\n\n\n\n<p>Al\u00e9m dele, foram denunciados o despachante Eduardo Rebou\u00e7as da Silva, os servidores do Detran F\u00e1bio Santana de Matos, Lucas de Santana Santos e Luana Santos da Silva, e os vistoriadores Jos\u00e9 Carlos Oliveira dos Santos e Nivaldo Silva Vieira Neto, que seriam respons\u00e1veis pela inser\u00e7\u00e3o de dados falsos nos sistemas inform\u00e1ticos, conforme informou o MP-BA.<\/p>\n\n\n\n<p>A den\u00fancia registra ainda que os crimes ocorriam logo ap\u00f3s a loca\u00e7\u00e3o de ve\u00edculos, quando a organiza\u00e7\u00e3o criminosa usava documentos falsos, corrompia agentes p\u00fablicos e inseria dados falsos no sistema inform\u00e1tico do Detran. O grupo tamb\u00e9m transferia a propriedade de autom\u00f3veis alugados para um dos integrantes do esquema, apontaram as investiga\u00e7\u00f5es.<\/p>\n\n\n\n<p class=\"has-black-color has-text-color has-medium-font-size\"><strong>Entenda a opera\u00e7\u00e3o Fake Rent<\/strong><\/p>\n\n\n\n<p>No esquema investigado, pessoas eram cooptadas para alugar ve\u00edculos de grandes locadoras nacionais e estrangeiras. Eram utilizados documentos falsos e despachantes foram acionados para auxiliar.<\/p>\n\n\n\n<p>Al\u00e9m disso, servidores do Detran envolvidos no crime, inseriam dados falsos nos sistemas de inform\u00e1tica do \u00f3rg\u00e3o. Desse modo, os investigados conseguiam transferir ve\u00edculos para laranjas, pessoas falecidas ou terceiros, com dados utilizados sem conhecimento das v\u00edtimas.<\/p>\n\n\n\n<p>A investiga\u00e7\u00e3o apura a ocorr\u00eancia dos crimes de associa\u00e7\u00e3o criminosa, estelionato, falsidades documentais, inser\u00e7\u00e3o de dados falsos nos sistemas inform\u00e1ticos e corrup\u00e7\u00e3o ativa e passiva.<\/p>\n\n\n\n<p class=\"has-black-color has-text-color\"><strong><em>Veja mais not\u00edcias no <a rel=\"noreferrer noopener\" href=\"http:\/\/blogdoeloiltoncajuhy.com.br\/site\/\" target=\"_blank\">Blog do Eloilton Cajuhy.<\/a><\/em><\/strong><\/p>\n","protected":false},"excerpt":{"rendered":"<p>Den\u00fancia \u00e0 Justi\u00e7a foi feita nesta ter\u00e7a-feira (27). Sete pessoas suspeitas de envolvimento em um esquema de subtra\u00e7\u00e3o e transfer\u00eancias de ve\u00edculos mediante fraudes documentais no Departamento Estadual de Tr\u00e2nsito da Bahia (Detran) foram denunciadas pelo Grupo de Atua\u00e7\u00e3o Especial de Combate \u00e0s Organiza\u00e7\u00f5es Criminosas do Minist\u00e9rio P\u00fablico estadual (Gaeco) \u00e0 Justi\u00e7a nesta ter\u00e7a-feira (27). [&hellip;]<\/p>\n","protected":false},"author":2,"featured_media":56110,"comment_status":"open","ping_status":"open","sticky":false,"template":"","format":"standard","meta":{"_acf_changed":false,"_monsterinsights_skip_tracking":false,"_monsterinsights_sitenote_active":false,"_monsterinsights_sitenote_note":"","_monsterinsights_sitenote_category":0,"_jetpack_memberships_contains_paid_content":false,"footnotes":"","jetpack_publicize_message":"","jetpack_publicize_feature_enabled":true,"jetpack_social_post_already_shared":true,"jetpack_social_options":{"image_generator_settings":{"template":"highway","default_image_id":0,"font":"","enabled":false},"version":2}},"categories":[1],"tags":[],"class_list":["post-69038","post","type-post","status-publish","format-standard","has-post-thumbnail","hentry","category-noticias"],"acf":[],"jetpack_publicize_connections":[],"jetpack_featured_media_url":"https:\/\/i0.wp.com\/blogdoeloiltoncajuhy.com.br\/site\/wp-content\/uploads\/2021\/05\/Maio-amarelo_DetranBA.jpg?fit=874%2C577&ssl=1","jetpack_sharing_enabled":true,"publishpress_future_workflow_manual_trigger":{"enabledWorkflows":[]},"_links":{"self":[{"href":"https:\/\/blogdoeloiltoncajuhy.com.br\/site\/wp-json\/wp\/v2\/posts\/69038","targetHints":{"allow":["GET"]}}],"collection":[{"href":"https:\/\/blogdoeloiltoncajuhy.com.br\/site\/wp-json\/wp\/v2\/posts"}],"about":[{"href":"https:\/\/blogdoeloiltoncajuhy.com.br\/site\/wp-json\/wp\/v2\/types\/post"}],"author":[{"embeddable":true,"href":"https:\/\/blogdoeloiltoncajuhy.com.br\/site\/wp-json\/wp\/v2\/users\/2"}],"replies":[{"embeddable":true,"href":"https:\/\/blogdoeloiltoncajuhy.com.br\/site\/wp-json\/wp\/v2\/comments?post=69038"}],"version-history":[{"count":3,"href":"https:\/\/blogdoeloiltoncajuhy.com.br\/site\/wp-json\/wp\/v2\/posts\/69038\/revisions"}],"predecessor-version":[{"id":69041,"href":"https:\/\/blogdoeloiltoncajuhy.com.br\/site\/wp-json\/wp\/v2\/posts\/69038\/revisions\/69041"}],"wp:featuredmedia":[{"embeddable":true,"href":"https:\/\/blogdoeloiltoncajuhy.com.br\/site\/wp-json\/wp\/v2\/media\/56110"}],"wp:attachment":[{"href":"https:\/\/blogdoeloiltoncajuhy.com.br\/site\/wp-json\/wp\/v2\/media?parent=69038"}],"wp:term":[{"taxonomy":"category","embeddable":true,"href":"https:\/\/blogdoeloiltoncajuhy.com.br\/site\/wp-json\/wp\/v2\/categories?post=69038"},{"taxonomy":"post_tag","embeddable":true,"href":"https:\/\/blogdoeloiltoncajuhy.com.br\/site\/wp-json\/wp\/v2\/tags?post=69038"}],"curies":[{"name":"wp","href":"https:\/\/api.w.org\/{rel}","templated":true}]}}